{"id":194,"date":"2009-08-20T15:00:52","date_gmt":"2009-08-20T19:00:52","guid":{"rendered":"http:\/\/sporek.com\/blog\/?p=194"},"modified":"2009-08-20T15:13:07","modified_gmt":"2009-08-20T19:13:07","slug":"nie-na-temat","status":"publish","type":"post","link":"https:\/\/sporek.com\/blog\/?p=194","title":{"rendered":"Nie na temat"},"content":{"rendered":"<p>Widz\u0119, \u017ce niekt\u00f3rzy Czytelnicy-Komentatorzy konsekwentnie odwracaj\u0105 uwag\u0119 reszty od zasadniczego tematu. Artyku\u0142 &#8222;Wywiad, jak (kalna) rzeka&#8221; dotyczy\u0142 wywiadu prezesa PSFUC zamieszczonego w weekendowym (15\/16 sierpnia) Nowym Dzienniku. Zaledwie po drugim, czy trzecim komentarzu wszystko nagle przeniesione zosta\u0142o na p\u0142aszczyzn\u0119 Centrum Polsko-S\u0142owia\u0144skiego. <!--more-->Zupe\u0142nie, jakby komentatorzy (&#8222;wa\u0142esa&#8221;, i &#8222;azaul&#8221; w szczeg\u00f3lno\u015bci), nie przeczytali mojego artyku\u0142u, a jedynie postanowili uzy\u0107 mojego blogu do kolejnej nagonki na B. Kami\u0144sk\u0105 i J. J\u00f3\u017awiaka. Nie oni byli tematem mojego artyku\u0142u. Ich zostawiam sobie do konkretnych pyta\u0144 na rok przysz\u0142y, kiedy to odb\u0119d\u0105 si\u0119 wybory do Centrum Polsko-S\u0142owia\u0144skiego. I mam nadziej\u0119, \u017ce zgodz\u0105 si\u0119 na zadawanie im pyta\u0144 i udziel\u0105 wyczerpuj\u0105cych odpowiedzi.<br \/>\nM\u00f3j artyku\u0142 dotyczy\u0142 wywiadu p. Matyszczyka. A ja mam pytanie do prezesa Unii Kredytowej:<br \/>\nDLACZEGO UNIKA PAN ROZMOWY ZE MN\u0104 I PYTA\u0143, KT\u00d3RE MAM DO PANA?<br \/>\nChcia\u0142bym jasnej deklaracji i wyczerpuj\u0105cych odpowiedzi na nast\u0119puj\u0105ce pytania:<br \/>\n&#8211; dlaczego p. Matyszyk nie przyjmuje moich zaprosze\u0144 do programu telewizyjnego?<br \/>\n&#8211; dlaczego Nowy Dziennik by\u0142 rozdawany za darmo?<br \/>\n&#8211; dlaczego Nowy Dziennik by\u0142 jeszcze w \u015brod\u0119 rozdawany na Boro Park prosto z baga\u017cnika jakiego\u015b tajemniczego dostawcy?<br \/>\n&#8211; dlaczego wyrzucono Krystyn\u0119 Myssur\u0119? Przypomn\u0119, \u017ce prezes uwa\u017ca t\u0119 spraw\u0119 za jedn\u0105 ze swoich pora\u017cek, ale nie by\u0142 uprzejmy wyja\u015bni\u0107 co w\u0142a\u015bciwie z\u0142ego K. Myssura zrobi\u0142a&#8230;<br \/>\n&#8211; dlaczego nie informuje si\u0119 Cz\u0142onk\u00f3w Unii Kredytowej, o opiniach prawnych, jakie nadesz\u0142y z nadrz\u0119dnej instytucji, czyli z NCUA?<br \/>\nCzy dyskutuj\u0105cym Wa\u0142\u0119sie i Azazulowi nie wydaje si\u0119 dziwne rozdawanie Nowego Dziennka za darmo i to tylko w oddzia\u0142ach Unii Kredytowej?<br \/>\nCzy Wa\u0142\u0119sa vel Brz\u0119czyszczykiewicz\u00a0 (chyba pan uwa\u017ca blogowicz\u00f3w za idiot\u00f3w, s\u0105dz\u0105c, \u017ce uwierz\u0105 w to pa\u0144skie &#8222;odkrycie sie&#8221;?) i Azazul nie widz\u0105 problem\u00f3w w Unii?<br \/>\nA mnie wydaje si\u0119 oburzaj\u0105ce szastanie cz\u0142onkowskimi pieni\u0119dzmi na takie wydatki.<br \/>\nKto\u015b, kto wypu\u015bci\u0142 na rynek pismo &#8222;Unia &#8211; Polonia&#8221;, -czy to by\u0142a jedna osoba, czy grupa -nie wydawali cz\u0142onkowskich pieniedzy.<br \/>\nAle prezes Matyszczyk mo\u017ce zadecydowa\u0107 o wykupieniu ca\u0142ego nak\u0142adu i mo\u017ce jeszcze dodrukowaniu, skoro rozdawano to trzy dni po faktycznej dacie wydania? \u0141atwo wydaje si\u0119 cz\u0142onkowskie pieni\u0105dze, co panie prezesie? A o tym, \u017ce by\u0142 rozdawany w \u015brod\u0119 zakomunikowa\u0142 s\u0142uchacz Radia Rytm, dzwoni\u0105c podczas audycji , w ktorej akurat bra\u0142em udzia\u0142.<br \/>\nCzy Panom Wa\u0142\u0119sie i Azazulowi (panowie to, czy panie, B\u00f3g wie&#8230;?) nie wydaje si\u0119 karygodne, \u017ceby m\u0142ody urz\u0119dnik Unii Kredytowej gania\u0142 69-letni\u0105 Polk\u0119, (kt\u00f3ra chcia\u0142a za\u0142o\u017cy\u0107 konto) z McGuinnes Bld, na Kent Street i z powrotem, bo ta pani nie chcia\u0142a zadeklarowa\u0107 swoich dziesi\u0119ciu dolar\u00f3w ani dla Copiague ani dla Clark, a w\u0142a\u015bnie na Cetrum? M\u0142ody urz\u0119dnik usilnie wpycha\u0142 jej te dwie pozagreenpoinckie organizacje, ale kosa trafi\u0142a na kamie\u0144; pani chcia\u0142a tylko na Centrum. <strong><em>No to jazda, niech pani sobie zrobi spacerek, jest tylko 85 stopni w cieniu, &#8211; niech pani osobi\u015bcie wp\u0142aci dych\u0119 w Centrum, potem prosz\u0119 wr\u00f3ci<\/em>\u0107, to \u0142askawie za\u0142o\u017c\u0119 pani konto&#8221;<\/strong><strong><em>.<\/em><\/strong><br \/>\nI to jest w\u0142a\u015bnie &#8222;Unia trudne czasy&#8230;&#8221;, o czym tak pi\u0119knie babla\u0142 pan prezes w wywiadzie. Czy to by\u0142a inicjatywa m\u0142odego urz\u0119dnika, czy odg\u00f3rny nakaz? A mo\u017ce panowie Wa\u0142\u0119sa i Azazul skomentuj\u0105 ten dziwny wybryk?<br \/>\nJe\u015bli s\u0105 to zarz\u0105dzenia, to mamy do czynienia z \u0142amaniem statutu i prawa jednocze\u015bnie. Ale przede wszystkim mamy do czynienia z chamstwem, kt\u00f3re je\u015bli by\u0142o zarz\u0105dzone przez w\u0142adze Unii powinno by\u0107 napi\u0119tnowane z ca\u0142\u0105 moc\u0105 i stanowczo\u015bci\u0105, a je\u015bli by\u0142o inicjatyw\u0105 m\u0142odego urz\u0119dnika, to powinien on wylecie\u0107 z pracy.<br \/>\nPrezesi za\u015b, wydaj\u0105cy takie polecenia pracownikom nie powinni by\u0107 prezesami ani chwili d\u0142u\u017cej.<br \/>\nI teraz mamy \u015bwietn\u0105 okazj\u0119, aby ich usun\u0105\u0107. S\u0105 wybory. My\u015bl\u0119, \u017ce kategorycznie na ka\u017cdym balocie do glosowania powinna by\u0107 kratka z informacj\u0105: &#8222;<em>ilo\u015b<\/em>\u0107<em> oddanych g\u0142os\u00f3w&#8221;<\/em>.<br \/>\nJe\u015bli takiej kratki nie b\u0119dzie, to co si\u0119 b\u0119dzie dzia\u0142o z kartami, kt\u00f3re b\u0119d\u0105 zawiera\u0107 tylko jedno skre\u015blenie? Ot\u00f3\u017c takie karty b\u0119d\u0105 znakomitym materia\u0142em do &#8222;dog\u0142osowania&#8221; po otwarciu na kogo si\u0119 chce, a konkretnie b\u0119d\u0105 to mog\u0142y zrobi\u0107 osoby oddelegowane przez Uni\u0119 do liczenia g\u0142os\u00f3w. Sytuacja dwuznaczna, kt\u00f3ra rzuci olbrzymi cie\u0144 na uczciwo\u015b\u0107 wybor\u00f3w. Tam powinni by\u0107 &#8222;m\u0119\u017cowie zaufania&#8221;.<br \/>\nKolejn\u0105 spraw\u0105 jest weryfikowanie podpis\u00f3w pod naszymi petycjami: kto weryfikuje te podpisy i wed\u0142ug jakich zasad? Je\u015bli weryfikacj\u0119 b\u0119d\u0105 przeprowada\u0107 pracownicy Unii, to przy odrzuceniu mojej petycji za\u017c\u0105dam opinii bieg\u0142ego grafologa. Zap\u0142ac\u0119 za jego us\u0142ug\u0119. Kilka lat temu ponad dwie\u015bcie z podpis\u00f3w pod moimi petycjami zosta\u0142o odrzucone. Czy to oznacza, \u017ce ponad dwie\u015bcie ludzi nie powinno przeprowadzi\u0107 \u017cadnej transakcji w naszej Unii, bo zrobili laseczk\u0119 nie w t\u0119 stron\u0119? Moim zdaniem, ju\u017c samo podanie swojego nazwiska i adresu powinno by\u0107 wystarczaj\u0105cym dowodem, \u017ce dany cz\u0142onek chce, aby pan X, czy Y zosta\u0142 jego kandydatem, czy nie mam racji? Niekt\u00f3re podpisy zosta\u0142y, jako wzory z\u0142o\u017cone kilkadziesi\u0105t lat temu. Ludzie si\u0119 starzej\u0105, sk\u0142adanie podpis\u00f3w odbywa si\u0119 w trudnych warunkach; nie ma sto\u0142\u00f3w, wieje wiatr, jest po\u015bpiech itd, itp.<br \/>\nMam kilka rad do Cz\u0142onk\u00f3w, kt\u00f3rzy b\u0119d\u0105 glosowa\u0107:<br \/>\n1- nie odhacza\u0107 kratek przy nazwiskach Baumgartner, Kajewska-Pielarz, Sza\u0142yga i Zawisny. Odfajkowa\u0107 cztery z nazwisk od numeru 5 (pi\u0105tego) w d\u00f3\u0142 kartki.<br \/>\n2- nie poddawa\u0107 si\u0119 namowom do g\u0142osowania w &#8222;budkach&#8221; komputerowych, je\u015bli nie znaj\u0105 Pa\u0144stwo obs\u0142ugi komputera. Dorady i porady pracownik\u00f3w Unii b\u0119d\u0105 Was kierowa\u0142y wy\u0142\u0105cznie w stron\u0119 oddania g\u0142os\u00f3w na czterech kandydat\u00f3w wystawionych przez rad\u0119 dyrektor\u00f3w.<br \/>\n3- nie lekcewa\u017cy\u0107 tych wybor\u00f3w. Jeste\u015bmy &#8211; wbrew zapewnieniom prezesa &#8211; w niezwykle newralgicznym momencie dla naszej Unii.<br \/>\nUwierzcie mi: CENTRUM NIE JEST \u017bADNYM PROBLEMEM. TAM NIE MA PIENI\u0118DZY.<br \/>\nProblemem jest dyktatura p. Matyszczyka i kompletnie przeciwpolonijne dzia\u0142anie tych dyryektor\u00f3w, kt\u00f3rzy mu przyklaskuj\u0105.<br \/>\nTe wybory s\u0105 du\u017co wa\u017cniejsze, ni\u017c jakiekolwiek dotychczas.<\/p>\n<p>A teraz do &#8222;Komentator\u00f3w&#8221;:<br \/>\nJakakolwiek pr\u00f3ba przerzucenia tematu na Centrum w komentarzach pod tym artyku\u0142em b\u0119dzie natychmiast likwidowana. Nie zgodz\u0119 si\u0119, aby ten blog by\u0142 poligonem dla dewiacji polegaj\u0105cej na nagonce na dwie osoby, kt\u00f3rym NIGDY nie udowodniono przekr\u0119t\u00f3w finansowych, a kt\u00f3re przede wszystkim nie maj\u0105 nic wsp\u00f3lnego z wyborami do rady dyrektor\u00f3w Polsko-S\u0142owia\u0144skiej Federalnej Unii Kredytowej. Nie maj\u0105 sensu komentarze, kt\u00f3re m\u00f3wi\u0105, \u017ce: &#8222;skoro ju\u017c nie za dawne szwindle, to trzeba ich wyrzuci\u0107 za to, \u017ce w og\u00f3le s\u0105 dyrektorami Centrum&#8221;. Taki mniej, wi\u0119cej komentarz znalaz\u0142 si\u0119 w poprzednim artykule i jest on po pierwsze g\u0142upi, po drugie nie wnosi niczego do og\u00f3lnej dyskusji. Co\u015b panom gdzie\u015b &#8222;brz\u0119czy&#8221;, co\u015b gdzie\u015b &#8222;szczyka&#8221; i wychodz\u0105 potem takie &#8222;brz\u0119czyszczyki&#8221;.<br \/>\nZatem, kto zmieni temat musi pami\u0119ta\u0107, \u017ce cho\u0107by napisa\u0142 najpi\u0119kniej na temat Centrum Polsko-S\u0142owia\u0144skiego, czy B. Kami\u0144skiej, albo J. J\u00f3\u017awiaka, zostanie usuni\u0119ty.<\/p>\n","protected":false},"excerpt":{"rendered":"<p>Widz\u0119, \u017ce niekt\u00f3rzy Czytelnicy-Komentatorzy konsekwentnie odwracaj\u0105 uwag\u0119 reszty od zasadniczego tematu. Artyku\u0142 &#8222;Wywiad, jak (kalna) rzeka&#8221; dotyczy\u0142 wywiadu prezesa PSFUC zamieszczonego w weekendowym (15\/16 sierpnia) Nowym Dzienniku. Zaledwie po drugim, czy trzecim komentarzu wszystko nagle przeniesione zosta\u0142o na p\u0142aszczyzn\u0119 Centrum Polsko-S\u0142owia\u0144skiego.<\/p>\n","protected":false},"author":2,"featured_media":0,"comment_status":"open","ping_status":"open","sticky":false,"template":"","format":"standard","meta":[],"categories":[3],"tags":[],"_links":{"self":[{"href":"https:\/\/sporek.com\/blog\/index.php?rest_route=\/wp\/v2\/posts\/194"}],"collection":[{"href":"https:\/\/sporek.com\/blog\/index.php?rest_route=\/wp\/v2\/posts"}],"about":[{"href":"https:\/\/sporek.com\/blog\/index.php?rest_route=\/wp\/v2\/types\/post"}],"author":[{"embeddable":true,"href":"https:\/\/sporek.com\/blog\/index.php?rest_route=\/wp\/v2\/users\/2"}],"replies":[{"embeddable":true,"href":"https:\/\/sporek.com\/blog\/index.php?rest_route=%2Fwp%2Fv2%2Fcomments&post=194"}],"version-history":[{"count":0,"href":"https:\/\/sporek.com\/blog\/index.php?rest_route=\/wp\/v2\/posts\/194\/revisions"}],"wp:attachment":[{"href":"https:\/\/sporek.com\/blog\/index.php?rest_route=%2Fwp%2Fv2%2Fmedia&parent=194"}],"wp:term":[{"taxonomy":"category","embeddable":true,"href":"https:\/\/sporek.com\/blog\/index.php?rest_route=%2Fwp%2Fv2%2Fcategories&post=194"},{"taxonomy":"post_tag","embeddable":true,"href":"https:\/\/sporek.com\/blog\/index.php?rest_route=%2Fwp%2Fv2%2Ftags&post=194"}],"curies":[{"name":"wp","href":"https:\/\/api.w.org\/{rel}","templated":true}]}}