{"id":197,"date":"2009-09-09T14:46:05","date_gmt":"2009-09-09T18:46:05","guid":{"rendered":"http:\/\/sporek.com\/blog\/?p=197"},"modified":"2009-12-01T08:06:36","modified_gmt":"2009-12-01T12:06:36","slug":"uderz-w-stol","status":"publish","type":"post","link":"https:\/\/sporek.com\/blog\/?p=197","title":{"rendered":"Uderz w st\u00f3\u0142&#8230;"},"content":{"rendered":"<p>Konia z rz\u0119dem ka\u017cdemu, kto w moim artykule pt: &#8222;Ludzie i&#8230;&#8221; doczyta si\u0119 stwierdzenia, \u017ce moi znajomi widzieli portret Hitlera u Pana Pawelca. Ani raz nie wskaza\u0142em Jego nazwiska, jako tego, kt\u00f3ry powiesi\u0142 sobie portret Fuhrera w swoim pokoju. <!--more-->Tymczasem ten\u017ce Pan Pawelec, ni st\u0105d, ni z\u0105w\u0105d wypiera si\u0119 tego faktu obrzucaj\u0105c mnie imiennie b\u0142otem w imi\u0119 patriotycznych intencji. Ani raz nie stwierdzi\u0142em, \u017ce to jego brat by\u0142 &#8222;wysokim oficerem Ludowego Wojska Polskiego&#8221;.\u00a0 Sk\u0105d wi\u0119c to t\u0142umaczenie si\u0119 przed opini\u0105 publiczn\u0105&#8230;?<\/p>\n<p>Nie b\u0119d\u0119 ju\u017c komentowa\u0142 wysokiego poziomu polszczyzny szefa Patriotycznego Klubu Dyskusyjnego, bo, jak sam twierdzi, &#8222;pisze dla ludzi inteligentnych, a nie dla mato\u0142\u00f3w&#8221;.<\/p>\n<p>No c\u00f3\u017c, stare, polskie przys\u0142owie &#8222;uderz w st\u00f3\u0142, a no\u017cyce si\u0119 odezw\u0105&#8221; znalaz\u0142o tu fantastyczne wr\u0119cz zastosowanie.<\/p>\n<p>Pan Pawelec potwierdzi\u0142 r\u00f3wnie\u017c (s\u0105dz\u0119, \u017ce nie\u015bwiadomie) fakt, kt\u00f3rego istnienia wypar\u0142 si\u0119 patrz\u0105c mi w oczy, mianowicie, \u017ce zasiada\u0142 w owej feralnej komisji nominacyjnej Centrum Polsko-S\u0142owia\u0144skiego, gdy pono\u0107, jako &#8222;mi\u0119so armatnie&#8221; kandydowa\u0142em do funkcji kierownika kulturalnego CPS. To w\u0142a\u015bnie Pan Pawelec na moje pytanie odpowiedzia\u0142 ostro, niczym ubek &#8222;my tu zadajemy pytania&#8221;. W swoim artykule nazywa on ten gest &#8222;skr\u00f3ceniem mojej m\u0119ki&#8221; (rozumiem, \u017ce chodzi\u0142o o m\u0119k\u0119 rozmowy z komisj\u0105). A wi\u0119c jednak to by\u0142 Pan. A ju\u017c uwierzy\u0142em, \u017ce Pana tam nie by\u0142o, kiedy rok temu przyszed\u0142 Pan do mnie prosz\u0105c, abym u\u017cyczy\u0142 Panu mojego &#8222;ogromnego (jak Pan to nazwa\u0142) autorytetu w\u015br\u00f3d Polonii&#8221; do walki z Centrum. I wtedy zapyta\u0142em Pana: &#8222;jak to,- Pan chce, \u017cebym go wspiera\u0142, a przecie\u017c potraktowa\u0142 mnie Pan jak ubek przed komisj\u0105?&#8221;. I co Pan wtedy zrobi\u0142? Przysi\u0105g\u0142 Pan, \u017ce nie zasiada\u0142 w owej komisji. No, c\u00f3\u017c, mo\u017cna i tak &#8211; Pan nazywa to &#8222;stygmatem Judasza&#8221; i s\u0142usznie. Ale w ko\u0144cu nieopacznie si\u0119 Pan przyzna\u0142. Puszczam mimo uszu i oczu Pana kloaczn\u0105 literatur\u0119 na m\u00f3j temat, natomiast chc\u0119 Pana zapewni\u0107, \u017ce dysponuj\u0119 nazwiskami i numerami telefon\u00f3w tych w\u0142a\u015bnie &#8222;Rodak\u00f3w&#8221;, kt\u00f3rzy widzieli to, co widzieli. Prosz\u0119 tylko poda\u0107 mnie do s\u0105du, a zobaczy Pan Ich nazwiska i Ich we w\u0142asnych osobach, jako \u015bwiadk\u00f3w.<\/p>\n<p>Acha, i jeszcze jedno:\u00a0 Czy to prawda, \u017ce kilka lat temu wys\u0142a\u0142 Pan list do jednego z dzia\u0142aczy Zwi\u0105zku \u015apiewak\u00f3w Polskich, aby znalaz\u0142 Panu jakie\u015b haki na m\u00f3j temat proponuj\u0105c kilka tysi\u0119cy dolar\u00f3w za t\u0119 us\u0142ug\u0119? Tylko, b\u0142agam, niech Pan od\u015bwie\u017cy sobie dobrze swoj\u0105 pami\u0119\u0107, bo ten cz\u0142owiek powiadomi\u0142 mnie o tym kilka lat temu, a ja nie mialem w\u00f3wczas najmniejszej ochoty zajmowa\u0107 si\u0119 tak prymitywnie ohydn\u0105 spraw\u0105. Ten cz\u0142owiek jest, mam jego numer telefonu, nazwisko, adres, e-mail, itp. Ma\u0142o tego, po serii Pa\u0144skich &#8222;wznios\u0142ych&#8221; artyku\u0142\u00f3w na m\u00f3j temat postanowi\u0142 przypomnie\u0107 mi si\u0119 i r\u00f3wnie\u017c zagwarantowa\u0142, \u017ce je\u015bli b\u0119dzie trzeba z\u0142o\u017cy odpowiednie o\u015bwiadczenie.<\/p>\n<p>Dlaczego nie podaj\u0119 nazwisk? Bo nie chc\u0119 publicznie miesza\u0107 w t\u0119 gnoj\u00f3wk\u0119 ludzi, kt\u00f3rzy maj\u0105 szlachetno\u015b\u0107 w sobie i dalecy s\u0105 od pod\u0142ych intryg, zw\u0142aszcza&#8230;za pieni\u0105dze.<\/p>\n<p>Podobno zosta\u0142 Pan namaszczony przez jakie\u015b polskie organizacje funkcj\u0105 jakiego\u015b koordynatora d\/s Polonii&#8230;czy czego\u015b w tym rodzaju&#8230;? To chyba wybryk natury.<\/p>\n<p>Wi\u0119c niech sobie Pan tworzy swoj\u0105 literatur\u0119. Nie dbam o to.<\/p>\n<p>PS: Prosz\u0119 o\u015bwieci\u0107 swojego loeg\u0119 z Waszej nad wyraz &#8222;patriotycznej&#8221; strony, niejakiego Terleckiego, \u017ce zanim oskar\u017cy mnie ponownie o wzi\u0119cie po\u017cyczek z kilku bank\u00f3w niech si\u0119 dobrze zastanowi. Za pom\u00f3wienia gro\u017c\u0105 tu niez\u0142e kary. W tym &#8222;szambie&#8221;, jak Pan to nazywa tworzycie niez\u0142\u0105 par\u0119 niedouczonych hydraulik\u00f3w. Daj Bo\u017ce zdrowie.<\/p>\n","protected":false},"excerpt":{"rendered":"<p>Konia z rz\u0119dem ka\u017cdemu, kto w moim artykule pt: &#8222;Ludzie i&#8230;&#8221; doczyta si\u0119 stwierdzenia, \u017ce moi znajomi widzieli portret Hitlera u Pana Pawelca. Ani raz nie wskaza\u0142em Jego nazwiska, jako tego, kt\u00f3ry powiesi\u0142 sobie portret Fuhrera w swoim pokoju.<\/p>\n","protected":false},"author":2,"featured_media":0,"comment_status":"open","ping_status":"open","sticky":false,"template":"","format":"standard","meta":[],"categories":[3],"tags":[],"_links":{"self":[{"href":"https:\/\/sporek.com\/blog\/index.php?rest_route=\/wp\/v2\/posts\/197"}],"collection":[{"href":"https:\/\/sporek.com\/blog\/index.php?rest_route=\/wp\/v2\/posts"}],"about":[{"href":"https:\/\/sporek.com\/blog\/index.php?rest_route=\/wp\/v2\/types\/post"}],"author":[{"embeddable":true,"href":"https:\/\/sporek.com\/blog\/index.php?rest_route=\/wp\/v2\/users\/2"}],"replies":[{"embeddable":true,"href":"https:\/\/sporek.com\/blog\/index.php?rest_route=%2Fwp%2Fv2%2Fcomments&post=197"}],"version-history":[{"count":0,"href":"https:\/\/sporek.com\/blog\/index.php?rest_route=\/wp\/v2\/posts\/197\/revisions"}],"wp:attachment":[{"href":"https:\/\/sporek.com\/blog\/index.php?rest_route=%2Fwp%2Fv2%2Fmedia&parent=197"}],"wp:term":[{"taxonomy":"category","embeddable":true,"href":"https:\/\/sporek.com\/blog\/index.php?rest_route=%2Fwp%2Fv2%2Fcategories&post=197"},{"taxonomy":"post_tag","embeddable":true,"href":"https:\/\/sporek.com\/blog\/index.php?rest_route=%2Fwp%2Fv2%2Ftags&post=197"}],"curies":[{"name":"wp","href":"https:\/\/api.w.org\/{rel}","templated":true}]}}