{"id":198,"date":"2009-09-12T16:10:30","date_gmt":"2009-09-12T20:10:30","guid":{"rendered":"http:\/\/sporek.com\/blog\/?p=198"},"modified":"2009-09-12T16:19:57","modified_gmt":"2009-09-12T20:19:57","slug":"de-mago-kracja","status":"publish","type":"post","link":"https:\/\/sporek.com\/blog\/?p=198","title":{"rendered":"De -mago-kracja"},"content":{"rendered":"<p class=\"MsoNormal\"><span style=\"font-family: Verdana\"><font size=\"2\">Od pi\u0105tku, 11 wrze\u015bnia wiadomo jest ilu \u0142\u0105cznie -nominowanych i niezale\u017cnych -kandydat\u00f3w do Rady Dy<\/font><\/span><span style=\"font-family: Verdana\"><font size=\"2\">rektor<\/font><\/span><span style=\"font-family: Verdana\"><font size=\"2\">\u00f3w PSFUK b\u0119dzie wystawionych do g\u0142owosania. Przypomn\u0119: nominowanych jest czterech, &#8222;niezale\u017cnych&#8221;, kt\u00f3rzy musieli zbiera\u0107 podpisy jest sze\u015bciu, czyli razem <strong>DZIESI\u0118CIU<\/strong>.<\/font><\/span><\/p>\n<p class=\"MsoNormal\"><span style=\"font-family: Verdana\"><font size=\"2\">Nie przeszkadza to w\u0142adcom Unii Kredytowej nadal wmawia\u0107 Cz\u0142onkom, \u017ce kandydat\u00f3w jest czterech i oni w\u0142a\u015bnie s\u0105 \u201enajlepsi\u201d&#8230;<\/font><\/span><!--more--><\/p>\n<p class=\"MsoNormal\"><span style=\"font-family: Verdana\"><font size=\"2\">Sobota, 12 wrze\u015bnia godzina 10:40. Telefon w moim biurze: <\/font><\/span><\/p>\n<p class=\"MsoNormal\"><span style=\"font-family: Verdana\"><font size=\"2\">-Prosz\u0119 pana zr\u00f3bcie co\u015b z tym &#8211; przecie\u017c od wczoraj wiadomo, \u017ce jest dziesi\u0119ciu kandydat\u00f3w, bo zatwierdzili wam podpisy.<\/font><\/span><\/p>\n<p class=\"MsoNormal\"><span style=\"font-family: Verdana\"><font size=\"2\">-Z czym zatem mamy \u201ecos\u201d zrobi\u0107? &#8211; pytam.<\/font><\/span><\/p>\n<p class=\"MsoNormal\"><span style=\"font-family: Verdana\"><font size=\"2\">-No, panie <\/font><\/span><span style=\"font-family: Verdana\"><font size=\"2\">Jan<\/font><\/span><span style=\"font-family: Verdana\"><font size=\"2\">uszu, do cholery, jestem teraz w oddziale na Ridgewood. Specjalnie tu przyjecha\u0142em, bo widzia\u0142em to na Maspeth i jest to samo.<\/font><\/span><\/p>\n<p class=\"MsoNormal\"><span style=\"font-family: Verdana\"><font size=\"2\">-Ale co?<\/font><\/span><\/p>\n<p class=\"MsoNormal\"><span style=\"font-family: Verdana\"><font size=\"2\">-Du\u017ca plansza z tymi czterema \u201enajlepszymi\u201d &#8211; twardog\u0142owymi wali po oczach. No to si\u0119 rozgl\u0105dam, gdzie reszta i znalaz\u0142em na tablicy og\u0142osze\u0144 kartk\u0119 formatu listowego i normalnym drukiem komunikat, \u017ce s\u0105 jeszcze ni\u017cej wymienieni kandydaci. Wszystko napisane 12-tk\u0105 (regularna wielko\u015b\u0107 liter do pisania pism, przyp. moje). I to jest demokracja, panie <\/font><\/span><span style=\"font-family: Verdana\"><font size=\"2\">Jan<\/font><\/span><span style=\"font-family: Verdana\"><font size=\"2\">uszu? Niech no pan sprawdzi na McGuinnes.<\/font><\/span><\/p>\n<p class=\"MsoNormal\"><span style=\"font-family: Verdana\"><font size=\"2\">-Dzi\u0119kuj\u0119, sprawdz\u0119.<\/font><\/span><\/p>\n<p class=\"MsoNormal\"><span style=\"font-family: Verdana\"><font size=\"2\">Nie b\u0119d\u0119 cytowa\u0142 reszty komentarza tego pana, bo by\u0142 straszliwie wzburzony i po prostu nie nadaje si\u0119 to do cytowania. Nie mog\u0142em jednak pojecha\u0107 natychmiast, ale przyspieszy\u0142em troch\u0119 prac\u0119, \u017ceby zd\u0105\u017cy\u0107 przed godzin\u0105 15-t\u0105. Pojecha\u0142em do siedziby Unii przy McGuinnes Blvd. Na schodach zastanawiam si\u0119, czy ledwie widoczny tekst przyklejony do szyby drzwi to lista \u201eniezale\u017cnych\u201d. Tak. Wchodz\u0119 do \u015brodka, rozgl\u0105dam si\u0119 i dopiero po zrobieniu obrotu o 180 stopni dostrzeg\u0142em tak\u0105 sam\u0105 kartk\u0119 w gablocie\u00a0 z og\u0142oszeniami, kompletnie niewidoczn\u0105, bo w szybie odbija\u0142o si\u0119 \u015bwiat\u0142o jarzeni\u00f3wy. Wchodz\u0119 dalej, ju\u017c do pomieszcze\u0144 z kasami, a tu w oczy wali, wsparta na tr\u00f3jnogu, przed biurkiem stra\u017cnika kolorowa plansza, wielko\u015bci conajmniej 14 x 24 cale z wiadomym tekstem o \u201eczterech najlepszych\u201d i oczywi\u015bcie ich kolorowymi fotografiami. Kartki z \u201eniezale\u017cnymi\u201d w tym pomieszczeniu nie znalaz\u0142em nigdzie. Kasjerki te\u017c nie wpycha\u0142y jej klientom do r\u0105k. Za to na ekranie \u201epok\u0142adowego\u201d telewizora z regularno\u015bci\u0105 szwajcarskiego zegarka pokazuj\u0105 si\u0119 twarze \u201enajlepszych\u201d z tekstem namawiaj\u0105cym do g\u0142osowania na nich, ale oczywi\u015bcie naszych, czyli &#8222;niezale\u017cnych&#8221;, zdj\u0119<\/font><\/span><span style=\"font-family: Verdana\"><font size=\"2\">\u0107<\/font><\/span><span style=\"font-family: Verdana\"><font size=\"2\"> si\u0119 nie pokazuje, cho<\/font><\/span><span style=\"font-family: Verdana\"><font size=\"2\">\u0107 s\u0105 do dyspozycji od dnia, kiedy sko\u0144czyli\u015bmy zbiera<\/font><\/span><span style=\"font-family: Verdana\"><font size=\"2\">\u0107 podpisy, czyli 1 wrze\u015bnia. Przez prawie dwa tygodnie spece od reklamy w Unii Kredytowej, zarabiaj\u0105cy ci\u0119\u017ckie pieni\u0105dze nie przygotowali si\u0119 do faktu, \u017ce sze\u015bciu &#8222;niezale\u017cnych&#8221; mog\u0142oby mie<\/font><\/span><span style=\"font-family: Verdana\"><font size=\"2\">\u0107 prawdziwe podpisy na swoich petycjach. A mo\u017ce pan prezes spodziewa\u0142 si\u0119, \u017ce wszyscy b\u0119dziemy mie<\/font><\/span><span style=\"font-family: Verdana\"><font size=\"2\">\u0107 podpisy s\u0142afszowane&#8230;?<\/font><\/span><\/p>\n<p class=\"MsoNormal\"><span style=\"font-family: Verdana\"><font size=\"2\">Za\u017c\u0105da\u0142em widzenia z menad\u017cerem pe\u0142ni\u0105cym sobotni dy\u017cur. \u201eJest na lanchu, wr\u00f3ci za p\u00f3\u0142 godziny\u201d. <\/font><\/span><\/p>\n<p class=\"MsoNormal\"><span style=\"font-family: Verdana\"><font size=\"2\">-Dzi\u0119kuj\u0119, poczekam. <\/font><\/span><\/p>\n<p class=\"MsoNormal\"><span style=\"font-family: Verdana\"><font size=\"2\">Te p\u00f3\u0142 godziny wykorzysta\u0142em najpierw na zrobienie zdj\u0119<\/font><\/span><span style=\"font-family: Verdana\"><font size=\"2\">\u0107 obydwu dokument\u00f3w z jednym z weekendowych dziennik\u00f3w w tle, jako dow\u00f3d, \u017ce by\u0142o zrobione 12 wrze\u015bnia, a p\u00f3\u017aniej <\/font><\/span><span style=\"font-family: Verdana\"><font size=\"2\">na obserwacj\u0119 wchodz\u0105cych i wychodz\u0105cych, zak\u0142adaj\u0105c, \u017ce ja dostrzeg\u0142em t\u0119 kartk\u0119, bo jej szuka\u0142em, ale co z lud\u017ami, kt\u00f3rzy jej nie szukaj\u0105&#8230;? Przy okazji bardzo dzi\u0119kuj\u0119 panu, kt\u00f3ry z ogromnym oburzeniem na zaistnia\u0142\u0105 sytuacj\u0119 potrzyma\u0142 mi stron\u0119 tytu\u0142ow\u0105 gazety, tak, aby by\u0142a widoczna w kadrze.<br \/>\n<\/font><\/span><\/p>\n<p class=\"MsoNormal\"><span style=\"font-family: Verdana\"><font size=\"2\">Stoj\u0105c wewn\u0105trz obserwowa\u0142em, przy czym dzwudziestu dw\u00f3m osobom wchodz\u0105cym zada\u0142em pytanie: \u201eCzy widzia\u0142y list\u0119 kandydat\u00f3w niezale\u017cnych na drzwiach?\u201d. Nikt tej kartki nie zauwa\u017cy\u0142. Wychodz\u0105cych nie musia\u0142em pyta\u0107, bo \u017caden z nich nawet nie zbli\u017cy\u0142 si\u0119 do gabloty z og\u0142oszeniami.<\/font><\/span><\/p>\n<p class=\"MsoNormal\"><span style=\"font-family: Verdana\"><font size=\"2\">Po p\u00f3\u0142 godzinie przyszed\u0142 menad\u017cer i poprosi\u0142em go, aby usun\u0105\u0142 kolorow\u0105 plansz\u0119 reklamuj\u0105c\u0105 Baumgartner, Kajewsk\u0105-Pielarz, Sza\u0142yg\u0119 i Zawisnego. Pan Tomek bardzo grzecznie mi wyt\u0142umaczy\u0142, \u017ce nie mo\u017ce zmienia\u0107 zarz\u0105dze\u0144 generalnego \u201cmenad\u017cmentu\u201d i naprawd\u0119 nie mo\u017ce spe\u0142nii\u0107 mojej pro\u015bby. Nasza rozmowa odby\u0142a si\u0119 w jego gabinecie, &#8211; nie mia\u0142em ochoty na robienie mu awantury przy ludziach, bo przecie\u017c to nie on decyduje.<\/font><\/span><\/p>\n<p class=\"MsoNormal\"><span style=\"font-family: Verdana\"><font size=\"2\">Poprosi\u0142em, aby potraktowa\u0142 moj\u0105 wizyt\u0119, jako oficjaln\u0105 skarg\u0119 ustn\u0105 na pogwa\u0142cenie przepis\u00f3w o <\/font><\/span><span style=\"font-family: Verdana\"><font size=\"2\">demokratycznych <\/font><\/span><span style=\"font-family: Verdana\"><font size=\"2\">wyborach i dyskryminowaniu popartych przez Cz\u0142onk\u00f3w, kandydat\u00f3w niezale\u017cnych oraz pogwa\u0142cenie zasad dzia\u0142ania Unii Kredytorwych, jako organizacji, ktorej w\u0142a\u015bcicielami s\u0105 CZ\u0141ONKOWIE, a nie \u201emenad\u017cment\u201d. Obieca\u0142, \u017ce w poniedzia\u0142ek b\u0119dzie to pierwsza sprawa, ktor\u0105 zg\u0142osi dy<\/font><\/span><span style=\"font-family: Verdana\"><font size=\"2\">rektor<\/font><\/span><span style=\"font-family: Verdana\"><font size=\"2\">owi wykonawczemu, Bogdanowi Chmielewskiemu.<\/font><\/span><\/p>\n<p class=\"MsoNormal\"><span style=\"font-family: Verdana\"><font size=\"2\">Sprawa ta \u015bwiadczy (podobnie, jak przypadek Krystyny Myssury) o nieznajomo\u015bci praw rz\u0105dz\u0105cych uniami kredytowymi, czyli o braku kompetencji dyrektor\u00f3w. \u015awiadczy te\u017c o tym, \u017ce pan Chmielewski w spos\u00f3b \u015bwiadomy \u0142amie to, co ma zapisane w kontrakcie, a co dotyczny JEGO wy\u0142\u0105cznej odpowiedzialno\u015bci za prowadzenie naszej Unii w zgodzie z prawem. I nawet, je\u015bli otrzyma\u0142 takie polecenie od Rady dy<\/font><\/span><span style=\"font-family: Verdana\"><font size=\"2\">rektor<\/font><\/span><span style=\"font-family: Verdana\"><font size=\"2\">\u00f3w, czy samego jej prezesa, &#8211; jego psim obowi\u0105zkiem jest odpowiedzie\u0107: \u201enie wykonam, bo to jest niezgodne z prawem.\u201d Natomiast wymieniona wy\u017cej po nazwiskach \u201eczw\u00f3rka najlepszych\u201d, akceptuj\u0105c tego rodzaju reklam\u0119, wykazuje kompletny brak honoru i uczciwo\u015bci. Wsp\u00f3lnie z grup\u0105 prezesa Matyszczyka, to w\u0142a\u015bnie oni dziel\u0105 Poloni\u0119 na lepszych i gorszych; \u201enajlepszych\u201d i \u201emarginalnych\u201d. I tu dochodz\u0119 do najwi\u0119kszego paradoksu \u015bwiadcz\u0105cego o ca\u0142kowitym lekcewa\u017ceniu woli Cz\u0142onk\u00f3w oraz etyce tych ludzi r\u00f3wnej zeru. Ot\u00f3\u017c, mimo zatwierdzenia podpis\u00f3w namawia si\u0119 Cz\u0142onk\u00f3w do g\u0142osowania wy\u0142\u0105cznie na czterech, pob\u0142ogos\u0142awionych przez Ks. Chr\u00f3\u015bciela i reszt\u0119 komisji nominacyjnej kandydat\u00f3w. Paradoks ten pog\u0142\u0119bia fakt, \u017ce my: <strong>Tomasz BORTNIK, Adam GROCHECKI, Andrzej JASI\u0143SKI, Pawe\u0142 PACHACZ, Stanley TROJANIAK i ni\u017cej podpisany, <\/strong><\/font><\/span><strong><span style=\"font-family: Verdana\"><font size=\"2\">Jan<\/font><\/span><\/strong><span style=\"font-family: Verdana\"><font size=\"2\"><strong>usz SPOREK<\/strong> otrzymali\u015bmy mandat zaufania od ponad dziewi\u0119ciu tysi\u0119cy (9,000 !!!) Cz\u0142onk\u00f3w, kt\u00f3rzy z\u0142o\u017cyli sw\u00f3j podpis pod naszymi petycjami. <strong>Dok\u0142adnie 9,413 podpis\u00f3w !!!<\/strong> Czyli dwa razy wi\u0119cej, ni\u017c bra\u0142o udzia\u0142 w jakichkolwiek, dotychczasowych wyborach, bo \u015brednia jest pomi\u0119dzy 3,5 &#8211; 4 tysi\u0105ce. <\/font><\/span><\/p>\n<p><span style=\"font-family: Verdana\"><font size=\"2\">To nie b\u0119dzie donos, to b\u0119dzie oficjalne pismo do NCUA, z za\u0142\u0105czonymi zdj\u0119ciami, o dyskryminacji jednych i faworyzowaniu innych, \u0142amaniu demokracji z jednoczesnym pos\u0142ugiwaniem si\u0119 spo\u0142ecznymi pieni\u0119dzmi i ludzk\u0105 prac\u0105, bo kto\u015b to wszystko przygotowa\u0142, by\u0142 za to p\u0142acony, wydano pieni\u0105dze na drukowanie tych plakat\u00f3w. <\/font><\/span><span style=\"font-family: Verdana\"><font size=\"2\">Kasjerki marnowa\u0142y czas na wr\u0119czanie ulotek, cho\u0107 90% z nich nie mia\u0142o na to ochoty. Dyktatura to ma do siebie, \u017ce nie trwa wiecznie. Koniec obecnej w naszej Unii jest coraz bli\u017cszy. <\/font><\/span><\/p>\n","protected":false},"excerpt":{"rendered":"<p>Od pi\u0105tku, 11 wrze\u015bnia wiadomo jest ilu \u0142\u0105cznie -nominowanych i niezale\u017cnych -kandydat\u00f3w do Rady Dyrektor\u00f3w PSFUK b\u0119dzie wystawionych do g\u0142owosania. Przypomn\u0119: nominowanych jest czterech, &#8222;niezale\u017cnych&#8221;, kt\u00f3rzy musieli zbiera\u0107 podpisy jest sze\u015bciu, czyli razem DZIESI\u0118CIU. Nie przeszkadza to w\u0142adcom Unii Kredytowej nadal wmawia\u0107 Cz\u0142onkom, \u017ce kandydat\u00f3w jest czterech i oni w\u0142a\u015bnie s\u0105 \u201enajlepsi\u201d&#8230;<\/p>\n","protected":false},"author":2,"featured_media":0,"comment_status":"open","ping_status":"open","sticky":false,"template":"","format":"standard","meta":[],"categories":[3],"tags":[],"_links":{"self":[{"href":"https:\/\/sporek.com\/blog\/index.php?rest_route=\/wp\/v2\/posts\/198"}],"collection":[{"href":"https:\/\/sporek.com\/blog\/index.php?rest_route=\/wp\/v2\/posts"}],"about":[{"href":"https:\/\/sporek.com\/blog\/index.php?rest_route=\/wp\/v2\/types\/post"}],"author":[{"embeddable":true,"href":"https:\/\/sporek.com\/blog\/index.php?rest_route=\/wp\/v2\/users\/2"}],"replies":[{"embeddable":true,"href":"https:\/\/sporek.com\/blog\/index.php?rest_route=%2Fwp%2Fv2%2Fcomments&post=198"}],"version-history":[{"count":0,"href":"https:\/\/sporek.com\/blog\/index.php?rest_route=\/wp\/v2\/posts\/198\/revisions"}],"wp:attachment":[{"href":"https:\/\/sporek.com\/blog\/index.php?rest_route=%2Fwp%2Fv2%2Fmedia&parent=198"}],"wp:term":[{"taxonomy":"category","embeddable":true,"href":"https:\/\/sporek.com\/blog\/index.php?rest_route=%2Fwp%2Fv2%2Fcategories&post=198"},{"taxonomy":"post_tag","embeddable":true,"href":"https:\/\/sporek.com\/blog\/index.php?rest_route=%2Fwp%2Fv2%2Ftags&post=198"}],"curies":[{"name":"wp","href":"https:\/\/api.w.org\/{rel}","templated":true}]}}