{"id":199,"date":"2009-09-14T11:48:19","date_gmt":"2009-09-14T15:48:19","guid":{"rendered":"http:\/\/sporek.com\/blog\/?p=199"},"modified":"2009-09-14T12:42:22","modified_gmt":"2009-09-14T16:42:22","slug":"kompetencje-m-zawisnego","status":"publish","type":"post","link":"https:\/\/sporek.com\/blog\/?p=199","title":{"rendered":"Kompetencje M. Zawisnego"},"content":{"rendered":"<p><font size=\"2\">Prezes Matyszczyk i dyrektor Wykonawczy, Bogdan Chmielewski m\u00f3wi\u0105, \u017ce jest &#8222;najlepszym kandydatem&#8221;. Czy\u017cby?<\/font><!--more--><font size=\"2\">\u00a0 Super Express i&#8230;Nowy Dziennik (zawsze my\u015bla\u0142em, \u017ce to jednak r\u00f3\u017cny poziom) opublikowa\u0142y wywiad z mec. Markiem Zawisnym. W pewnym momencie pan mecenas kryguje si\u0119, \u017ce nie chcia\u0142by sie wypowiada<span style=\"font-family: Verdana\">\u0107 na temat innych kandydat\u00f3w, po czym stwierdza, \u017ce skoro pani dziennikarka pyta, to powie. No i paple, \u017ce najwi\u0119kszym minusem Adama Grocheckiego, jako kandydata jest to, \u017ce nale\u017cy do Rady Dyrektor\u00f3w CPS, zapominaj\u0105c, \u017ce z wyboru cz\u0142onk\u00f3w. Jak na prawnika, niez\u0142a interpretacja<\/span>. Zapomnia\u0142, \u017ce ogromnym plusem Pana Grocheckiego jest to, \u017ce w przeciwie\u0144stwie do mecenasa jest bankowcem z ameryka\u0144skim wykszta\u0142ceniem i praktyk\u0105. Zapomnia\u0142, \u017ce ogromnym plusem Pana Grocheckiego jest to, \u017ce doprowadzi\u0142 do przyznania Polskiej Szkole Sobotniej im. Marii Konopnickiej statusu &#8222;non-for-profit&#8221;.\u00a0 Zaraz po &#8222;rozprawieniu si\u0119 z Panem Grocheckim mec. Zawisny przechodzi do mnie i stwierdza, \u017ce mnie nie powinno si\u0119 powierza<span style=\"font-family: Verdana\">\u0107<\/span> cz\u0142onkowskich pieni\u0119dzy, bo kiedy\u015b og\u0142osi\u0142em upad\u0142o\u015b<span style=\"font-family: Verdana\">\u0107. I s\u0142usznie, Marku. Ja absolutnie nie chc\u0119, aby ktokolwiek powierza\u0142 mi czlonkowskie pieni\u0105dze, to jest urojone uprawnienie obecnych cz\u0142onk\u00f3w Rady Dyrektor\u00f3w i Twoje, jako kandydata, gdy tymczasem od tego s\u0105 urz\u0119dnicy zatrudnieni w naszej (?) Unii Kredytowej. Ja chc\u0119 te pieni\u0105dze ochroni<\/span><span style=\"font-family: Verdana\">\u0107 przed takimi &#8222;specjalistami&#8221;, jak Ty, a b\u0119d\u0105c cz\u0142onkiem Rady Dyrektor\u00f3w bed\u0119 mia\u0142 ku temu mo\u017cliwo\u015b<\/span><span style=\"font-family: Verdana\">\u0107. Wiesz dlaczego? &#8211; Bo nie wierz\u0119 w ani jedno s\u0142owo Twoich &#8222;szlachetnych&#8221; deklaracji o mi\u0142o\u015bci do Polonii. Powody? Prosz\u0119 uprzejmie:<br \/>\nKiedy sprowadza\u0142em Zesp\u00f3\u0142 Pie\u015bni i Ta\u0144ca &#8222;\u015al\u0105sk&#8221;, zwr\u00f3ci\u0142em si\u0119 do Ciebie z pytaniem o mo\u017cliwo\u015b<\/span><span style=\"font-family: Verdana\">\u0107 jakiego\u015b istotnego sponsorowania, bo koszty tego przedsi\u0119wzi\u0119cia by\u0142y przeogromne. By\u0142e\u015b wtedy prezesem&#8230;<br \/>\nPami\u0119tasz, co mi poradzi\u0142e\u015b?<br \/>\n-Ot\u00f3\u017c poradzi\u0142e\u015b mi beztrosko:&#8230;<em>Dogadaj si\u0119 z jakim\u015b znajomym ksi\u0119dzem. Nie jeste\u015b &#8222;non-for-profit&#8221;, to nie mo\u017cemy ci da<\/em><\/span><span style=\"font-family: Verdana\">\u0107 <em>wi\u0119cej, ni\u017c 1,500, ale <\/em><\/span><span style=\"font-family: Verdana\"><em>Parafie s\u0105 &#8222;niedochodowe&#8221;, to powiedz ksi\u0119dzu, \u017ceby ci podpisa\u0142, \u017ce ty robisz ten koncert z parafi\u0105, i wtedy wyst\u0105picie o dotacj\u0119: damy wam z 15 tysi\u0119cy, zostawisz parafii 5 tysi\u0119cy i masz 10 tysi\u0119cy na koncert&#8230;<br \/>\n<\/em>Zapyta\u0142em Ci\u0119, czy to jest legalne, &#8211; powiedzia\u0142e\u015b &#8222;Oczywi\u015bcie&#8221;.<br \/>\nBy\u0142em na tyle g\u0142upi, \u017ce uwierzy\u0142em i poszed\u0142em do proboszcza G\u00f3rowskiego. Proboszcz ani nie by\u0142 bankowcem, ani c\u017c\u0142onkiem rady dyrektor\u00f3w, ale gdy us\u0142ysza\u0142, co mu proponuj\u0119, chcia\u0142 mnie przegoni<\/span><span style=\"font-family: Verdana\">\u0107 z kancelarii m\u00f3wi\u0105c: <em>&#8222;Czy ty sobie zdajesz spraw\u0119, co mi proponujesz? <\/em><\/span><em>Czy ty wiesz, \u017ce proponujesz mi oszustwo? Jak ja mam zaksi\u0119gowa<span style=\"font-family: Verdana\">\u0107 15 tysi\u0119cy, da<\/span><span style=\"font-family: Verdana\">\u0107 ci 10 i co mam wpisa<\/span><span style=\"font-family: Verdana\">\u0107 w ksi\u0119gi, \u017ce ko\u015bci\u00f3\u0142 nagle organizuje koncerty na Broadway&#8217;u? Kto ci podsun\u0105\u0142 takie rozwi\u0105zanie?<\/span><\/em><br \/>\nProboszcz G\u00f3rowski nie chcia\u0142 wi\u0119cej ze mna rozmawia<span style=\"font-family: Verdana\">\u0107 i poprosi\u0142, \u017cebym wyszed\u0142. Ca\u0142e szcz\u0119\u015bcie nasza dobra znajomo\u015b<\/span><span style=\"font-family: Verdana\">\u0107 nie ucierpia\u0142a na tym incydencie, ale wtedy usun\u0105\u0142em mu si\u0119 z drogi. Nigdy do Ciebie nie wr\u00f3ci\u0142em z prostej obawy, \u017ce wymy\u015blisz jakie\u015b nast\u0119pne &#8222;niez\u0142e&#8221; rozwi\u0105zanie. Ciekaw jestem, co na to powiedzia\u0142by ksi\u0105dz Chru\u015bciel&#8230;?<br \/>\nWi\u0119c, jako ten kt\u00f3remu mamy powierzy<\/span><span style=\"font-family: Verdana\">\u0107 nasze pieni\u0105dze jeste\u015b dla mnie absolutnie niewiarygodny i zaufania do Ciebie nie mam za grosz.<br \/>\n-Nat\u0119pna sprawa, kt\u00f3ra r\u00f3wnie\u017c ogranicza mocno moje zaufanie do Ciebie, podwa\u017caj\u0105c w dodatku Twoje zawodowe kwalifikacje:<br \/>\nOto cytat z Daily News &#8211; Wednesday, November 16, 2005: Chodzi o spraw\u0119 Roberta De Niro&#8230;<br \/>\n<strong>&#8222;<\/strong><\/span><strong>Assistant District Attorney Anne Schwartz never mentioned the Academy Award-winning actor by name, referring to De Niro instead as &#8222;the victim.&#8221; <span style=\"font-family: 'Times New Roman'\">De <span style=\"font-family: Verdana\">Niro&#8217;s identity was disclosed by another defense attorney, Mark Zawisny&#8230;&#8221;<\/span><\/span><\/strong><span style=\"font-family: Verdana\"><br \/>\n<span style=\"font-family: Verdana\">W t\u0142umaczeniu:<strong> &#8222;Asystent Prrokuratora Okr\u0119gowego, Anne Schwartz nigdy nie wymieni\u0142a nazwiska laureata Oskara zamiast tego zwraca\u0142a si\u0119 do niego, u\u017cywaj\u0105c s\u0142owa &#8222;ofiara&#8221;. Nazwisko DeNiro zosta\u0142o ujawnione przez adwokata-obro\u0144c\u0119, Marka Zawisnego&#8221;.<\/strong><br \/>\nPokaza\u0142y si\u0119 wtedy w polonijnej prasie (NDz. na pierwszej stronie) Twoje zdj\u0119cia z artyku\u0142ami, jaki jeste\u015b aktywny w obronie Polki, kt\u00f3ra by\u0142a oskar\u017cona o okradzenie wielkiego aktora. Mnie by\u0142o wstyd, \u017ce to Polka, a Ty zrobi\u0142e\u015b sobie reklam\u0119 kosztem De Niro. Nigdy nie powierzy\u0142bym Ci \u017cadnej sprawy. A&#8230;zdaje si\u0119, \u017ce wtedy te\u017c mia\u0142e\u015b problem z etyk\u0105 w Unii kredytowej&#8230;? Czy mo\u017ce si\u0119 myl\u0119&#8230;? A mo\u017ce masz jaki\u015b dokument stwierdzaj\u0105cy, \u017ce NCUA zamkn\u0119\u0142o ju\u017c Twoj\u0105 spraw\u0119 o z\u0142amanie kodu etycznego? No to pochwal si\u0119.<br \/>\n<br style=\"font-family: Verdana\" \/><\/span><span style=\"font-family: Verdana\">-Nast\u0119pna kwestia: Jak mo\u017cesz m\u00f3wi<\/span>\u0107<\/span>, \u017ce nie mia\u0142e\u015b TV Antenna, skoro Twoi ludzie przychodzili do mnie, \u017cebym reklamowa\u0142 w niej moj\u0105 szko\u0142\u0119?<\/font><\/p>\n<p><font size=\"2\">-Kwestia kolejna: Pami\u0119tasz s\u0142awetny festiwal na Greenpoincie, kt\u00f3ry organizowa\u0142e\u015b wesp\u00f3\u0142 z armi\u0105 zatrudnionych specjalnie do tego ludzi? A pami\u0119tasz ilu artyst\u00f3w nie otrzyma\u0142o wtedy wynagrodzenia? A pami\u0119tasz, \u017ce ja r\u00f3wnie\u017c nie dosta\u0142em zap\u0142aty za moj\u0105 prac\u0119? Wszystko by\u0142o obiecane. Arty\u015bci i ja wykonali\u015bmy nasz\u0105 prac\u0119. Pyta\u0142em Ci\u0119 z dziesi\u0119<span style=\"font-family: Verdana\">\u0107 razy, co z t\u0105 spraw\u0105? Rozk\u0142ada\u0142e\u015b r\u0119ce, \u017ce nie ma pieni\u0119dzy. Napisa\u0142em pismo do Pani Danuty Siemi\u0144skiej. Otrzyma\u0142em odpowied\u017a, \u017ce nie jest to sprawa Unii, lecz organizacji, kt\u00f3ra zosta\u0142a specjalnie stworzona na okazj\u0119 festiwalu. Ta dziwna &#8222;organizacja&#8221; otrzyma\u0142a bardzo wysokie dofinansowanie z Unii. <\/span><\/font><\/p>\n<p><font size=\"2\"><span style=\"font-family: Verdana\">To wiesz co Ci powiem, \u017ce w\u0142a\u015bnie, jako cz\u0142onek Rady Dyrektor\u00f3w chcia\u0142bym nasz\u0105 Uni\u0119 ustrzec przed takimi &#8222;specjalnie na okazj\u0119&#8221; tworzonymi organizacjami.<\/span><\/font><\/p>\n<p><font size=\"2\">-No i ostatnia sprawa: rogada\u0142e\u015b si\u0119 niesamowicie na temat mojego bankructwa; jako prawnik wiesz, \u017ce nie jest to przest\u0119pstwo (a mo\u017ce nie wiesz&#8230;?). Nieco si\u0119 jednak zap\u0119dzi\u0142e\u015b\u00a0 w ok\u0142amywaniu opinii publicznej stwierdzaj\u0105c, \u017ce narazi\u0142em Uni\u0119 Kredytow\u0105 na straty w wysoko\u015bci <strong>&#8222;kilkudziesi\u0119ciu tysi\u0119cy dolar\u00f3w&#8221;<\/strong>. Powiem Ci, \u017ce jeste\u015b kompletnie niewiarygodny. A wystarczy\u0142o zajrze<span style=\"font-family: Verdana\">\u0107 na stron\u0119 &#8222;S\u0105du Upad\u0142o\u015bciowego&#8221;, albo sprawdzi<\/span><\/font><font size=\"2\"><span style=\"font-family: Verdana\">\u0107 w Unii<\/span><\/font><font size=\"2\"><span style=\"font-family: Verdana\"> i dowiedzia\u0142by\u015b si\u0119, \u017ce z 20 tysi\u0119cy, kt\u00f3re po\u017cyczy\u0142em sp\u0142aci\u0142em Unii ponad siedem tysi\u0119cy plus procent (11%, dla przypomnienia), a s\u0105d zwolni\u0142 mnie z p\u0142acenia reszty, czyli niespe\u0142na trzynastu tysi\u0119cy. Dla kandydata na dyrektora banku, Marka Zawisnego <strong>&#8222;na\u015bcie&#8221;<\/strong>\u00a0 <strong>znaczy &#8222;kilkadziesi\u0105t&#8221;<\/strong>. Precyzja godna &#8222;prawnika-ekonomisty&#8221;.<\/span> Naj\u0142atwiej jest podnie\u015b<span style=\"font-family: Verdana\">\u0107, jak najci\u0119\u017cszy kamie\u0144 i waln\u0105<\/span><span style=\"font-family: Verdana\">\u0107. I my mamy &#8222;powierzy<\/span><\/font><font size=\"2\"><span style=\"font-family: Verdana\">\u0107 Ci nasze pieni\u0105dze&#8230;?<\/span><\/font><font size=\"2\"><span style=\"font-family: Verdana\"><\/span><br \/>\nNierzetelno\u015b<span style=\"font-family: Verdana\">\u0107 Marka Zawisnego mog\u0119 zrozumie<\/span><span style=\"font-family: Verdana\">\u0107, bo walczy, jak lew, aby zn\u00f3w &#8222;powierz<\/span><span style=\"font-family: Verdana\">ono&#8221; mu nasze pieni\u0105dze. Nie mog\u0119 jednak zrozumie<\/span><span style=\"font-family: Verdana\">\u0107 nierzetelno\u015bci dw\u00f3ch gazet, kt\u00f3re w tej materii absolutnie zr\u00f3wna\u0142y si\u0119 poziomem. Czy nie lepiej jest co\u015b sprawdzi<\/span><span style=\"font-family: Verdana\">\u0107 czasem? Gdyby si\u0119 by\u0142o dziennikarzem z prawdziwego zdarzenia, to by si\u0119 tak zrobi\u0142o. Ale po co, skoro si\u0119 nie jest&#8230;? Monopol NDz. zapewnia codzienne wydania, sensacje Super Expressu te\u017c. Ciekaw jestem, czy nazwisko dziennikarki Terleckiej ma co\u015b wsp\u00f3lnego z niejakim Terleckim, kt\u00f3ry na pewnej stronie Internetowej sugerowa\u0142, \u017ce najpierw nabra\u0142em po\u017cyczek w kilku bankach, a potem og\u0142osilem bankructwo<\/span>. My\u015bla\u0142em, \u017ce \u015bwi\u0144stwa s\u0105 domen\u0105 indywidu\u00f3w z wyko\u015blawiona psychik\u0105, pe\u0142n\u0105 kompleks\u00f3w. Pomyli\u0142em si\u0119; te dwie gazety te\u017c to maj\u0105.<br \/>\nNo, c\u00f3\u017c &#8211; pomyli<span style=\"font-family: Verdana\">\u0107 si\u0119, ludzka rzecz.<br \/>\n<\/span><\/font><span style=\"font-family: Verdana\"><\/span><\/p>\n","protected":false},"excerpt":{"rendered":"<p>Prezes Matyszczyk i dyrektor Wykonawczy, Bogdan Chmielewski m\u00f3wi\u0105, \u017ce jest &#8222;najlepszym kandydatem&#8221;. Czy\u017cby?<\/p>\n","protected":false},"author":2,"featured_media":0,"comment_status":"open","ping_status":"open","sticky":false,"template":"","format":"standard","meta":[],"categories":[3],"tags":[],"_links":{"self":[{"href":"https:\/\/sporek.com\/blog\/index.php?rest_route=\/wp\/v2\/posts\/199"}],"collection":[{"href":"https:\/\/sporek.com\/blog\/index.php?rest_route=\/wp\/v2\/posts"}],"about":[{"href":"https:\/\/sporek.com\/blog\/index.php?rest_route=\/wp\/v2\/types\/post"}],"author":[{"embeddable":true,"href":"https:\/\/sporek.com\/blog\/index.php?rest_route=\/wp\/v2\/users\/2"}],"replies":[{"embeddable":true,"href":"https:\/\/sporek.com\/blog\/index.php?rest_route=%2Fwp%2Fv2%2Fcomments&post=199"}],"version-history":[{"count":0,"href":"https:\/\/sporek.com\/blog\/index.php?rest_route=\/wp\/v2\/posts\/199\/revisions"}],"wp:attachment":[{"href":"https:\/\/sporek.com\/blog\/index.php?rest_route=%2Fwp%2Fv2%2Fmedia&parent=199"}],"wp:term":[{"taxonomy":"category","embeddable":true,"href":"https:\/\/sporek.com\/blog\/index.php?rest_route=%2Fwp%2Fv2%2Fcategories&post=199"},{"taxonomy":"post_tag","embeddable":true,"href":"https:\/\/sporek.com\/blog\/index.php?rest_route=%2Fwp%2Fv2%2Ftags&post=199"}],"curies":[{"name":"wp","href":"https:\/\/api.w.org\/{rel}","templated":true}]}}