{"id":20,"date":"2007-06-24T15:00:08","date_gmt":"2007-06-24T19:00:08","guid":{"rendered":"http:\/\/sporek.com\/blog\/?p=20"},"modified":"2007-09-22T12:08:17","modified_gmt":"2007-09-22T16:08:17","slug":"polonijne-metamorfozy-odc-2-cps","status":"publish","type":"post","link":"https:\/\/sporek.com\/blog\/?p=20","title":{"rendered":"Polonijne Metamorfozy &#8211; Odc. 2 CPS"},"content":{"rendered":"<p goog_ds_charIndex=\"34\"><span goog_ds_charIndex=\"35\" style=\"font-family: Arial\" lang=\"PL\"><span goog_ds_charIndex=\"36\" style=\"font-family: Arial\" lang=\"PL\">CPS, czyli Centrum Polsko-S\u0142owia\u0144skie. <\/span><span goog_ds_charIndex=\"77\" style=\"font-family: Arial\" lang=\"PL\">Moje kontakty z t\u0105 instytucj\u0105 &#8211; kolejn\u0105 po Unii Kredytowej, najwi\u0119ksz\u0105 polonijn\u0105 organizacj\u0105 na \u015bwiecie -, zacz\u0119\u0142y si\u0119 do\u015b<span goog_ds_charIndex=\"200\" class=\"postbody\">\u0107 niefortunnie: Gdzie\u015b w pocz\u0105tkach lat 90-tych zg\u0142osi\u0142em si\u0119 do zacnego i wielce szanowanego Ojca Zembrzuskiego, b\u0119d\u0105cego na\u00f3wczas jednym z dyrektor\u00f3w CPS, a przedtem inicjatora i \u201eg\u0142\u00f3wnego dowodz\u0105cego\u201d budowy \u201ePolskiej Cz\u0119stochowy\u201d. Z zawodu Paulin, dzia\u0142a\u0142 niezwykle aktywnie w Polonii i wszyscy go cenili, &#8211; ja te\u017c.<\/span><\/span><span goog_ds_charIndex=\"522\" class=\"postbody\"><span goog_ds_charIndex=\"523\" style=\"font-family: Arial\" lang=\"PL\">Zg\u0142osi\u0142em si\u0119, kr\u00f3tko przedstawiaj\u0105c m\u00f3j polski dorobek artystyczny i do\u015bwiadczenia pedagogiczne w pracy z m\u0142odzie\u017c\u0105, zapytuj\u0105c, czy nie znalaz\u0142oby si\u0119 jakie\u015b zaj\u0119cie z m\u0142odzie\u017c\u0105 na polu artystycznym. Po prostu roznosi\u0142o mnie od \u015brodka na tych wszystkich kontraktorkach i chcia\u0142em czego\u015b w moim fachu wreszcie.<!--more--><\/span><\/span><\/span><\/p>\n<p goog_ds_charIndex=\"34\"><span goog_ds_charIndex=\"35\" style=\"font-family: Arial\" lang=\"PL\"><span goog_ds_charIndex=\"522\" class=\"postbody\"><span goog_ds_charIndex=\"523\" style=\"font-family: Arial\" lang=\"PL\">Niestety, nie\u017cyj\u0105cy ju\u017c dzi\u015b, a w\u00f3wczas tryskaj\u0105cy energi\u0105 Ojciec Zembrzuski o\u015bwiadczy\u0142 mi, \u017ce akurat tego typu fachowiec nie jest w Centrum do niczego potrzebny, wi\u0119c rozstali\u015bmy si\u0119 w zgodzie i wzajemnym szacunku. Za\u0142o\u017cy\u0142em sobie w\u0142asn\u0105 szko\u0142\u0119 muzyczn\u0105, czyli <em goog_ds_charIndex=\"1098\">nie ma tego z\u0142ego, co by na dobre nie wysz\u0142o. <\/em>\u00a0Ponadto zacz\u0105\u0142em ostro dyrygowa\u0107 ch\u00f3rem Hejna\u0142 i sam Ojciec od czasu, do czasu gratulowa\u0142 mi jakiego\u015b tam wyst\u0119pu ku czci i okazji. <\/span><\/span><span goog_ds_charIndex=\"1281\" class=\"postbody\"><span goog_ds_charIndex=\"1282\" style=\"font-family: Arial\" lang=\"PL\">Centrum akurat ko\u0144czy\u0142o remont adaptacyjny by\u0142ego ko\u015bcio\u0142a przy 177 Kent Street, a g\u0142\u00f3wnym wykonawc\u0105 by\u0142 przedwcze\u015bnie zmar\u0142y Andrzej B\u0105k, kt\u00f3rego bardzo lubi\u0142em, cho\u0107by za to, \u017ce kiedy by\u0142em \u201ena construction\u201d da\u0142 mi robot\u0119 w pi\u0119knym ko\u015bci\u00f3\u0142ku na Manhattanie: malowanie okien. Andrzej wiedzia\u0142, \u017ce jestem muzykiem, ale w przeciwie\u0144stwie do innych przem\u0105drza\u0142ych kontraktor\u00f3w, ktorzy na wie\u015b\u0107 o mojej profesji od razu szeregowali mnie do po\u0142owy stawki innych roboli, da\u0142 mi pe\u0142n\u0105, r\u00f3wn\u0105 swoim fachowcom od p\u0119dzla stawk\u0119 osiemm \u201ezielonych\u201d, co wtedy (1987\/88), by\u0142o kup\u0105 forsy. <\/span><\/span><span goog_ds_charIndex=\"1861\" class=\"postbody\"><span goog_ds_charIndex=\"1862\" style=\"font-family: Arial\" lang=\"PL\">Dyrektorem CPS by\u0142 niejaki Wojciech Juszczak, ale wola\u0142 si\u0119 przedstawia\u0107, jako Adalbert, a w dodatku doktor (tzn. nie ten od leczenia, ale od polonistyki chyba, czy od historii, licho go wie, nie wnika\u0142em). Jak ju\u017c tak by\u0142o bli\u017cej ko\u0144ca Andrzejowego remontu, to ten\u017ce Adalbert da\u0142 niesamowity wywiad do jednej z gazet, z kt\u00f3rego pewien by\u0142em, \u017ce wreszcie mo\u017ce b\u0119dzie zapotrzebowanie na moj fach, no bo m\u00f3wi\u0142, \u017ce bed\u0105: k\u00f3\u0142ka zainteresowa\u0144 dla mlodzie\u017cy; artystyczne, fotograficzne, b\u0119dzie biblioteka, czytelnia, kluby, modelarnie. Chryste, co tam nie mia\u0142o by\u0107. Ostatecznie znowu moje do\u015bwiadczenia z Polski okaza\u0142y si\u0119 niewystarczaj\u0105ce.\u00a0<\/span><\/span><span goog_ds_charIndex=\"2502\" class=\"postbody\"><span goog_ds_charIndex=\"2503\" style=\"font-family: Arial\" lang=\"PL\">Skupia\u0142em si\u0119 wi\u0119c coraz bardziej na mojej szkole, ale niebawem dowiedzia\u0142em si\u0119, oczywi\u015bcie z gazet, \u017ce w Centrum uruchomiono zaj\u0119cia z dzie\u0107mi i m\u0142odzie\u017c\u0105 typu w\u0142a\u015bnie artystycznego. Szefow\u0105 zosta\u0142a moja dobra, niestety, nie\u017cyj\u0105ca ju\u017c kole\u017canka po artystycznym fachu, Ewa Piernik. Niegdy\u015b tancerka w zespole \u015al\u0105sk, ktorej m\u0105\u017c by\u0142 z kolei \u015bpiewakiem operowym, onegdaj w Bytomskiej Operze. \u015al\u0105zacy, znajomi, wi\u0119c i \u017calu do nich \u017cadnego nie mia\u0142em, w ko\u0144cu przepracowa\u0142em na \u015al\u0105sku prawie dwadzie\u015bcia lat. By\u0142em przyja\u017anie nastawiony do wszystkich \u015al\u0105zak\u00f3w. D\u017agn\u0119\u0142o mnie natomiast od \u015brodka na temat tych dyrektor\u00f3w. No, bo niby co, ja gorszy? Przecie\u017c prosi\u0142em. Czort z nimi. Robi\u0142em sobie swoje i tak si\u0119 to jako\u015b kula\u0142o do przodu. <\/span><\/span><span goog_ds_charIndex=\"3239\" class=\"postbody\"><span goog_ds_charIndex=\"3240\" style=\"font-family: Arial\" lang=\"PL\">Dyrektorzy co raz si\u0119 zmieniali i pewnego roku (za choler\u0119 nie pami\u0119tam, kt\u00f3rego) og\u0142oszono, \u017ce w\u0142a\u015bnie za zwolnionego Adalberta b\u0119d\u0105 zatrudnia\u0107 dyrektora d\/s artystycznych. W Polsce prowadzi\u0142em Mlodzie\u017cowy Dom Kultury, (sam go projektuj\u0105c jesli chodzi o rodzaj zaj\u0119\u0107 dla m\u0142odzie\u017cy, co przez pewien czas by\u0142o nawet wzorcow\u0105 dzia\u0142alno\u015bci\u0105 dla powstaj\u0105cych w Rybnickim Okr\u0119gu W\u0119glowym podobnych plac\u00f3wek. Do dzi\u015b istnieje i je\u017adzi po \u015bwiecie dzi\u0119ci\u0119cy zesp\u00f3\u0142 artystyczny \u201ePrzygoda\u201d, za\u0142o\u017cony przeze mnie ponad trzydzie\u015bci lat temu. Jak kto\u015b nie wierzy, niech wejdzie na <a _href=\"http:\/\/www.rybnik,com\/\" goog_ds_charIndex=\"3809\" href=\"http:\/\/www.rybnik,com\/\">www.rybnik,com<\/a> wpisze <em goog_ds_charIndex=\"3833\">przygoda<\/em> i si\u0119 dowie), prowadzi\u0142em g\u00f3rniczy zesp\u00f3\u0142 pie\u015bni i ta\u0144ca, z kt\u00f3rym zje\u017adzi\u0142em ca\u0142\u0105 Europ\u0119, z powodu czego mia\u0142em przer\u0105bane w bezpiece, bo za choler\u0119 nie chcia\u0142em podpisywa\u0107 zgody na wsp\u00f3\u0142prac\u0119 i zawsze dostawa\u0142em paszport, jako ostatni, z regu\u0142y na trzy dni przed wyjazdem i po interwencji Ministerstwa G\u00f3rnictwa, by\u0142em dyrektorem Spo\u0142ecznych Ognisk Muzycznych Okr\u0119gu Rybnickiego, uczy\u0142em w szkole muzycznej, wi\u0119c do\u015bwiadczenia mia\u0142em do licha i troch\u0119, a mo\u017ce nawet wi\u0119cej. <\/span><\/span><span goog_ds_charIndex=\"4322\" class=\"postbody\"><span goog_ds_charIndex=\"4323\" style=\"font-family: Arial\" lang=\"PL\">No, to si\u0119 i zg\u0142osi\u0142em na to \u201einterview\u201d. W komisji, jak pami\u0119tam siedzieli: m\u00f3j kolega, Janusz J\u00f3\u017awiak, m\u00f3j znajomy, udaj\u0105cy Mi\u0142osza, ale na imi\u0119 mu Tadek, kt\u00f3ry koniecznie chcia\u0142 si\u0119 ze mn\u0105 zaprzyja\u017ani\u0107 po Zje\u017adzie Ch\u00f3r\u00f3w Polonijnych, gdy dyrygowa\u0142em pie\u015bniami G\u00f3reckiego, a kompozytor siedzia\u0142 w pierwszym rz\u0119dzie, potem za\u015b New York Times napisa\u0142, \u017ce by\u0142o \u0142adnie. Jako\u015b nam z tej przyja\u017ani nic nie wysz\u0142o, bo mi dziwnie ten typ nie odpowiada\u0142. By\u0142 te\u017c niejaki pan Henryk. <\/span><\/span><span goog_ds_charIndex=\"4802\" class=\"postbody\"><em goog_ds_charIndex=\"4803\"><span goog_ds_charIndex=\"4804\" style=\"font-family: Arial\" lang=\"PL\">Interview <\/span><\/em><\/span><span goog_ds_charIndex=\"4818\" class=\"postbody\"><span goog_ds_charIndex=\"4819\" style=\"font-family: Arial\" lang=\"PL\">\u00a0by\u0142o jednym z dziwniejszych, jakie kiedykolwiek w swoim \u017cyciu mia\u0142em. Najg\u0142upsze pytania zadawa\u0142 Chabrowski w\u0142a\u015bnie, a ju\u017c szczytem indolencji by\u0142o pytanie: ile spodziewam si\u0119 dla Centrum zarobi\u0107 na imprezach, kt\u00f3re bym tam organizowa\u0142. Zada\u0142 mi to pytanie, pe\u0142ni\u0105cy funkc\u0119 prezesa technik-okulista, kt\u00f3ry zapomnia\u0142 onegdaj wys\u0142a\u0107 do Wroc\u0142awia uzbierane przez Poloni\u0119&#8230;70 tysi\u0119cy dolar\u00f3w na pomoc powodzianom!!! Wys\u0142ano je dopiero po roku, kt\u00f3ry przele\u017ca\u0142y na koncie w banku. <\/span><\/span><span goog_ds_charIndex=\"5300\" class=\"postbody\"><span goog_ds_charIndex=\"5301\" style=\"font-family: Arial\" lang=\"PL\">Ol\u015bni\u0142o mnie wtedy, \u017ce mam do czynienia z p\u00f3\u0142g\u0142\u00f3wkiem nie maj\u0105cym zielonego poj\u0119cia o tego rodzaju pracy i zada\u0142em zasadnicze pytanie: A ile ja b\u0119d\u0119 zarabia\u0142 na tym etacie? <\/span><\/span><span goog_ds_charIndex=\"5477\" class=\"postbody\"><span goog_ds_charIndex=\"5478\" style=\"font-family: Arial\" lang=\"PL\">Wtedy do \u201edyskusji\u201d w\u0142\u0105czy\u0142 si\u0119 pan Henio i ostrzeg\u0142 mnie, m\u00f3wi\u0105c: \u201etutaj my zadajemy pytania\u201d. <\/span><\/span><span goog_ds_charIndex=\"5577\" class=\"postbody\"><span goog_ds_charIndex=\"5578\" style=\"font-family: Arial\" lang=\"PL\">Zdanie to ruszy\u0142o mojego koleg\u0119, te\u017c Janusza, kt\u00f3ry zwr\u00f3cil si\u0119 do pana Henia ze s\u0142owami: \u201eej, Henio spokojnie, nie tym tonem\u201d. Mnie za\u015b natychmiast przypomnia\u0142y si\u0119 wielogodzinne \u201erozmowy\u201d w bezpiece, bo m\u00f3wili tak samo. Spojrza\u0142em na zegarek i stwierdzi\u0142em, \u017ce straci\u0142em ju\u017c osiem minut mojego cennego czasu. Wsta\u0142em wi\u0119c, przeprosi\u0142em za zawracanie g\u0142\u00f3w szanownej komisji i wyszed\u0142em. Jasne, \u017ce tej fuchy nie dosta\u0142em. <\/span><\/span><span goog_ds_charIndex=\"6003\" class=\"postbody\"><span goog_ds_charIndex=\"6004\" style=\"font-family: Arial\" lang=\"PL\">Potem opisa\u0142em to w jakim\u015b wywiadzie, czy nawet artykule, chyba w \u201eNaszym G\u0142osie\u201d, kt\u00f3ry wydawa\u0142 pan Wies\u0142aw \u015alusarczyk. No i posypa\u0142o si\u0119. Gazeta \u00a0Centrum zareagowa\u0142a natychmiast pisz\u0105c, \u017ce \u201e<em goog_ds_charIndex=\"6197\">tego muzyka z Greenpointu trzeba by wykluczy\u0107 nie tylko ze spo\u0142ecze\u0144stwa polonijnego, ale w og\u00f3le z gatunku homo sapiens\u201d. <\/em><\/span><\/span><span goog_ds_charIndex=\"6324\" class=\"postbody\"><span goog_ds_charIndex=\"6325\" style=\"font-family: Arial\" lang=\"PL\">To ju\u017c brzmia\u0142o, jak wyrok \u015bmierci, a ja wiedzia\u0142em, \u017ce gazet\u0105 rz\u0105dzi pani Bo\u017cena Kami\u0144ska. Czas mija\u0142, jako\u015b \u017cy\u0142em i nikt mnie nie nachodzi\u0142, wypowiada\u0142em swoje opinie tak na zebraniach, jak i w artyku\u0142ach, a\u017c pewnego dnia, po jakim\u015b w\u0142a\u015bnie zebraniu, Bo\u017cena Kami\u0144ska podchodzi do mnie i m\u00f3wi: \u201emusz\u0119 pana przeprosi\u0107, pomyli\u0142am si\u0119, my\u015bl\u0119, \u017ce takich ludzi, jak pan Polonia potrzebuje najbardziej\u201d. <\/span><\/span><span goog_ds_charIndex=\"6727\" class=\"postbody\"><span goog_ds_charIndex=\"6728\" style=\"font-family: Arial\" lang=\"PL\">Kobieta zmienn\u0105 jest, &#8211; pomy\u015bla\u0142em i wyci\u0105gn\u0105\u0142em r\u0119k\u0119 do zgody. <\/span><\/span><span goog_ds_charIndex=\"6795\" class=\"postbody\"><span goog_ds_charIndex=\"6796\" style=\"font-family: Arial\" lang=\"PL\">Tak daleko, jak kto\u015b potrafi si\u0119 przyzna\u0107 do b\u0142\u0119du i winy s\u0105 nadzieje, \u017ce b\u0119d\u0105 z niego ludzie. Ale, kiedy wybrano j\u0105 na stanowisko prezesa, powiedzia\u0142em r\u00f3wnie\u017c oficjalnie podczas zebrania, \u017ce b\u0119d\u0119 im patrzy\u0142 na \u00a0r\u0119ce i na dzia\u0142alno\u015b\u0107. <\/span><\/span><span goog_ds_charIndex=\"7035\" style=\"font-family: Arial\" lang=\"PL\">Zapomnia\u0142em o urazach, gro\u017abach i innych mankamentach. Stan\u0105\u0142em w obronie Janusza J\u00f3\u017awiaka, te\u017c publicznie, gdy kto\u015b tam wykrzykiwa\u0142, \u017ce widzia\u0142 go w mundurze w telewizji. Ja go w mundurze nie widzia\u0142em, cho<span goog_ds_charIndex=\"7243\" class=\"postbody\">\u0107 pami\u0119tam, \u017ce w telewizji wyst\u0119powa\u0142. Przystojny by\u0142 , to go i wzi\u0119li na prezentera. W czasie stanu wojennego telewizji nie ogl\u0105da\u0142em, bo mnie dra\u017cni\u0142a, a zreszt\u0105 by\u0142em zaj\u0119ty prac\u0105 artystyczn\u0105 i nie mia\u0142em na to czasu. Zna\u0142em go, jako cz\u0142owieka i szczerze m\u00f3wi\u0105c, bardzo go lubi\u0142em i ceni\u0142em za lojalno\u015b\u0107 w stosunku do mnie. Prowadz\u0105c studio telewizyjne bardzo i to wielekro\u0107 pomaga\u0142 mi w mojej orce na muzycznym ugorze i to kompletnie bezinteresownie. Dla mnie liczy si\u0119 cz\u0142owiek i jego stosunek do mnie. Je\u015bli jest w porz\u0105dku, ja odwzajemniam tym samym. Je\u015bli nie, &#8211; unikam.<\/span><\/span><span goog_ds_charIndex=\"7824\" class=\"postbody\"><span goog_ds_charIndex=\"7825\" style=\"font-family: Arial\" lang=\"PL\">Kiedy do w\u0142adzy, jako prezes doszed\u0142 niejaki Czester, widzia\u0142em, jak na d\u0142oni, \u017ce dni Centrum Polsko-S\u0142owia\u0144skiego mog\u0105 by\u0107 policzone. Chester, bo tak to si\u0119 pisze, to po naszemu po prostu\u00a0Czesio, taki rubaszny \u201ezag\u0142obowaty\u201d, gdzie\u015b tam z Bia\u0142egostoku, prosto z taks\u00f3wki. Tu jednak okaza\u0142 si\u0119 by\u0142 prawdziwym \u201eWest-Chester\u201d. Zacz\u0105\u0142 mianowicie od stuprocentowej podwy\u017cki sk\u0142adek cz\u0142onkowskich. Na co\u015b mu by\u0142o ma\u0142o, ale nie zd\u0105\u017cyl wyja\u015bni\u0107 na co, bo rozs\u0105dni ludzie w radzie dyrektor\u00f3w pozbawili go funkcji, a na koniec po prostu usun\u0119li go z rady. I dobrze. Zd\u0105\u017cy\u0142 jeszcze do Polski, do domu dziecka, kt\u00f3rym opiekuje si\u0119 Centrum i naopowiada\u0142, \u017ce ten samoch\u00f3d, \u017ce te pieni\u0105dze, te dotacje, to wszystko od niego, a g\u0142upie dyrektorki tak si\u0119 w nim rozkocha\u0142y, \u017ce wystawi\u0142y go do \u201eOrderu U\u015bmiechu\u201d, co by\u0142o najbardziej \u015bmiechu warte. <\/span><\/span><span goog_ds_charIndex=\"8657\" class=\"postbody\"><span goog_ds_charIndex=\"8658\" style=\"font-family: Arial\" lang=\"PL\">Nagonka, jaka zacz\u0119\u0142a si\u0119 w Unii Kredytowej z inicjatywy wspomnianego w pierwszym odcinku \u201erzymianina\u201d, Marca przeciwko Centrum uderzy\u0142a w jaki\u015b m\u00f3j wewnetrzny dzwonek: co\u015b idzie w kompletnie z\u0142ym kierunku. Marc pocz\u0105\u0142 szuka\u0107 nowych sponsor\u00f3w dla Unii, cho\u0107 wszyscy wiemy, \u017ce to w\u0142a\u015bnie Centrum, w pocz\u0105tkach dzia\u0142alno\u015bci banku by\u0142o jego g\u0142\u00f3wnym sponsorem i to z warunku przepis\u00f3w federalnych. <\/span><\/span><span goog_ds_charIndex=\"9055\" class=\"postbody\"><span goog_ds_charIndex=\"9056\" style=\"font-family: Arial\" lang=\"PL\">Biedny nieboszczyk, Ksi\u0105dz To\u0142czyk, za\u0142o\u017cyciel obu instytucji skr\u0119ca\u0142 si\u0119 pewnie niesamowicie w grobie. Odszed\u0142 te\u017c w niebia\u0144skie ost\u0119py zacny Ks. Altmajer, ten od dzia\u0142alno\u015bci w Centrum, ale te\u017c i fantastycznych kaza\u0144 w ko\u015bciele \u015awi\u0119tych Cyryla I Metodego, przy Eagle Street. Marc poczu\u0142 si\u0119 w\u0142a\u015bcicielem banku.<br goog_ds_charIndex=\"9369\" \/>Efekt? Sponsor w Fundacji Kulturalnej w Clark, NJ i u Przyjaci\u00f3\u0142 Copiaque, na Long Island. Cz\u0119\u015b\u0107 pieni\u0119dzy ze sk\u0142adek w\u0119druje co roku tam\u017ce w\u0142a\u015bnie, zubo\u017caj\u0105c Centrum na Greenpoincie, kt\u00f3re, jako jedyne mia\u0142o programy polonijne dla szerokiej rzeszy rodak\u00f3w, zagubionych w emigracyjnej pustce niewiedzy. \\<\/span><\/span><\/span><span goog_ds_charIndex=\"9677\" style=\"font-family: Arial\" lang=\"PL\"><span goog_ds_charIndex=\"9678\" class=\"postbody\"><span goog_ds_charIndex=\"9679\" style=\"font-family: Arial\" lang=\"PL\">22 czerwca, tego roku, czyli 2007, odby\u0142o si\u0119 roczne zebranie sprawozdawcze CPS. M\u00f3wi\u0107 m\u00f3g\u0142, kto \u017cywnie chcia\u0142 i co \u017cywnie chcia\u0142. I te\u017c gadali, czasem g\u0142upio, czasem m\u0105drzej, &#8211; to jest materia\u0142 na oddzieln\u0105 rozprawk\u0119 o intelektualnych wytryskach do m\u00f3zgu niekt\u00f3rych \u201em\u00f3wc\u00f3w\u201d. Centrum dzia\u0142a, ma efekty i mimo, \u017ce miasto obci\u0119\u0142o fundusze, wszystko wygl\u0105da bardziej, ni\u017c pozytywnie. <\/span><\/span><span goog_ds_charIndex=\"10064\" class=\"postbody\"><span goog_ds_charIndex=\"10065\" style=\"font-family: Arial\" lang=\"PL\">Najwi\u0119ksz\u0105 metamorfoz\u0105 jest natomiast fakt, \u017ce pos\u0105dzany o wsp\u00f3\u0142prac\u0119 i w og\u00f3le o wszystko najgorsze, Janusz J\u00f3\u017awiak, jako wiceprezes, z\u0142o\u017cy\u0142 wniosek o zlustrowanie wszystkich, bez wyj\u0105tku cz\u0142onk\u00f3w Rady Dyrektor\u00f3w. Odpowiednie dokumenty z\u0142o\u017cone zosta\u0142y w konsulacie RP. Sam uda\u0142 si\u0119 do Warszawy, gdzie uprzednio z\u0142o\u017cy\u0142 pro\u015bb\u0119 o udost\u0119pnienie dokument\u00f3w, z kt\u00f3rych, jak osobi\u015bcie widzia\u0142em wynika, \u017ce nie donosi\u0142, ani te\u017c nie wsp\u00f3\u0142pracowa\u0142. <\/span><\/span><span goog_ds_charIndex=\"10508\" class=\"postbody\"><span goog_ds_charIndex=\"10509\" style=\"font-family: Arial\" lang=\"PL\">Przypomn\u0119, \u017ce tego rodzaju wniosek zosta\u0142 zastopowany w Kongresie Polonii Ameryka\u0144skiej, na zje\u017adzie w San Diego. <\/span><\/span><\/span><span goog_ds_charIndex=\"10627\" style=\"font-family: Arial\" lang=\"PL\"><\/span><\/p>\n<p><span goog_ds_charIndex=\"10627\" style=\"font-family: Arial\" lang=\"PL\"><\/span><span goog_ds_charIndex=\"10628\" class=\"postbody\"><span goog_ds_charIndex=\"10629\" style=\"font-family: Arial\" lang=\"PL\">Przy Centrum powsta\u0142 Klub Patriotyczny (mia\u0142bym wszak\u017ce pytanie, co sta\u0142o si\u0119 z jednym z nicjator\u00f3w tego pomys\u0142u, panem Leszkiem Puchem&#8230;i dlaczego nie ma go u w\u0142adz?). Klub, kt\u00f3ry przy wydatnej pomocy organizacyjnej i finansowej Centrum sprowadza tutaj znakomitych go\u015bci z Polski, \u017ce wymieni\u0119 takich intelektualist\u00f3w, jak prof. prof. Cenckiewicz, Kurek, dziennikarz Stanis\u0142aw Michalkiewicz, czy autor niesamowitych ksi\u0105\u017cek, Henryk Paj\u0105k.<\/span><\/span><\/p>\n<p><span class=\"postbody\"><span style=\"font-family: Arial\" lang=\"PL\">CPS obchodzi w tym roku 35-lecie.<\/span><\/span><span class=\"postbody\"><span style=\"font-family: Arial\" lang=\"PL\">Dodam, \u017ce kiedy prowadzi\u0142em ch\u00f3r Hejna\u0142, Polski Dom Narodowy pobiera\u0142 op\u0142aty za ka\u017cdy dzie\u0144 pr\u00f3b tego ch\u00f3ru. Kiedy za\u0142o\u017cy\u0142em ch\u00f3r Paderewski Festival Singers, Centrum zaproponowa\u0142o darmowe u\u017cywanie sali przy Java Street na jego pr\u00f3by. Ten ch\u00f3r wyst\u0105pi\u0142 ju\u017c dwukrotnie w Carnegie Hall, a teraz szykuje si\u0119 do ogromnego koncertu w Katedrze \u015aw. Patryka. <\/span><\/span><\/p>\n<p><span class=\"postbody\"><span style=\"font-family: Arial\" lang=\"PL\">W nast\u0119pnym odcinku by\u0107 mo\u017ce b\u0119dzie w\u0142a\u015bnie o Polskim Domu Narodowym. <\/span><\/span><\/p>\n<p><span class=\"postbody\"><span style=\"font-family: Arial\" lang=\"PL\">Zatem oczywi\u015bcie c. d. n.<\/span><\/span><\/p>\n","protected":false},"excerpt":{"rendered":"<p>CPS, czyli Centrum Polsko-S\u0142owia\u0144skie. Moje kontakty z t\u0105 instytucj\u0105 &#8211; kolejn\u0105 po Unii Kredytowej, najwi\u0119ksz\u0105 polonijn\u0105 organizacj\u0105 na \u015bwiecie -, zacz\u0119\u0142y si\u0119 do\u015b\u0107 niefortunnie: Gdzie\u015b w pocz\u0105tkach lat 90-tych zg\u0142osi\u0142em si\u0119 do zacnego i wielce szanowanego Ojca Zembrzuskiego, b\u0119d\u0105cego na\u00f3wczas jednym z dyrektor\u00f3w CPS, a przedtem inicjatora i \u201eg\u0142\u00f3wnego dowodz\u0105cego\u201d budowy \u201ePolskiej Cz\u0119stochowy\u201d. Z zawodu [&hellip;]<\/p>\n","protected":false},"author":2,"featured_media":0,"comment_status":"open","ping_status":"open","sticky":false,"template":"","format":"standard","meta":[],"categories":[3],"tags":[],"_links":{"self":[{"href":"https:\/\/sporek.com\/blog\/index.php?rest_route=\/wp\/v2\/posts\/20"}],"collection":[{"href":"https:\/\/sporek.com\/blog\/index.php?rest_route=\/wp\/v2\/posts"}],"about":[{"href":"https:\/\/sporek.com\/blog\/index.php?rest_route=\/wp\/v2\/types\/post"}],"author":[{"embeddable":true,"href":"https:\/\/sporek.com\/blog\/index.php?rest_route=\/wp\/v2\/users\/2"}],"replies":[{"embeddable":true,"href":"https:\/\/sporek.com\/blog\/index.php?rest_route=%2Fwp%2Fv2%2Fcomments&post=20"}],"version-history":[{"count":0,"href":"https:\/\/sporek.com\/blog\/index.php?rest_route=\/wp\/v2\/posts\/20\/revisions"}],"wp:attachment":[{"href":"https:\/\/sporek.com\/blog\/index.php?rest_route=%2Fwp%2Fv2%2Fmedia&parent=20"}],"wp:term":[{"taxonomy":"category","embeddable":true,"href":"https:\/\/sporek.com\/blog\/index.php?rest_route=%2Fwp%2Fv2%2Fcategories&post=20"},{"taxonomy":"post_tag","embeddable":true,"href":"https:\/\/sporek.com\/blog\/index.php?rest_route=%2Fwp%2Fv2%2Ftags&post=20"}],"curies":[{"name":"wp","href":"https:\/\/api.w.org\/{rel}","templated":true}]}}