{"id":201,"date":"2009-09-18T10:04:18","date_gmt":"2009-09-18T14:04:18","guid":{"rendered":"http:\/\/sporek.com\/blog\/?p=201"},"modified":"2009-09-18T10:14:54","modified_gmt":"2009-09-18T14:14:54","slug":"bez-pardonu","status":"publish","type":"post","link":"https:\/\/sporek.com\/blog\/?p=201","title":{"rendered":"Bez pardonu"},"content":{"rendered":"<p><font size=\"2\">Sta\u0142o si\u0119 co\u015b, czego nie spodziewa\u0142em si\u0119 po radzie dyrektor\u00f3w miliardowej instytucji: w oficjalnym komunikacie prezentuj\u0105cym kandydat\u00f3w do wybor\u00f3w sk\u00f3rcono m\u00f3j \u017cyciorys i dopisano prymitywne k\u0142amstwo o tym, ile Unia straci\u0142a z mojego powodu. K\u0142amstwo zawy\u017cone o, bagatela&#8230;9 tysi\u0119cy dolar\u00f3w. Fakt ten swiadczy o:<\/font><!--more--><font size=\"2\">-nieznajomo\u015bci prawa ameryka\u0144skiego, albo o<br \/>\n-kompletnym jego lekcewa\u017ceniu,<br \/>\n-totalnym strachu obecnej rady, \u017ce, jako cz\u0142owiek niezale\u017cny m\u00f3g\u0142bym zosta<\/font><font size=\"2\"><span style=\"font-family: Verdana\">\u0107 wybrany przez cz\u0142onk\u00f3w i pomiesza<\/span><\/font><font size=\"2\"><span style=\"font-family: Verdana\">\u0107 plany,<br \/>\n-zak\u0142amaniu tych, kt\u00f3rzy wydali setki tysi\u0119cy cz\u0142onkowskich dolar\u00f3w na swoje sprawy s\u0105dowe i jednocze\u015bnie o<br \/>\n-obawie, \u017ce mo\u017ce to b<\/span><\/font><font size=\"2\"><span style=\"font-family: Verdana\">y<\/span><\/font><font size=\"2\"><span style=\"font-family: Verdana\">\u0107 nag\u0142o\u015bnione z wyci\u0105gni\u0119ciem konsekwencji. I wreszcie \u015bwiadczy to o<br \/>\n-s\u0142abo\u015bci obecnej rady dyrektor\u00f3w, kt\u00f3ra z braku jakichkolwiek rozs\u0105dnych, a przede wszystkim uczciwych argument\u00f3w przemawiaj\u0105cych za &#8222;swoj\u0105 czw\u00f3rk\u0105&#8221;, zaczyna u\u017cywa<\/span><\/font><font size=\"2\"><span style=\"font-family: Verdana\">\u0107 ordynarnych chwyt\u00f3w poni\u017cej pasa<\/span>.<\/font><\/p>\n<p><font size=\"2\"><span style=\"font-family: Verdana\">O ile taka informacja mog\u0142aby by<\/span><\/font><font size=\"2\"><span style=\"font-family: Verdana\">\u0107 upubliczniona przez jakiego\u015b nieodpowiedzialnego c\u017c\u0142owieka, o tyle og\u0142oszona przez bank daje \u015bwiadectwo, \u017ce Unia Kredytowa &#8211; ta nasza Polsko-S\u0142owia\u0144ska nie respektuje prawa ka\u017cdego jej cz\u0142onka do ochrony danych osobistych i danych bankowych. Ja ujawni\u0142em ten fakt bardzo dawno i tym bardziej powinienem to zrobi<\/span><\/font><font size=\"2\"><span style=\"font-family: Verdana\">\u0107, bo wyborcy musz\u0105 takie rzeczy wiedzie<\/span><\/font><font size=\"2\"><span style=\"font-family: Verdana\">\u0107. <\/span><\/font><font size=\"2\"><span style=\"font-family: Verdana\">Wystarczy\u0142o napisa<\/span><\/font><font size=\"2\"><span style=\"font-family: Verdana\">\u0107, \u017ce og\u0142osilem upad\u0142o\u015b<\/span><\/font><font size=\"2\"><span style=\"font-family: Verdana\">\u0107. <\/span><\/font><font size=\"2\"><span style=\"font-family: Verdana\">Wyobra\u017acie sobie teraz, Drodzy Pa\u0144stwo, \u017ce pan Matyszczyk, albo pan Chmielewski\u00a0 bardzo si\u0119 na kogo\u015b zdenerwuj\u0105 i rozka\u017c\u0105 opublikowa<\/span><\/font><font size=\"2\"><span style=\"font-family: Verdana\">\u0107 na stronie Unii Kredytowej ile dany klient wzi\u0105\u0142 po\u017cyczki i ile jeszcze ma do sp\u0142acenia i jeszcze zawy\u017c\u0105 dane o kilka, czy kilkana\u015bcie tysi\u0119cy. (dla Zawisnego &#8222;kilka&#8221;, znaczy &#8222;kilkadziesi\u0105t&#8221;). Kto bardziej nerwowy, niech si\u0119 dobrze zastanowi, czy prowadzi<\/span><\/font><font size=\"2\"><span style=\"font-family: Verdana\">\u0107 z tymi fachowcami jakiekolwiek operacje finansowe. <\/span><br \/>\n<\/font><font size=\"2\"><span style=\"font-family: Verdana\">Poza wszystkim <\/span>informacja pod moim \u017cyciorysem podaje kwot\u0119 o ponad <\/font><font size=\"2\">dziewi\u0119<\/font><font size=\"2\"><span style=\"font-family: Verdana\">\u0107<\/span><\/font><font size=\"2\"><span style=\"font-family: Verdana\"> tysi\u0119cy wy\u017csz\u0105, ni\u017c ta, kt\u00f3ra widnieje na moim rachunku bankowym i widz\u0119 j\u0105 ka\u017cdego dnia, gdy wchodz\u0119 na swoje konto.<\/span> Przera\u017caj\u0105ce, ale i prymitywne bezprawie. Co dyrektorzy chcieli tym za\u0142atwi<\/font><font size=\"2\"><span style=\"font-family: Verdana\">\u0107? &#8211; nie wiem. Wiem, \u017ce prawdopodobnie za\u0142atwili siebie, bo tyle sympatycznych telefon\u00f3w, ile dosta\u0142em dzisiaj, nie otrzyma\u0142em nigdy dotychczas w ca\u0142ym moim emigracyjnym \u017cyciu. Wynika\u0142o z nich jedno, ale bardzo mocne przes\u0142anie: tym dyrektorom, ani temu bankowi nie mo\u017cna wierz<\/span><\/font><font size=\"2\"><span style=\"font-family: Verdana\">y<\/span><\/font><font size=\"2\"><span style=\"font-family: Verdana\">\u0107, skoro nie zawahali si\u0119 publicznie ujawni<\/span><\/font><font size=\"2\"><span style=\"font-family: Verdana\">\u0107 d\u0142ug swojego klienta<\/span><\/font><font size=\"2\"><span style=\"font-family: Verdana\">. \u017bydzi zrobili niegdy\u015b nagonk\u0119 na film Gibsona &#8222;Pasja Chrystusa&#8221;. Pe\u0142na nienawi\u015bci krytyka Gibsona zamiast odwr\u00f3ci<\/span><\/font><font size=\"2\"><span style=\"font-family: Verdana\">\u0107 uwag\u0119 publiczno\u015bci od filmu, zrobi\u0142a mu nieprawdopodobna reklam\u0119&#8230;<\/span><\/font><\/p>\n<p><font size=\"2\"><span style=\"font-family: Verdana\"><\/span><\/font><font size=\"2\"><span style=\"font-family: Verdana\"><\/span><\/font><font size=\"2\"><span style=\"font-family: Verdana\"> Wed\u0142ug prawa ameryka\u0144skiego nie mam w Unii \u017cadnego d\u0142ugu. S\u0119dzia po wydaniu decyzji poinformowa\u0142 mnie, jak nast\u0119puje:<br \/>\n<strong>&#8222;Tw\u00f3j d\u0142ug jest prawnie zniwelowany do zera (u\u017cy\u0142 okre\u015blenia &#8222;wiped out&#8221;). Zar\u00f3wno PSFCU, jak i City Bank, z kt\u00f3rego mia\u0142e\u015b kart\u0119 otrzymaj\u0105 pisemn\u0105 decyzj\u0119 s\u0105du. Od teraz, &#8211; Je\u015bli zadzwoni do ciebie karta kredytowa, albo bank z sugesti\u0105, \u017ce jeste\u015b im <\/strong><\/span><\/font><font size=\"2\"><span style=\"font-family: Verdana\"><strong>co\u015b <\/strong><\/span><\/font><font size=\"2\"><span style=\"font-family: Verdana\"><strong>winien, skontaktuj si\u0119 natychmiast z twoim prawnikiem.&#8221;<br \/>\n<\/strong>Chcia\u0142em dzisiaj wyja\u015bni<\/span><\/font><font size=\"2\"><span style=\"font-family: Verdana\">\u0107 te spraw\u0119 z dyrektorem Chmielewskim, albo prezesem Matyszczykiem. Niestety, ca\u0142a rada dyrektor\u00f3w (opr\u00f3cz krystyny Myssury) wyjecha\u0142a na rekonesans do Chicago. A my p\u0142acimy dni\u00f3wki panu Chmielewskiemu i innym etatowcom, kt\u00f3rzy te\u017c si\u0119 za\u0142apali na ten sam lot. Podobno &#8222;Chicago&#8221; nie jest ju\u017c do odwr\u00f3cenia &#8211; podpisano kontrakty i rzeka naszych pieni\u0119dzy pop\u0142ynie do wietrznego miasta, a chicagowskie wiatry rozwiej\u0105 j\u0105 w m\u0119tnych operacjach adopcji budynk\u00f3w, czy stawianiu nowych. Mi\u0142ej zabawy w Chicago. Ciekaw jestem, jakie b\u0119d\u0105 tego koszty? Skoro budynek przy McGuinness Blvd mia\u0142 kosztowa<\/span><\/font><font size=\"2\"><span style=\"font-family: Verdana\">\u0107 6 milion\u00f3w, a kosztowa\u0142 13, to Chicago mo\u017ce kosztowa<\/span><\/font><font size=\"2\"><span style=\"font-family: Verdana\">\u0107 pi\u0119<\/span><\/font><font size=\"2\"><span style=\"font-family: Verdana\">\u0107 razy tyle. NASZYCH pieni\u0119dzy w Unii jest jeszcze bardzo du\u017co, wi\u0119c mo\u017cna je wydawa<\/span><\/font><font size=\"2\"><span style=\"font-family: Verdana\">\u0107 na &#8222;opiek\u0119&#8221; nad Chicago.<\/span><br \/>\n<\/font><font size=\"2\">-A teraz dla por\u00f3wnania z innym bankiem mojego przypadku: trzy miesi\u0105ce po decyzji s\u0105du otrzyma\u0142em propozycj\u0119 uzyskania &#8222;mastercard&#8221;. Zadzwoni\u0142em i zapyta\u0142em: &#8222;dlaczego proponujecie mi kart\u0119?&#8221;<br \/>\n-A dlaczego nie? &#8211; zapytano w odpowiedzi. Wi\u0119c wyja\u015bni\u0142em. Na to d\u017centelmen z drugiej strony telefonu oznajmi\u0142: &#8222;to co, nie chcesz zacz\u0105<\/font><font size=\"2\"><span style=\"font-family: Verdana\">\u0107 budowa<\/span><\/font><font size=\"2\"><span style=\"font-family: Verdana\">\u0107 sobie historii kredytowej? Przecie\u017c masz do tego prawo&#8221;<\/span>. Nawet nie wspomnia\u0142, \u017ce by\u0142em im co\u015b winny. Tydzie\u0144 p\u00f3\u017aniej otrzyma\u0142em poczt\u0105 kart\u0119.<br \/>\nPolak, Polakowi&#8230;prezesem.<br \/>\n<\/font><font size=\"2\"><span style=\"font-family: Verdana\"><br \/>\n<\/span><\/font><\/p>\n","protected":false},"excerpt":{"rendered":"<p>Sta\u0142o si\u0119 co\u015b, czego nie spodziewa\u0142em si\u0119 po radzie dyrektor\u00f3w miliardowej instytucji: w oficjalnym komunikacie prezentuj\u0105cym kandydat\u00f3w do wybor\u00f3w sk\u00f3rcono m\u00f3j \u017cyciorys i dopisano prymitywne k\u0142amstwo o tym, ile Unia straci\u0142a z mojego powodu. K\u0142amstwo zawy\u017cone o, bagatela&#8230;9 tysi\u0119cy dolar\u00f3w. Fakt ten swiadczy o:<\/p>\n","protected":false},"author":2,"featured_media":0,"comment_status":"open","ping_status":"open","sticky":false,"template":"","format":"standard","meta":[],"categories":[3],"tags":[],"_links":{"self":[{"href":"https:\/\/sporek.com\/blog\/index.php?rest_route=\/wp\/v2\/posts\/201"}],"collection":[{"href":"https:\/\/sporek.com\/blog\/index.php?rest_route=\/wp\/v2\/posts"}],"about":[{"href":"https:\/\/sporek.com\/blog\/index.php?rest_route=\/wp\/v2\/types\/post"}],"author":[{"embeddable":true,"href":"https:\/\/sporek.com\/blog\/index.php?rest_route=\/wp\/v2\/users\/2"}],"replies":[{"embeddable":true,"href":"https:\/\/sporek.com\/blog\/index.php?rest_route=%2Fwp%2Fv2%2Fcomments&post=201"}],"version-history":[{"count":0,"href":"https:\/\/sporek.com\/blog\/index.php?rest_route=\/wp\/v2\/posts\/201\/revisions"}],"wp:attachment":[{"href":"https:\/\/sporek.com\/blog\/index.php?rest_route=%2Fwp%2Fv2%2Fmedia&parent=201"}],"wp:term":[{"taxonomy":"category","embeddable":true,"href":"https:\/\/sporek.com\/blog\/index.php?rest_route=%2Fwp%2Fv2%2Fcategories&post=201"},{"taxonomy":"post_tag","embeddable":true,"href":"https:\/\/sporek.com\/blog\/index.php?rest_route=%2Fwp%2Fv2%2Ftags&post=201"}],"curies":[{"name":"wp","href":"https:\/\/api.w.org\/{rel}","templated":true}]}}