{"id":202,"date":"2009-09-22T15:18:36","date_gmt":"2009-09-22T19:18:36","guid":{"rendered":"http:\/\/sporek.com\/blog\/?p=202"},"modified":"2009-09-23T07:58:59","modified_gmt":"2009-09-23T11:58:59","slug":"cos-jest-na-rzeczy","status":"publish","type":"post","link":"https:\/\/sporek.com\/blog\/?p=202","title":{"rendered":"Co\u015b jest na rzeczy&#8230;"},"content":{"rendered":"<p style=\"font-family: Verdana\"><font size=\"2\">Je\u015bli kto\u015b tak strasznie walczy o utrzymanie si\u0119 na sto\u0142kach &#8222;pracy spo\u0142ecznej&#8221;, to albo ta praca daje niez\u0142e profity, albo walcz\u0105cy ma co\u015b z g\u0142ow\u0105. <\/font><!--more--><font size=\"2\">Walka rozgorza\u0142a na dobre, a w\u0142a\u015bciwie na bardzo z\u0142e; Najpierw walni\u0119to we mnie informuj\u0105c Cz\u0142onk\u00f3w, \u017ce Unia Kredytowa straci\u0142a na mnie ponad 21 tysi\u0119cy dolar\u00f3w. Dziwna jest logika tego, kto to upubliczni\u0142, bo: je\u015bli po\u017cyczy\u0142em 20, sp\u0142aci\u0142em prawie osiem, to sk\u0105d 21? Dziwny jest r\u00f3wnie\u017c ba\u0142agan liczbowy pomi\u0119dzy wykazem na tzw. &#8222;statement&#8221;, a tym, czym dysponuje autor owej &#8222;Noty&#8221; pod moim \u017cyciorysem, a kt\u00f3ry to autor &#8222;pochodzi&#8221; z rady dyrektor\u00f3w i mia\u0142 akceptacj\u0119 i b\u0142ogos\u0142awie\u0144stwo samego prezesa Matyszczyka;\u00a0 Ot\u00f3\u017c balans na moim koncie (na Internecie) wykazuje 12 tysi\u0119cy z kilkoma setkami. R\u00f3\u017cnica wynosi zatem ponad 9 tysi\u0119cy dolar\u00f3w. Dla rady dyrektor\u00f3w, to oczywi\u015bcie drobiazg, a dla Marka Zawisnego &#8211; pupilka prezesa Matyszczyka i prezesa Fundacji Ko\u015bciuszkowskiej, Alexa Storo\u017cy\u0144skiego, to w og\u00f3le r\u00f3wna si\u0119 &#8222;kilkadziesi\u0105t tysi\u0119cy&#8221;. Najwa\u017cniejsze, \u017ce mi przy\u0142o\u017cyli. W tej sytuacji \u015bmiem przypuszcza<\/font><font size=\"2\">\u0107, \u017ce naliczaj\u0105 mi ci\u0105gle odsetki, co ju\u017c zakrawa na przest\u0119pstwo. Poza wszystkim, to w \u015bwietle telefon\u00f3w od Cz\u0142onk\u00f3w, pe\u0142nych sympatii i poparcia, rada strzeli\u0142a sobie chyba bramk\u0119 samob\u00f3jcz\u0105, bo ta &#8222;Nota&#8221; wywo\u0142uje wy\u0142\u0105cznie potworne oburzenie. Ale ludzie te\u017c dodaj\u0105, \u017ce co\u015b w tej radzie musi by<\/font><font size=\"2\">\u0107 nie tak, skoro tak cholernie boj\u0105 si\u0119 ust\u0105pi<\/font><font size=\"2\">\u0107 i decyduj\u0105 si\u0119 na tak prymitywne kroki.<\/font><\/p>\n<p style=\"font-family: Verdana\"><font size=\"2\">Innym uderzeniem w kandydat\u00f3w tzw. &#8222;niezale\u017cnych&#8221; jest ostatnia afera na temat Stanley&#8217;a Trojaniaka. Puszczono w ruch pot\u0119\u017cn\u0105 machin\u0119 i kto\u015b musia\u0142 sobie zada<\/font><font size=\"2\">\u0107 sporo trudu, bo sprawdzenie tego, a jeszcze wyci\u0105gni\u0119cie dokumentu z IPN nie jest spraw\u0105 \u0142atw\u0105 zza Oceanu. Chcia\u0142bym i pragn\u0119 z ca\u0142ego serca, aby Poloni\u0119 oczy\u015bci<\/font><font size=\"2\">\u0107 z TW i innych wsp\u00f3\u0142pracuj\u0105cych z UB, czy jakimikolwiek si\u0142ami PRL-u. Dziwne, \u017ce kilka lat temu rzucano has\u0142a o lustracji Polonii, potem by\u0142a kompletna cisza i nawet ci, kt\u00f3rzy te has\u0142a rzucali nie pofatygowali si\u0119, aby wyj\u0105<\/font><font size=\"2\">\u0107 swoje dokumenty z IPN i nagle przy okazji wybor\u00f3w do Unii og\u0142asza si\u0119 sensacj\u0119 na temat jednego z kandydat\u00f3w i to takiego, kt\u00f3ry istotnie zagra\u017ca obecnej radzie.<\/font><\/p>\n<p style=\"font-family: Verdana\"><font size=\"2\">Je\u015bli prawd\u0105 jest to wszystko, co ujawniono, to Stanley powinien si\u0119 odsun\u0105<\/font><font size=\"2\">\u0107 i stawi<\/font><font size=\"2\">\u0107 temu czo\u0142a w pojedynk\u0119, bo nikt z nas nie jest w stanie Mu pom\u00f3c. Je\u015bli jest to prawda, to z przykro\u015bci\u0105 musz\u0119 wyzna<\/font><font size=\"2\">\u0107, \u017ce ja te\u017c nie chcia\u0142bym pracowa<\/font><font size=\"2\">\u0107 ze Sztaszkiem, bo po prostu w tym momencie nasze drogi si\u0119 rozchodz\u0105. My\u015bl\u0119, \u017ce Staszek powinien dzia\u0142a<\/font><font size=\"2\">\u0107 niesamowicie aktywnie w sprawie udowodnienia swojej &#8222;czysto\u015bci&#8221;. Zw\u0142oka dzia\u0142a na Jego niekorzy\u015b<\/font><font size=\"2\">\u0107. Ja te\u017c ch\u0119 sprawdzi<\/font><font size=\"2\">\u0107 t\u0119 informacj\u0119, cho<\/font><font size=\"2\">\u0107by po to, aby ta sprawa przestala rzuca<\/font><font size=\"2\">\u0107 cie\u0144 na proces wyborczy. Natomiast wszystkim, kt\u00f3rzy maj\u0105 niejasn\u0105 przesz\u0142o\u015b<\/font><font size=\"2\">\u0107 radz\u0119 nie kandydowa<\/font><font size=\"2\">\u0107 do powa\u017cnych stanowisk w polonijnych organizacjach, bo wida<\/font><font size=\"2\">\u0107, \u017ce aktywno\u015b<\/font><font size=\"2\">\u0107 ludzi domagaj\u0105cych si\u0119 prawdy jest niezwykle wysoka. Szkoda tylko, \u017ce przy takich okazjach, a nie na codzie\u0144.<\/font><\/p>\n<p><font style=\"font-family: Verdana\" size=\"2\">Niemniej &#8222;wykrycie&#8221; tej sprawy akurat teraz \u015bwiadczy wy\u0142\u0105cznie o tym, \u017ce sto\u0142ki w radzie dyrektor\u00f3w P-SFUK s\u0105 warte ka\u017cdej walki, ka\u017cdego uderzenia. I to jest najbardziej tajemnicza sprawa: Dlaczego praca spo\u0142eczna niesie tak strasznie du\u017co emocji i popycha ludzi broni\u0105cych swoich &#8222;spo\u0142ecznych posad&#8221; do tak brudnej gry&#8230;?<\/font><\/p>\n","protected":false},"excerpt":{"rendered":"<p>Je\u015bli kto\u015b tak strasznie walczy o utrzymanie si\u0119 na sto\u0142kach &#8222;pracy spo\u0142ecznej&#8221;, to albo ta praca daje niez\u0142e profity, albo walcz\u0105cy ma co\u015b z g\u0142ow\u0105.<\/p>\n","protected":false},"author":2,"featured_media":0,"comment_status":"open","ping_status":"open","sticky":false,"template":"","format":"standard","meta":[],"categories":[1],"tags":[],"_links":{"self":[{"href":"https:\/\/sporek.com\/blog\/index.php?rest_route=\/wp\/v2\/posts\/202"}],"collection":[{"href":"https:\/\/sporek.com\/blog\/index.php?rest_route=\/wp\/v2\/posts"}],"about":[{"href":"https:\/\/sporek.com\/blog\/index.php?rest_route=\/wp\/v2\/types\/post"}],"author":[{"embeddable":true,"href":"https:\/\/sporek.com\/blog\/index.php?rest_route=\/wp\/v2\/users\/2"}],"replies":[{"embeddable":true,"href":"https:\/\/sporek.com\/blog\/index.php?rest_route=%2Fwp%2Fv2%2Fcomments&post=202"}],"version-history":[{"count":0,"href":"https:\/\/sporek.com\/blog\/index.php?rest_route=\/wp\/v2\/posts\/202\/revisions"}],"wp:attachment":[{"href":"https:\/\/sporek.com\/blog\/index.php?rest_route=%2Fwp%2Fv2%2Fmedia&parent=202"}],"wp:term":[{"taxonomy":"category","embeddable":true,"href":"https:\/\/sporek.com\/blog\/index.php?rest_route=%2Fwp%2Fv2%2Fcategories&post=202"},{"taxonomy":"post_tag","embeddable":true,"href":"https:\/\/sporek.com\/blog\/index.php?rest_route=%2Fwp%2Fv2%2Ftags&post=202"}],"curies":[{"name":"wp","href":"https:\/\/api.w.org\/{rel}","templated":true}]}}