{"id":203,"date":"2009-09-27T10:41:49","date_gmt":"2009-09-27T14:41:49","guid":{"rendered":"http:\/\/sporek.com\/blog\/?p=203"},"modified":"2009-09-27T11:50:34","modified_gmt":"2009-09-27T15:50:34","slug":"krotka-rozmowa-z-prezesem","status":"publish","type":"post","link":"https:\/\/sporek.com\/blog\/?p=203","title":{"rendered":"Kr\u00f3tka rozmowa z prezesem"},"content":{"rendered":"<p><font size=\"2\"><span style=\"font-family: Verdana\">Jest pi\u0105tek, 25 wrze\u015bnia. Popo\u0142udniu &#8222;testowa\u0142em&#8221; g\u0142osowanie przez Internet. Jako\u015b dziwnie nie pokazywa\u0142a si\u0119 strona www.election.com ani \u017caden link do tej strony. Wszystko ca\u0142y czas &#8222;sz\u0142o&#8221; do PSFCU. Zastanowi\u0142o mnie to nieco i zdecydowa\u0142em si\u0119 zadzwoni<\/span><\/font><font style=\"font-family: Verdana\" size=\"2\">\u0107 do prezesa Matyszczyka. Oto stenogram z tej &#8222;konwersacji&#8221;:<\/font><!--more--><\/p>\n<p><font style=\"font-family: Verdana\" size=\"2\">JS: Dzie\u0144 dobry, panie Krzysztofie, Janusz Sporek<br \/>\n<\/font><font size=\"2\"><span style=\"font-family: Verdana\">KM: Dzie\u0144 dobry,- Panie Januszu nie b\u0119d\u0119 z Panem rozmawia\u0142.<\/span><br style=\"font-family: Verdana\" \/><span style=\"font-family: Verdana\">JS: Chcia\u0142em o co\u015b zapyta<\/span><\/font><font style=\"font-family: Verdana\" size=\"2\">\u0107. Nie musi pan wdawa<\/font><font style=\"font-family: Verdana\" size=\"2\">\u0107 si\u0119 ze mn\u0105 w konwersacj\u0119, po prostu prosz\u0119 rozwia<\/font><font style=\"font-family: Verdana\" size=\"2\">\u0107<\/font><font style=\"font-family: Verdana\" size=\"2\"> moje w\u0105tpliwo\u015bci&#8230;<br \/>\nKM: Nie b\u0119d\u0119 z panem rozmawia\u0142.<br \/>\nJS: Jest pan prezesem instytucji, kt\u00f3rej jestem cz\u0142onkiem i wsp\u00f3\u0142w\u0142a\u015bcicielem&#8230;<br \/>\n<\/font><font style=\"font-family: Verdana\" size=\"2\">KM: Nie b\u0119d\u0119 z panem rozmawia\u0142.<\/font><font size=\"2\"><br style=\"font-family: Verdana\" \/><\/font><font style=\"font-family: Verdana\" size=\"2\">I od\u0142o\u017cy\u0142 s\u0142uchawk\u0119. &#8211; Nagra\u0142 si\u0119, czy co?<br \/>\nW kraju, kt\u00f3rego podstaw\u0105 jest demokracja, w kt\u00f3rym wolno\u015b<\/font><font style=\"font-family: Verdana\" size=\"2\">\u0107 s\u0142owa i pogl\u0105d\u00f3w jest prawem ka\u017cdego obywatela<\/font><font size=\"2\"><span style=\"font-family: Verdana\">, prezes instytucji, w kt\u00f3rej trzymam moje pieni\u0105dze, w kt\u00f3rej kandyduj\u0119 do rady dyrektor\u00f3w, kt\u00f3rej jestem cz\u0142onkiem od 23 lat nie b\u0119dzie rozmawia\u0142.<\/span><br style=\"font-family: Verdana\" \/><span style=\"font-family: Verdana\">Komunikat w gazecie g\u0142osi, \u017ce rada dyrektor\u00f3w nie b\u0119dzie bra\u0142a udzia\u0142u w &#8222;terroryzowaniu&#8221; polonijnej spo\u0142eczno\u015bci. A czym\u017cesz by\u0142o zwo\u0142anie walnego zebrania w dzie\u0144 polskiego koncertu w Carnegie Hall?<\/span><br style=\"font-family: Verdana\" \/><span style=\"font-family: Verdana\">Czym\u017cesz jest bezustanne reklamowanie czworga &#8222;najlepszych&#8221; kandydat\u00f3w na koszt cz\u0142onk\u00f3w i pomijanie tych, kt\u00f3rym dziewi\u0119<\/span><\/font><font style=\"font-family: Verdana\" size=\"2\">\u0107 i p\u00f3\u0142 tysi\u0105ca cz\u0142onk\u00f3w podpisa\u0142o popieraj\u0105c\u0105 petycj\u0119?<br \/>\nCzym jest zorganizowanie spotkania z kandydatami w Clark bez zaproszenia tych w\u0142a\u015bnie z petycji?<br \/>\nMy zapraszali\u015bmy wszystkich bez wyj\u0105tku kandydat\u00f3w na spotkania organizowane przez nas. Kilkakro<\/font><font style=\"font-family: Verdana\" size=\"2\">\u0107 zaprasza\u0142em prezesa i innych cz\u0142onk\u00f3w Rady, jako te\u017c i &#8222;najlepszych&#8221; kandydat\u00f3w do programu w telewizji. <\/font><font size=\"2\"><span style=\"font-family: Verdana\">No, c\u00f3\u017c gratuluj\u0119 otwarto\u015bci, gratuluj\u0119 kultury osobistej, gratuluj\u0119 wspania\u0142ej postawy &#8222;lidera&#8221;.<\/span><\/font><br \/>\nKomunikat pos\u0105dza nas &#8211; kandydat\u00f3w z cz\u0142onkowskich petycji, \u017ce chcemy kra\u015b<font style=\"font-family: Verdana\" size=\"2\">\u0107<\/font> pieni\u0105dze z Unii dla Centrum Polsko-S\u0142owia\u0144skiego. Czy wolno nam zatem podejrzewa<font style=\"font-family: Verdana\" size=\"2\">\u0107<\/font>, \u017ce &#8222;uciekaj\u0105c&#8221; do Chicago rada dyrektor\u00f3w, ta z najbli\u017cszego otoczenia prezesa, plus czterech &#8222;najlepszych&#8221; kandydat\u00f3w chce sobie zorganizowa<font style=\"font-family: Verdana\" size=\"2\">\u0107 szerok\u0105 autostrad\u0119 na bezkontrolny przep\u0142yw naszych pieni\u0119dzy do&#8230;czyich kieszeni, jakich organizacji(?). Nigdy nie byli\u015bmy przeciwko dodatkowym sponsorom, tylko dlaczego jeden z nich ma by<\/font><font style=\"font-family: Verdana\" size=\"2\">\u0107 terroryzowany i dyskryminowany? <\/font><font style=\"font-family: Verdana\" size=\"2\">Nie dopu\u015b<\/font><font style=\"font-family: Verdana\" size=\"2\">\u0107my do tego, aby dorobek pokole\u0144 sta\u0142 si\u0119 \u0142upem zach\u0142annych ludzi. Zanim pozwolimy na remonty i budowy w Chicago &#8211;\u00a0 \u017c\u0105dajmy rozliczenia inwestycji przy McGuinnes Blvd: dlaczego kosztowa\u0142a dwa razy wi\u0119cej i dlaczego trwa\u0142a d\u0142u\u017cej?<\/font><\/p>\n","protected":false},"excerpt":{"rendered":"<p>Jest pi\u0105tek, 25 wrze\u015bnia. Popo\u0142udniu &#8222;testowa\u0142em&#8221; g\u0142osowanie przez Internet. Jako\u015b dziwnie nie pokazywa\u0142a si\u0119 strona www.election.com ani \u017caden link do tej strony. Wszystko ca\u0142y czas &#8222;sz\u0142o&#8221; do PSFCU. Zastanowi\u0142o mnie to nieco i zdecydowa\u0142em si\u0119 zadzwoni\u0107 do prezesa Matyszczyka. Oto stenogram z tej &#8222;konwersacji&#8221;:<\/p>\n","protected":false},"author":2,"featured_media":0,"comment_status":"open","ping_status":"open","sticky":false,"template":"","format":"standard","meta":[],"categories":[3],"tags":[],"_links":{"self":[{"href":"https:\/\/sporek.com\/blog\/index.php?rest_route=\/wp\/v2\/posts\/203"}],"collection":[{"href":"https:\/\/sporek.com\/blog\/index.php?rest_route=\/wp\/v2\/posts"}],"about":[{"href":"https:\/\/sporek.com\/blog\/index.php?rest_route=\/wp\/v2\/types\/post"}],"author":[{"embeddable":true,"href":"https:\/\/sporek.com\/blog\/index.php?rest_route=\/wp\/v2\/users\/2"}],"replies":[{"embeddable":true,"href":"https:\/\/sporek.com\/blog\/index.php?rest_route=%2Fwp%2Fv2%2Fcomments&post=203"}],"version-history":[{"count":0,"href":"https:\/\/sporek.com\/blog\/index.php?rest_route=\/wp\/v2\/posts\/203\/revisions"}],"wp:attachment":[{"href":"https:\/\/sporek.com\/blog\/index.php?rest_route=%2Fwp%2Fv2%2Fmedia&parent=203"}],"wp:term":[{"taxonomy":"category","embeddable":true,"href":"https:\/\/sporek.com\/blog\/index.php?rest_route=%2Fwp%2Fv2%2Fcategories&post=203"},{"taxonomy":"post_tag","embeddable":true,"href":"https:\/\/sporek.com\/blog\/index.php?rest_route=%2Fwp%2Fv2%2Ftags&post=203"}],"curies":[{"name":"wp","href":"https:\/\/api.w.org\/{rel}","templated":true}]}}