{"id":204,"date":"2009-10-19T23:24:28","date_gmt":"2009-10-20T03:24:28","guid":{"rendered":"http:\/\/sporek.com\/blog\/?p=204"},"modified":"2009-10-27T10:46:26","modified_gmt":"2009-10-27T14:46:26","slug":"prawda-i-kultura","status":"publish","type":"post","link":"https:\/\/sporek.com\/blog\/?p=204","title":{"rendered":"Prawda i kultura"},"content":{"rendered":"<p><font style=\"font-family: Verdana\" size=\"2\">Po niedzielnych cudach, jakie mi si\u0119 przytrafi\u0142y, mam dwie konkluzje:<\/font><!--more--><\/p>\n<p><font style=\"font-family: Verdana\" size=\"2\">1 &#8211; Polonia wybra\u0142a prawd\u0119 szczero\u015b<\/font><font style=\"font-family: Verdana\" size=\"2\">\u0107, lojalno\u015b<\/font><font style=\"font-family: Verdana\" size=\"2\">\u0107 &#8211; to odno\u015bnie wybor\u00f3w do Polsko-S\u0142owia\u0144skiej Federalnej Unii Kredytowej. <\/font><\/p>\n<p><font style=\"font-family: Verdana\" size=\"2\">2 &#8211; Polonia kocha kultur\u0119 &#8211; to po moim jubileuszowym koncercie w Carnegie Hall.<\/font><\/p>\n<p><font style=\"font-family: Verdana\" size=\"2\">Opluwacze z mojego blogu,- dajcie sobie ju\u017c spok\u00f3j. Napisz\u0119 wi\u0119cej, jak wr\u00f3c\u0119 z koncert\u00f3w na Florydzie. A teraz \u017cycz\u0119 ca\u0142ej czw\u00f3rce wybranych, w tym mnie, aby nie prz<\/font><font style=\"font-family: Verdana\" size=\"2\">y\u0107mi\u0142a nas ch\u0119<\/font><font style=\"font-family: Verdana\" size=\"2\">\u0107 zemsty, aby\u015bmy nie przelewali triumfu wygranej na niszczenie tych, kt\u00f3rzy oblewali nas pomyjami. Zajmijmy si\u0119 nasz\u0105 Uni\u0105, a przez ni\u0105 naszym \u015brodowiskiem i zobaczmy, jak pod k\u0105tem zgody z prawem dzia\u0142ali ludzie, kt\u00f3rzy nadal zasiadaj\u0105 w tej radzie i z kt\u00f3rymi przyjdzie nam pracowa<\/font><font style=\"font-family: Verdana\" size=\"2\">\u0107. Je\u015bli by\u0142o \u0142amanie prawa, zg\u0142osimy gdzie trzeba, je\u015bli nie- usi\u0105d\u017cmy do wsp\u00f3lnego sto\u0142u i prowad\u017amy dyskusje. Personalnie nie mam do nikogo pretensji. Zachowanie ka\u017cdego cz\u0142owieka jest jego wizyt\u00f3wk\u0105. Cz\u0142owiek, kt\u00f3ry tydzie\u0144 temu odk\u0142ada\u0142 s\u0142uchawk\u0119 na d\u017awi\u0119k mojego g\u0142osu ma sporo do prze\u0142amania, aby teraz siedzie<\/font><font style=\"font-family: Verdana\" size=\"2\">\u0107 ze mn\u0105 przy jednym stole. \u017bycie zawsze p\u0142aci za niegodziwo\u015bci. My\u015blmy o przysz\u0142o\u015bci naszej Unii i rozwoju naszej, nowojorskiej Polonii. Wszystkim, kt\u00f3rzy tak licznie przybyli na m\u00f3j jubileuszowy koncert z g\u0142\u0119bi serca dzi\u0119kuj\u0119, \u017cycz\u0105c spokoju, zdrowia i wszelkiej pomy\u015blno\u015bci. <\/font><br \/>\n<font style=\"font-family: Verdana\" size=\"2\"> <\/font><\/p>\n","protected":false},"excerpt":{"rendered":"<p>Po niedzielnych cudach, jakie mi si\u0119 przytrafi\u0142y, mam dwie konkluzje:<\/p>\n","protected":false},"author":2,"featured_media":0,"comment_status":"open","ping_status":"open","sticky":false,"template":"","format":"standard","meta":[],"categories":[3],"tags":[],"_links":{"self":[{"href":"https:\/\/sporek.com\/blog\/index.php?rest_route=\/wp\/v2\/posts\/204"}],"collection":[{"href":"https:\/\/sporek.com\/blog\/index.php?rest_route=\/wp\/v2\/posts"}],"about":[{"href":"https:\/\/sporek.com\/blog\/index.php?rest_route=\/wp\/v2\/types\/post"}],"author":[{"embeddable":true,"href":"https:\/\/sporek.com\/blog\/index.php?rest_route=\/wp\/v2\/users\/2"}],"replies":[{"embeddable":true,"href":"https:\/\/sporek.com\/blog\/index.php?rest_route=%2Fwp%2Fv2%2Fcomments&post=204"}],"version-history":[{"count":0,"href":"https:\/\/sporek.com\/blog\/index.php?rest_route=\/wp\/v2\/posts\/204\/revisions"}],"wp:attachment":[{"href":"https:\/\/sporek.com\/blog\/index.php?rest_route=%2Fwp%2Fv2%2Fmedia&parent=204"}],"wp:term":[{"taxonomy":"category","embeddable":true,"href":"https:\/\/sporek.com\/blog\/index.php?rest_route=%2Fwp%2Fv2%2Fcategories&post=204"},{"taxonomy":"post_tag","embeddable":true,"href":"https:\/\/sporek.com\/blog\/index.php?rest_route=%2Fwp%2Fv2%2Ftags&post=204"}],"curies":[{"name":"wp","href":"https:\/\/api.w.org\/{rel}","templated":true}]}}