{"id":205,"date":"2009-11-08T18:01:39","date_gmt":"2009-11-08T22:01:39","guid":{"rendered":"http:\/\/sporek.com\/blog\/?p=205"},"modified":"2009-11-11T16:54:37","modified_gmt":"2009-11-11T20:54:37","slug":"podwojny-tryumf","status":"publish","type":"post","link":"https:\/\/sporek.com\/blog\/?p=205","title":{"rendered":"Podw\u00f3jny tryumf"},"content":{"rendered":"<p><font size=\"2\"><span style=\"font-family: Verdana\"><\/span><span style=\"font-family: Verdana\">Inaczej nie mog\u0119 tego nazwa<\/span><\/font><font style=\"font-family: Verdana\" size=\"2\">\u0107<\/font><font size=\"2\"><span style=\"font-family: Verdana\">; &#8211; 18 pa\u017adzienika, 2009 zapami\u0119tam, jako dzie\u0144 podw\u00f3jnego prezentu otrzymanego od losu. Nawa\u0142nica obelg, podst\u0119p\u00f3w, fa\u0142szu, nieprawdziwej informacji zawartej pod moim \u017cyciorysem na zlecenie radcy prawnego Unii Kredytowej, pr\u00f3by bojkotu koncertu przez decyzj\u0119 by\u0142ego prezesa, Matyszczyka o zorganizowaniu w tym dniu walnego zebrania, okropnych komentarzy na blogu; <\/span><\/font><!--more--><font size=\"2\"><span style=\"font-family: Verdana\">wszystko to nie zdo\u0142a\u0142o wypra<\/span><\/font><font style=\"font-family: Verdana\" size=\"2\">\u0107 m\u00f3zg\u00f3w wyborc\u00f3w i nie zdo\u0142a\u0142o te\u017c zatrzyma<\/font><font style=\"font-family: Verdana\" size=\"2\">\u0107 mi\u0142o\u015bnik\u00f3w muzyki przed przyj\u015bciem do Carnegie Hall. Niebiosa najwyra\u017aniej mia\u0142y mnie w opiece; wszed\u0142em do rady dyrektor\u00f3w, a koncert by\u0142 nies\u0142ychanym sukcesem artystycznym i organizacyjnym. Wy\u0142\u0105czy\u0142em si\u0119 z kampanii wyborczej na prawie trzy tygodnie przed og\u0142oszeniem wynik\u00f3w. Dokladnie wtedy, kiedy powinienem spotyka<\/font><font style=\"font-family: Verdana\" size=\"2\">\u0107 si\u0119 z wyborcami. <\/font><font style=\"font-family: Verdana\" size=\"2\">Dwa ostatnie tygodnie, to po prostu m\u0142yn, jakiego nie prze\u017cy\u0142em ju\u017c dawno: kilka wyjazd\u00f3w do Maryland na pr\u00f3by z orkiestr\u0105 i ch\u00d3rami, koncert w Bel Air i znowu pr\u00f3by, PLUS pr\u00f3by z ch\u00f3rem Katedry \u015aw. Patryka i moim, no i oczywi\u015bcie promocja koncertu, sprzeda\u017c bilet\u00f3w. Widz\u0105c, jak rozwija si\u0119 kampania moich &#8222;rywali&#8221; istotnie zacz\u0105\u0142em w\u0105tpi<\/font><font style=\"font-family: Verdana\" size=\"2\">\u0107 w wyniki wybor\u00f3w, ale z drugiej strony mia\u0142em coraz wi\u0119ksz\u0105 nadziej\u0119 na udany koncert. M\u00f3wi si\u0119, \u017ce dw\u00f3ch srok nie da si\u0119 utrzyma<\/font><font style=\"font-family: Verdana\" size=\"2\">\u0107 za ogon. Utrzyma\u0142em; z pomoc\u0105 Bo\u017c\u0105, najpewniej mojej zmar\u0142ej Matki, Ojca i Brata, kt\u00f3rych codziennie prosi\u0142em o wsparcie. Utrzyma\u0142em jeszcze trzy koncerty na Florydzie. Ludzie odpowiedzialni za kampani\u0119 wyborcz\u0105 z ramienia Unii Kredytowej nazywali nirezale\u017cnych kandydat\u00f3w, w tym oczywi\u015bcie i mnie &#8222;pseudodzia\u0142aczami&#8221;. Jak wida<\/font><font style=\"font-family: Verdana\" size=\"2\">\u0107 &#8222;pseudodzia\u0142acz&#8221; te\u017c co\u015b potrafi.<\/font><font size=\"2\"><br style=\"font-family: Verdana\" \/> <\/font><font style=\"font-family: Verdana\" size=\"2\">Najpierw by\u0142 wi\u0119c koncert; jedenastu slolist\u00f3w, trzech dyrygent\u00f3w, 185 \u015bpiewak\u00f3w w ch\u00f3rach i ponad stuosobowa orkiestra. Profesor David Dubal nie m\u00f3g\u0142 znale\u017a<\/font><font style=\"font-family: Verdana\" size=\"2\">\u0107 s\u0142\u00f3w uznania za poziom artystyczny, a co do organizacji, to przyzna\u0142, \u017ce po prostu go zatka\u0142o. Gdy us\u0142ysza\u0142, \u017ce nie mam nawet p\u00f3\u0142 etatu sekretarki, uzna\u0142 mnie za geniusza. <\/font><font size=\"2\"><span style=\"font-family: Verdana\">Arty\u015bci wy\u015bmienici, a z tych najwa\u017cniejszych to Monika Woli\u0144ska, znakomita dyrygentka z Warszawy,-poprowadzi\u0142a mistrzowsko Stabat Mater, Stanis\u0142awa Moryto. Rz\u0105dzi\u0142a 300-osobowym aparatem wykonawczym (orkiestra, ch\u00f3ry, solistka), jak caryca. Nazwa\u0142em ja te\u017c &#8222;Caryc\u0105 batuty&#8221;. Kiedy widzia\u0142em jej prac\u0119 z orkiestr\u0105 i ch\u00f3rami by\u0142em po prostu ol\u015bniony warsztatem, wiedz\u0105 i charyzm\u0105 tej m\u0142odej artystki. Razem z ni\u0105 na scenie, solow\u0105 parti\u0119 Stabat Mater wykona\u0142a Anna Kostrzy\u0144ska &#8211; jedyna chyba polska \u015bpiewaczka, kt\u00f3ra wyst\u0105pi\u0142a we wszystkich trzech salach Carnegie Hall, przy czym podw\u00f3jnie w Weill Recital Hall i podw\u00f3jnie w Zankel Hall, za ka\u017cdym razem oczarowuj\u0105c publiczno\u015b<\/span><\/font><font style=\"font-family: Verdana\" size=\"2\">\u0107 swoim g\u0142osem i interpretacjami. Je\u015bli do\u0142o\u017cy<\/font><font style=\"font-family: Verdana\" size=\"2\">\u0107 do tego niezapomniany wyst\u0119p w Katedrze \u015aw. Patryka sprzed dw\u00f3ch lat, to przyzna<\/font><font style=\"font-family: Verdana\" size=\"2\">\u0107<\/font><font style=\"font-family: Verdana\" size=\"2\"> trzeba, \u017ce Anna Kostrzy\u0144ska by\u0142a jedn\u0105 z najbardziej eminentnych artystek mojego koncertu. Tego dnia nastawiona niezwykle tw\u00f3rczo, bez cienia tremy, z rz\u0105dz\u0105 wyj\u015bcia na scen\u0119 i owej swoistej walki z orkiestr\u0105 i ch\u00f3rami. Stabat Mater sta\u0142o si\u0119 autentycznym &#8222;gwo\u017adziem&#8221; mojego koncertu jubileuszowego<\/font><font size=\"2\"><span style=\"font-family: Verdana\">. Ale inni arty\u015bci r\u00f3wnie\u017c dali niezwyk\u0142y pokaz swojej sztuki: fantastyczna Beata Bili\u0144ska, I-a Dama polskiej pianistyki, kt\u00f3r\u0105 po chopinowskich mazurkach publiczno\u015b<\/span><\/font><font style=\"font-family: Verdana\" size=\"2\">\u0107 nazwa\u0142a &#8222;czarodziejk\u0105 fortepianu&#8221;, Jacek Zganiacz, znakomity, jak zawsze, tym razem w &#8222;Fantazji na tematy polskie&#8221;, Chopina, z orkiestr\u0105<\/font><font size=\"2\"><span style=\"font-family: Verdana\">, pod dyrekcj\u0105 Sheldona Baira. \u015awietni Emily White, Joseph Smith, Howard Aibel, kapitalna Kinga Augustyn, na skrzypcach, no i moich dwoje wspania\u0142ych uczni\u00f3w: absolwent Jacek B\u0142aszkiewicz znakomicie zagra\u0142 etiud\u0119 Liszta i o\u015bmioletnia Vania Xiang, jedna z moich najm\u0142odszych uczennic, kt\u00f3ra rewelacyjnie wykona\u0142a Krakowiaka, K. Szymanowskiego.<\/span><br style=\"font-family: Verdana\" \/> <span style=\"font-family: Verdana\">Satysfakcja ogromna. W ocenie Davida Dubala m\u00f3j jubileuszowy koncert sta\u0142 na &#8222;najwy\u017cszym poziomie Carnegie Hall&#8221;. Z ust takiego autorytetu, taka ocena, to po prostu &#8222;oskar&#8221;. Ju\u017c to, \u017ce Profesor Dubal podj\u0105\u0142 si\u0119 prowadzenia mojego koncertu by\u0142o dla mnie ogromnym wyr\u00f3\u017cnieniem i zaszczytem, a jego opinie przesz\u0142y moje naj\u015bmielsze oczekiwania. Wzruszy\u0142y mnie s\u0142owa artyst\u00f3w i polskich i ameryka\u0144skich, wzruszy\u0142y s\u0142owa cz\u0142onk\u00f3w orkiestry, dyrygent\u00f3w, ch\u00f3rzyst\u00f3w i ch\u00f3rmistrz\u00f3w. S\u0142owa podziwu, podzi\u0119ki, sympatii i oddania w sztuce. Nic nie mo\u017ce by<\/span><\/font><font style=\"font-family: Verdana\" size=\"2\">\u0107 do ko\u0144ca pi\u0119kne. Musia\u0142em, niestety \u015bwieci<\/font><font style=\"font-family: Verdana\" size=\"2\">\u0107 oczami przed artystami, sponsorami i przyjaci\u00f3\u0142mi, kt\u00f3rych du\u017co wcze\u015bniej poinformowa\u0142em o planowanym przyj\u0119ciu pokoncertowym w konsulacie. Niestety, na trzy dni przed koncertem otrzyma\u0142em e-mail od konsula Kasprzyka, \u017ce przyj\u0119cia nie b\u0119dzie<\/font><font size=\"2\"><span style=\"font-family: Verdana\">, bo jest wymiana okien. Zapyta\u0142em sam siebie: w niedziel\u0119? Potem zapyta\u0142em w kilku restauracjach, kt\u00f3re z regu\u0142y robi\u0105 catering w konsulacie, czy konsulat w og\u00f3le kiedykolwiek zam\u00f3wi\u0142 catering. No, c\u00f3\u017c, nigdy i w \u017cadnej. Chyba, \u017ce jest jaka\u015b restauracja, kt\u00f3ra mia\u0142a &#8222;zadebiutowa<\/span><\/font><font style=\"font-family: Verdana\" size=\"2\">\u0107&#8221; w konsulacie. Natomiast poinformowanie mnie o odwo\u0142aniu przyj\u0119cia na trzy dni przed by\u0142o popisem lekcewa\u017cenia i zignorowania cz\u0142owieka, kt\u00f3ry po\u015bwi\u0119ci\u0142 20 lat promocji Polski poprzez muzyk\u0119. Przyj\u0119cie zapowiedziane by\u0142o przez pana konsula w marcu, podczas naszej pierwszej rozmowy na temat mojego jubileuszu.<\/font><font size=\"2\"><span style=\"font-family: Verdana\"> Konsul nadmieni\u0142 co\u015b r\u00f3wnie\u017c o odznaczeniu. Gdybym wiedzia\u0142 o tym tydzie\u0144 wcze\u015bniej zrobi\u0142bym jeszcze jeden &#8222;rzut na ta\u015bm\u0119&#8221; i zarezerwowa\u0142 jak\u0105\u015b restauracj\u0119. Maj\u0105c trzy dni, niestety by\u0142o ju\u017c za p\u00f3\u017ano. Nie wspomn\u0119 ju\u017c komentarzy i rozczarowania artyst\u00f3w, a szczeg\u00f3lnie orkiestry i ch\u00f3r\u00f3w, kt\u00f3re jecha\u0142y cztery godziny w jedn\u0105 stron\u0119, i kt\u00f3rym nie by\u0142em ju\u017c w stanie zeserwowa<\/span><\/font><font style=\"font-family: Verdana\" size=\"2\">\u0107 nawet <\/font><font size=\"2\"><span style=\"font-family: Verdana\">herbaty z kanapk\u0105. Po koncercie w Katedrze, dwa lata temu, orkiestra dosta\u0142a na drog\u0119 wszystko, co Centrum Polsko-S\u0142owia\u0144skie przygotowa\u0142o na pocz\u0119stunek, kt\u00f3rego z powodu wypadku nie zjedli przed koncertem. Zatrzymali si\u0119 na pierwszym zaje\u017adzie i dope\u0142nili uczty delektuj\u0105c si\u0119 wspania\u0142o\u015bciami polskiej kuchni. Poza wszystkim arty\u015bci chcieli spotka<\/span><\/font><font style=\"font-family: Verdana\" size=\"2\">\u0107 si\u0119 ze sponsorami i z polskimi dyplomatami; sponsorzy chcieli pozna<\/font><font style=\"font-family: Verdana\" size=\"2\">\u0107 artyst\u00f3w. Chcieli\u015bmy wsp\u00f3lnie uczci<\/font><font style=\"font-family: Verdana\" size=\"2\">\u0107 t\u0119 wspania\u0142\u0105 okazj\u0119 do wielkiego, rodzinnego, artystycznego spotkania. Niestety. Kiedy tydzie\u0144 przed moim koncertem prezydent Kaczy\u0144ski odznacza\u0142 przy poparciu konsulatu kilku polonijnych dzia\u0142aczy zastanawia\u0142em si\u0119, co oni dla Polonii zrobili? Sk\u0105d bior\u0105 si\u0119 te konsularne &#8222;zaopiniowania&#8221;, \u017ce wszyscy oni zas\u0142u\u017cyli. No, c\u00f3\u017c<\/font><font size=\"2\"><span style=\"font-family: Verdana\">. Z rozrzewnieniem wspominam, jak po pierwszym koncercie w Carnegie, w listopadzie, 1999 konsul Jadowski zaprosi\u0142 mnie do konsulatu, wr\u0119czy\u0142 mi wspania\u0142\u0105 Z\u0142ot\u0105 Ksi\u0119g\u0119 Polskiej Pie\u015bni z niezwyk\u0142ej tre\u015bci dedykacj\u0105, a potem by\u0142 Krzy\u017c Zas\u0142ugi, a podczas koncertu na scen\u0119 wniesiono pot\u0119\u017cny kosz, pi\u0119knie przybranych bia\u0142o-czerwonych r\u00f3\u017c z podzi\u0119kowaniem dla wszystkich artyst\u00f3w i kiedy por\u00f3wnam to z oboj\u0119tno\u015bci\u0105 jakiej dozna\u0142em teraz, to po prostu robi mi si\u0119 md\u0142o. Ca\u0142e szcz\u0119\u015bcie, \u017ce b\u0119d\u0119 to pami\u0119ta\u0142 tylko przez kr\u00f3tki czas, bo pomys\u0142y na nowe muzyczne wydarzenia ju\u017c k\u0142\u0119bi\u0105 si\u0119 pod moj\u0105 czaszk\u0105. Co do Unii Kredytowej, to nie mam poj\u0119cia, ani te\u017c nie mam ochoty wiedzie<\/span><\/font><font style=\"font-family: Verdana\" size=\"2\">\u0107, jak czuj\u0105 si\u0119 ci wszyscy, kt\u00f3rzy podk\u0142adali mi nogi, rzucali k\u0142ody, aby ani koncert, ani wybory nie da\u0142y mi \u017cadnej satysfakcji<\/font><font size=\"2\"><span style=\"font-family: Verdana\">. Czy kiedy\u015b us\u0142ysz\u0119 &#8222;przepraszamy&#8221;? W\u0105tpi\u0119. Tym wi\u0119c wi\u0119ksze i g\u0142\u0119bsze moje podzi\u0119kowania dla tych, kt\u00f3rzy swoimi g\u0142osami spowodowali, \u017ce wszed\u0142em do rady dyrektor\u00f3w i r\u00f3wnie wielkie i g\u0142\u0119bokie podzi\u0119kowania tym, kt\u00f3rzy zdecydowali si\u0119 przyj\u015b<\/span><\/font><font style=\"font-family: Verdana\" size=\"2\">\u0107 na koncert. Zawiod\u0142y instytucje chlubi\u0105ce si\u0119 prac\u0105 dla zjednoczenia Polonii, nie zawiod\u0142a sama Polonia. DZI\u0118KUJ\u0118 !!!!<\/font><font size=\"2\"><br style=\"font-family: Verdana\" \/> <span style=\"font-family: Verdana\">Najprawdopodobniej w styczniu pobijamy rekord Guinnesa w d\u0142ugo\u015bci gry na fortepianie. Polski pianista Romuald Koperski zdecydowa\u0142 si\u0119 gra<\/span><\/font><font style=\"font-family: Verdana\" size=\"2\">\u0107 ponad sto (100) godzin i ca\u0142kowicie odda\u0142 si\u0119 w r\u0119ce Heleny Kwiatkowskiej i moje. To b\u0119dzie niezwyk\u0142a przygoda, trwaj\u0105ca kilka dni i kilka nocy bez przerwy. Interesuj\u0105 si\u0119 tym powa\u017cne instytucje ameryka\u0144skie. Chcemy zrobi<\/font><font style=\"font-family: Verdana\" size=\"2\">\u0107 to w kt\u00f3rym\u015b z najbardziej luksusowych hoteli w Manhattanie. Guinnes ju\u017c wie i przysla\u0142 potwierdzenia. No, chyba, \u017ce pianista zmieni zdanie i b\u0119dzie to chcia\u0142 zrobi<\/font><font style=\"font-family: Verdana\" size=\"2\">\u0107 w Polsce.<\/font><font style=\"font-family: Verdana\" size=\"2\"> A wi\u0119c do roboty. A potem b\u0119dzie Waldemar Malicki z Zenonem Laskowikiem, Beata Bili\u0144ska z Ann\u0105 Kostrzy\u0144sk\u0105 w Mazurkach, Chopina i Kinga Augustyn ze swoim pianist\u0105 w Chopinie, Schumannie i Kar\u0142owiczu i pewnie wiele innych, bo<\/font><font style=\"font-family: Verdana\" size=\"2\">\u0107 to przecie ROK FRYDERYKA.<\/font><font size=\"2\"><br style=\"font-family: Verdana\" \/> <span style=\"font-family: Verdana\">A Unia Kredytowa? No c\u00f3\u017c, odm\u00f3wi\u0142em wszelkich funkcji, chc\u0119 patrze<\/span><\/font><font style=\"font-family: Verdana\" size=\"2\">\u0107 na r\u0119ce nie tylko tym, kt\u00f3rzy byli, ale i tym, kt\u00f3rzy s\u0105 teraz<\/font><font size=\"2\"><span style=\"font-family: Verdana\">.<\/span><br style=\"font-family: Verdana\" \/> A wi\u0119c podw\u00f3jny tryumf, a pora\u017ckami nie ma si\u0119 co przejmowa<\/font><font style=\"font-family: Verdana\" size=\"2\">\u0107, ostatecznie to nie ja je ponios\u0142em.<br \/>\n<\/font><\/p>\n","protected":false},"excerpt":{"rendered":"<p>Inaczej nie mog\u0119 tego nazwa\u0107; &#8211; 18 pa\u017adzienika, 2009 zapami\u0119tam, jako dzie\u0144 podw\u00f3jnego prezentu otrzymanego od losu. Nawa\u0142nica obelg, podst\u0119p\u00f3w, fa\u0142szu, nieprawdziwej informacji zawartej pod moim \u017cyciorysem na zlecenie radcy prawnego Unii Kredytowej, pr\u00f3by bojkotu koncertu przez decyzj\u0119 by\u0142ego prezesa, Matyszczyka o zorganizowaniu w tym dniu walnego zebrania, okropnych komentarzy na blogu;<\/p>\n","protected":false},"author":2,"featured_media":0,"comment_status":"open","ping_status":"open","sticky":false,"template":"","format":"standard","meta":[],"categories":[3],"tags":[],"_links":{"self":[{"href":"https:\/\/sporek.com\/blog\/index.php?rest_route=\/wp\/v2\/posts\/205"}],"collection":[{"href":"https:\/\/sporek.com\/blog\/index.php?rest_route=\/wp\/v2\/posts"}],"about":[{"href":"https:\/\/sporek.com\/blog\/index.php?rest_route=\/wp\/v2\/types\/post"}],"author":[{"embeddable":true,"href":"https:\/\/sporek.com\/blog\/index.php?rest_route=\/wp\/v2\/users\/2"}],"replies":[{"embeddable":true,"href":"https:\/\/sporek.com\/blog\/index.php?rest_route=%2Fwp%2Fv2%2Fcomments&post=205"}],"version-history":[{"count":0,"href":"https:\/\/sporek.com\/blog\/index.php?rest_route=\/wp\/v2\/posts\/205\/revisions"}],"wp:attachment":[{"href":"https:\/\/sporek.com\/blog\/index.php?rest_route=%2Fwp%2Fv2%2Fmedia&parent=205"}],"wp:term":[{"taxonomy":"category","embeddable":true,"href":"https:\/\/sporek.com\/blog\/index.php?rest_route=%2Fwp%2Fv2%2Fcategories&post=205"},{"taxonomy":"post_tag","embeddable":true,"href":"https:\/\/sporek.com\/blog\/index.php?rest_route=%2Fwp%2Fv2%2Ftags&post=205"}],"curies":[{"name":"wp","href":"https:\/\/api.w.org\/{rel}","templated":true}]}}