{"id":208,"date":"2009-11-22T00:32:13","date_gmt":"2009-11-22T04:32:13","guid":{"rendered":"http:\/\/sporek.com\/blog\/?p=208"},"modified":"2009-11-22T00:49:52","modified_gmt":"2009-11-22T04:49:52","slug":"nieswiadoma-europa","status":"publish","type":"post","link":"https:\/\/sporek.com\/blog\/?p=208","title":{"rendered":"Nie\u015bwiadoma Europa"},"content":{"rendered":"<p><font style=\"font-family: Verdana\" size=\"2\">Rok temu (z ok\u0142adem) &#8211; 25 lipca, 2008 na tym blogu zamie\u015bci\u0142em artyku\u0142 pt. &#8222;Sejm, a Traktat Lizbo\u0144ski&#8221;. Ostatecznie traktat jest podpisany, jego zwolennikom ul\u017cy\u0142o, bo Irlandia w drugim referendum, &#8211; kt\u00f3re ostatecznie oceniam, jako przest\u0119pstwo w stosunku do bajdurzonej przez szef\u00f3w Europy DEMOKRACJI, bo przecie\u017c prawo Unii Europejskiej m\u00f3wi jasno, \u017ce ma by<\/font><font style=\"font-family: Verdana\" size=\"2\">\u0107 sto procent g\u0142os\u00f3w na TAK, aby traktat zosta\u0142 ratyfikowany &#8211; powiedzia\u0142a NIE, zatem postanowiono otworzy<\/font><font style=\"font-family: Verdana\" size=\"2\">\u0107 tylne drzwi<\/font><font style=\"font-family: Verdana\" size=\"2\"> i &#8222;zmuszono&#8221; Irlandi\u0119 do ponownego referendum.<\/font><!--more--><br \/>\n<font style=\"font-family: Verdana\" size=\"2\"> W kontek\u015bcie mojego artyku\u0142u sprzed roku i <\/font><font style=\"font-family: Verdana\" size=\"2\">wypowiedzi nie tylko premier\u00f3w r\u00f3\u017cnych kraj\u00f3w, ale przede wszystkim g\u0142\u00f3wnego autora unijnej konstytucji, by\u0142ego prezydenta Francji<\/font><font style=\"font-family: Verdana\" size=\"2\"> Valerego Giscard d&#8217;Estaing ogarnia mnie w\u015bciek\u0142o\u015b<\/font><font style=\"font-family: Verdana\" size=\"2\">\u0107<\/font><font style=\"font-family: Verdana\" size=\"2\">. Ot\u00f3\u017c w\u0142a\u015bnie w okresie, gdy &#8222;zmodyfikowano&#8221; konstytucj\u0119 i nazwano j\u0105 &#8222;traktatem&#8221; ten\u017ce polityk w wywiadzie dla Le Monde powiedzia\u0142 &#8211; (podkre\u015blenia moje):<br \/>\n<\/font><\/p>\n<p style=\"font-family: Verdana\" class=\"MsoNormal\"><font size=\"2\"><em><strong>\u201cW ko\u0144cu nie\u015bwiadomie opinia publiczna przyjmie projekty, kt\u00f3rych nie odwa\u017cymy si\u0119 zaproponowa\u0107 ludziom bezpo\u015brednio.\/&#8230;\/ <u>wszystkie poprzednie projekty<\/u> b\u0119d\u0105 w tek\u015bcie, ale odpowiednio zamaskowane i ukryte\u201d<\/strong>. Le Monde, 14 czerwca, 2007, przedruk w Sunday Telegraph, 1 lipca, 2007.<\/em><\/font><\/p>\n<p><font style=\"font-family: Verdana\" size=\"2\">Bez skrupu\u0142\u00f3w d&#8217;Estaing obna\u017cy\u0142 skandaliczn\u0105 prawd\u0119, \u017ce demokracja w Unii Europejskiej jest wy\u0142\u0105cznie s\u0142owem posi\u0142kowym w kwiecistych przem\u00f3wieniach jej rz\u0105dc\u00f3w. Natomiast pytanie obywateli o cokolwiek jest strat\u0105 czasu. Najlepiej urz\u0105dzi<\/font><font style=\"font-family: Verdana\" size=\"2\">\u0107<\/font><font style=\"font-family: Verdana\" size=\"2\">  to tak, aby &#8222;nie\u015bwiadomi&#8221; obywatele, jak te\u017c cz\u0142onkowie parlament\u00f3w poszczeg\u00f3lnych pa\u0144stw, czyli pos\u0142owie, z kt\u00f3rych wi\u0119koszo\u015b<\/font><font style=\"font-family: Verdana\" size=\"2\">\u0107 charakteryzuje si\u0119 ma\u0142olitra\u017cowymi m\u00f3zgami<\/font><font style=\"font-family: Verdana\" size=\"2\"> nie byli do ko\u0144ca \u015bwiadomi tego, co postuluj\u0105 do ratyfikacji. Niemcy zachowali jak\u0105 tak\u0105 trze\u017awo\u015b<\/font><font style=\"font-family: Verdana\" size=\"2\">\u0107 i oddali spraw\u0119 do s\u0105du. Vaclav Klaus da\u0142 absolutny popis m\u0105dro\u015bci politycznej i tej zwyk\u0142ej, ludzkiej, &#8211; co mu si\u0119 sta\u0142o, \u017ce zmi\u0119k\u0142, nie wiem. Prezydent Kaczy\u0144ski trzyma\u0142 si\u0119 d\u0142ugo, ale pod presj\u0105 sonda\u017cy, PO, PSL, SLD, medi\u00f3w te\u017c w ko\u0144cu znalaz\u0142 wyt\u0142umaczenie: <em>Irlandia, &#8211; je\u015bli w drugim referendum powie TAK, to ja te\u017c podpisz\u0119.<\/em><br \/>\nSzkoda, Panie Prezydencie. Do dzi\u015b nie mam pewno\u015bci, \u017ce polski sejm analizowa\u0142 kiedykolwiek obecny, niestety ju\u017c ratyfikowany traktat.<\/font><font style=\"font-family: Verdana\" size=\"2\"> Z rozk\u0142adu agend na sesjach polskiego parlamentu wynika, \u017ce nie dosz\u0142o ani raz do sejmowej debaty szczeg\u00f3\u0142owej. To jest kolejny skandal i zbrodnia na teorii demokracji. (Ten rz\u0105d pod wodz\u0105 D. Tuska ma zreszt\u0105 na sumieniu inn\u0105 zbrodni\u0119 przeciwko demokracji, cho<\/font><font style=\"font-family: Verdana\" size=\"2\">\u0107by w kwestii ustawy o s\u0142u\u017cbie zdrowia).<br \/>\nJu\u017c w 2007 roku, podobnymi do V. G.d&#8217;Estaing wypowiedziami popisywali si\u0119 inni &#8222;o\u015bwieceni&#8221; politycy:<\/font><\/p>\n<p style=\"font-family: Verdana\" class=\"MsoNormal\"><font size=\"2\">By\u0142y premier W\u0142och, Giulliano Amato (podkre\u015blenia moje): <em><strong>&#8222;Zdecydowano, \u017ce ten dokument <u>ma by\u0107 niezrozumia\u0142y<\/u>. Niezrozumia\u0142y, a wi\u0119c <\/strong><\/em><strong>niekonstytucyjny<\/strong><em><strong>, taki b\u0119dzie odbi\u00f3r. Gdyby by\u0142 od razu jasny, pojawi\u0142yby si\u0119 <u>powody do <\/u><\/strong><\/em><u><strong>zrobienia referendum<\/strong><\/u><em><strong>\u201d<\/strong><\/em><em> Wypowied\u017a podczas spotkania Centrum Reform Europejskich, 12 lipca, 2007.<\/em><\/font><\/p>\n<p style=\"font-family: Verdana\" class=\"MsoNormal\"><font size=\"2\">Karel de Gucht, minister spraw zagranicznych Belgii:<\/font><\/p>\n<p style=\"font-family: Verdana\" class=\"MsoNormal\"><font size=\"2\"><em><strong>\u201eCelem traktatu <u>konstytucyjnego<\/u> by\u0142a <u>czytelno\u015b\u0107<\/u>; celem <u>tego traktatu<\/u> jest <u>nieczytelno\u015b\u0107<\/u>. <u>Konstytucja <\/u>mia\u0142a by\u0107 <u>zrozumia\u0142a<\/u>; <u>ten traktat<\/u> mia\u0142 by\u0107 <u>niejasny<\/u>. <u>Uda\u0142o si\u0119.<\/u>\u201d <\/strong><\/em><em>Flandreinfo, 23 czerwca, 2007.<\/em><\/font><\/p>\n<p><font style=\"font-family: Verdana\" size=\"2\">    &#8222;Uda\u0142o si\u0119&#8221; &#8211; co za ulga, zrobili\u015bmy na szaro miliony ludzi. Jak inaczej interpretowa<\/font><font style=\"font-family: Verdana\" size=\"2\">\u0107 tak\u0105 wypowied\u017a?<br \/>\nKto\u015b powie, \u017ce jestem ci\u0105gle na nie. Ot\u00f3\u017c nieprawda. Chodzi mi wy\u0142\u0105cznie o to, \u017ce obecny traktat wrzucono Europejczykom do garnka z zup\u0105 ponad ich g\u0142owami. Europejczycy byli przeciwko konstytucji, wi\u0119c wymy\u015blono traktat. I oto, co m\u00f3wi (o traktacie w\u0142a\u015bnie), Angela Merkel:<br \/>\n<\/font><\/p>\n<p style=\"font-family: Verdana\" class=\"MsoNormal\"><font size=\"2\"><strong><em>\u201e<u>Istota konstytucji <\/u>zosta\u0142a zachowana. Taka jest prawda\u201d<\/em><\/strong><em> Daily Telegraph, 29 czerwca, 2007.<\/em><\/font><\/p>\n<p><font style=\"font-family: Verdana\" size=\"2\">  Dzielnie sekunduje jej premier Hiszpanii Jose Zapatero:  <em><strong>\u201eZachowali\u015bmy <u>wszystkie istotne punkty konstytucji<\/u>. To jest bez w\u0105tpienia znacznie wi\u0119cej, ni\u017c traktat. To jest projekt o fundamentalnym znaczeniu, traktat nowej Europy\u201d<\/strong><\/em>. <em>Przem\u00f3wienie z 27 czerwca, 2007.<\/em><br \/>\nI ostatecznie przypiecz\u0119towuje sam autor konstytucji unijnej, cytowany, jako pierwszy, Valery Giscard d&#8217;Estaing:<br \/>\n<\/font><\/p>\n<p style=\"font-family: Verdana\" class=\"MsoNormal\"><font size=\"2\"><u><strong><em>\u201eTen tekst faktycznie powtarza sam\u0105 istot\u0119 konstytucji\u201d<\/em><\/strong><\/u><\/font><\/p>\n<p><font style=\"font-family: Verdana\" size=\"2\">  To musia\u0142em podkre\u015bli<\/font><font style=\"font-family: Verdana\" size=\"2\">\u0107 w ca\u0142o\u015bci, bo jest perfidnym wyra\u017ceniem ob\u0142udy, jak\u0105 zaserwowano Europejczykom.<br \/>\nI c\u00f3\u017c, &#8211; nowy prezydent Unii Europejskiej jasno wyjawi\u0142 swoje marzenia: jeden hymn dla ca\u0142ej Europy, jedna flaga i&#8230;<br \/>\nA oto pr\u00f3bka sprawozdania z meczu pi\u0142karskiego w niedalekiej przysz\u0142o\u015bci:<br \/>\nProsz\u0119 pa\u0144stwa, za chwil\u0119 b\u0119dziemy \u015bwiadkami fascynuj\u0105cego pojedynku d\u00f3wch znakomitych dru\u017cyn pi\u0142karskich repezentujacych tereny mi\u0119dzy 30 i 31 po\u0142udnikiem zachodnim i 5, a 7 r\u00f3wnole\u017cnikiem p\u00f3\u0142nocnym, z dru\u017cyn\u0105 spod 15 i 17 r\u00f3wnole\u017cnika wschodniego i 7 oraz 8 r\u00f3wnole\u017cnika po\u0142udniowego. Za moment us\u0142yszymy hymny; najpierw hymn dru\u017cyny z 30 i 31 po\u0142udnika: <strong>Oda do rado\u015bci<\/strong>, natomiast zaraz potem us\u0142yszymy hymn dru\u017cyny spod 5 i 7 r\u00f3wnole\u017cnika i b\u0119dzie to&#8230;<strong>Oda do rado\u015bci<\/strong>. I drodzy pa\u0144stwo dzisiejszy pojedynek tych znakomitych dru\u017cyn zadecyduje, kt\u00f3ra dru\u017cyna, spod kt\u00f3rego r\u00f3wnole\u017cnika b\u0119dzie reprezentowa<\/font><font style=\"font-family: Verdana\" size=\"2\">\u0107&#8230;<\/font><font style=\"font-family: Verdana\" size=\"2\">r\u00f3wnole\u017cniki na mistrzostwach Unii Europejskiej. Prosz\u0119 spojrze<\/font><font style=\"font-family: Verdana\" size=\"2\">\u0107 na to morze ro\u017cnobarwnych, niebieskich, z gwiazdkami flag z poszczeg\u00f3lnych r\u00f3wnole\u017cnik\u00f3w i po\u0142udnik\u00f3w, co za wspania\u0142y widok. Przy tak pot\u0119\u017cnym dopingu <\/font><font style=\"font-family: Verdana\" size=\"2\">wymieszanych temperament\u00f3w kibic\u00f3w z po\u0142udnia i z p\u00f3\u0142nocy mo\u017cemy by<\/font><font style=\"font-family: Verdana\" size=\"2\">\u0107 pewni, \u017ce widowisko b\u0119dzie przedniej marki. Widzimy ju\u017c zawodnik\u00f3w<\/font><font style=\"font-family: Verdana\" size=\"2\"> z zachodniej cz\u0119\u015bci; maj\u0105 gustowne trykoty z wymalowanymi na nich po\u0142udnikami odwr\u00f3conymi w lewo, co symbolizuje, \u017ce s\u0105 z zachodu, a na szortach r\u00f3wnole\u017cniki odwr\u00f3cone w g\u00f3r\u0119,\u00a0 co symbolizuje, \u017ce reprezentuj\u0105 po\u0142udnie. O, i w\u0142a\u015bnie wybiegaj\u0105 zawodnicy z dru\u017cyny przeciwnej. Jak\u017ce pi\u0119knie harmonizuj\u0105 teraz po\u0142udniki odwr\u00f3cone w prawo, ale na szortach, co symbolizuje, \u017ce s\u0105 ze wschodu i te r\u00f3wnole\u017cniki na koszulkach, odwr\u00f3cone w d\u00f3\u0142, co symbolizuje, \u017ce reprezentuj\u0105 p\u00f3\u0142noc. Niezwyk\u0142y to widok, drodzy pa\u0144stwo. Gwizdek s\u0119dziego i rozpocz\u0119li. Pi\u0142ka idzie kr\u00f3tkimi podaniami od jednego p\u00f3\u0142nocnika do drugiego p\u00f3\u0142nocnika, oj przepraszam za to przej\u0119zyczenie, ale w ferworze tej zaci\u0119tej gry mo\u017cna si\u0119 pomyli<\/font><font style=\"font-family: Verdana\" size=\"2\">\u0107&#8230;Star\u0142o si\u0119 teraz dw\u00f3ch po\u0142udnik\u00f3w z trzema p\u00f3\u0142nocnikami!!!!, oj przepraszam, zn\u00f3w ten lapsus&#8230;&#8230;&#8230;&#8230;&#8230;&#8230;<br \/>\n&#8230;B\u0119dzie fajnie.<br \/>\n<\/font><\/p>\n","protected":false},"excerpt":{"rendered":"<p>Rok temu (z ok\u0142adem) &#8211; 25 lipca, 2008 na tym blogu zamie\u015bci\u0142em artyku\u0142 pt. &#8222;Sejm, a Traktat Lizbo\u0144ski&#8221;. Ostatecznie traktat jest podpisany, jego zwolennikom ul\u017cy\u0142o, bo Irlandia w drugim referendum, &#8211; kt\u00f3re ostatecznie oceniam, jako przest\u0119pstwo w stosunku do bajdurzonej przez szef\u00f3w Europy DEMOKRACJI, bo przecie\u017c prawo Unii Europejskiej m\u00f3wi jasno, \u017ce ma by\u0107 sto [&hellip;]<\/p>\n","protected":false},"author":2,"featured_media":0,"comment_status":"open","ping_status":"open","sticky":false,"template":"","format":"standard","meta":[],"categories":[4],"tags":[],"_links":{"self":[{"href":"https:\/\/sporek.com\/blog\/index.php?rest_route=\/wp\/v2\/posts\/208"}],"collection":[{"href":"https:\/\/sporek.com\/blog\/index.php?rest_route=\/wp\/v2\/posts"}],"about":[{"href":"https:\/\/sporek.com\/blog\/index.php?rest_route=\/wp\/v2\/types\/post"}],"author":[{"embeddable":true,"href":"https:\/\/sporek.com\/blog\/index.php?rest_route=\/wp\/v2\/users\/2"}],"replies":[{"embeddable":true,"href":"https:\/\/sporek.com\/blog\/index.php?rest_route=%2Fwp%2Fv2%2Fcomments&post=208"}],"version-history":[{"count":0,"href":"https:\/\/sporek.com\/blog\/index.php?rest_route=\/wp\/v2\/posts\/208\/revisions"}],"wp:attachment":[{"href":"https:\/\/sporek.com\/blog\/index.php?rest_route=%2Fwp%2Fv2%2Fmedia&parent=208"}],"wp:term":[{"taxonomy":"category","embeddable":true,"href":"https:\/\/sporek.com\/blog\/index.php?rest_route=%2Fwp%2Fv2%2Fcategories&post=208"},{"taxonomy":"post_tag","embeddable":true,"href":"https:\/\/sporek.com\/blog\/index.php?rest_route=%2Fwp%2Fv2%2Ftags&post=208"}],"curies":[{"name":"wp","href":"https:\/\/api.w.org\/{rel}","templated":true}]}}