{"id":209,"date":"2009-11-25T01:35:48","date_gmt":"2009-11-25T05:35:48","guid":{"rendered":"http:\/\/sporek.com\/blog\/?p=209"},"modified":"2009-11-25T02:12:08","modified_gmt":"2009-11-25T06:12:08","slug":"cieplo-cieplooskar","status":"publish","type":"post","link":"https:\/\/sporek.com\/blog\/?p=209","title":{"rendered":"Ciep\u0142o, ciep\u0142o&#8230;Oskar"},"content":{"rendered":"<p><font size=\"2\">Politycy zwariowali na punkcie traktat\u00f3w; nicejski, lizbo\u0144ski\u2026to ju\u017c historia, niestety &#8211; spe\u0142niona. W grudniu, w Kopenhadze chc\u0105 podpisa<\/font><font style=\"font-family: Verdana\" size=\"2\">\u0107 kolejny, tym razem na temat ocieplenia klimatu. Uwaga ludzie: Nie oddycha<\/font><font style=\"font-family: Verdana\" size=\"2\">\u0107, bo wasz wydech produkuje CO2<\/font><font size=\"2\">, a to ociepla klimat. Uwaga wszystkie morza i oceany; &#8211; nie absorbowa<\/font><font style=\"font-family: Verdana\" size=\"2\">\u0107 i nie <\/font><font size=\"2\">produkowa<\/font><font style=\"font-family: Verdana\" size=\"2\">\u0107 wi\u0119cej dwutlenku, bo to ociepla klimat; uwaga wszystkie ro\u015blinki na ziemskim globie: zaprzesta<\/font><font style=\"font-family: Verdana\" size=\"2\">\u0107 w trybie natychmiastowym wszelkich proces\u00f3w fotosyntetycznych, bo u\u017cywacie do tego dwutlenku w\u0119gla. <\/font><font size=\"2\">Nie musicie by<\/font><font style=\"font-family: Verdana\" size=\"2\">\u0107 zielone, mo\u017cecie by<\/font><font style=\"font-family: Verdana\" size=\"2\">\u0107 szare<\/font><font size=\"2\">!<\/font><!--more--><br \/>\n<font size=\"2\"> Histeria by\u0142ego prezydenta Stan\u00f3w zarazi\u0142a reszt\u0119 politk\u00f3w \u015bwiata i nic ich nie obchodzi, \u017ce dwutlenek w\u0119gla jest w okalaj\u0105cej matk\u0119 Ziemi\u0119 atmosferze od pocz\u0105tk\u00f3w \u015bwiata. \u017baden polityk nie alarmowa\u0142, gdy w latach 1980, 1990 S\u0142o\u0144ce b\u0119d\u0105c w szczytowym momencie periodycznego cyklu swojej aktywno\u015bci wysy\u0142a\u0142o na Ziemi\u0119 rzeczywi\u015bcie wzmocnione fale ciep\u0142a, a samo prze\u017cywa\u0142o nawa\u0142nic\u0119 wybuch\u00f3w. \u017baden polityk nie zainteresowa\u0142 si\u0119 wtedy danymi naukowc\u00f3w z obserwacji istotnego w\u00f3wczas trendu ociepleniowego. Proces ten zako\u0144czy\u0142 sie defintywnie w roku 1998. Od tego czasu nast\u0105pi\u0142o wr\u0119cz och\u0142odzenie klimatu, co zosta\u0142o potwierdzone nawet przez tzw. <em>Intergovernment Panel on Climate Change<\/em> przy ONZ, kt\u00f3ry w\u0142a\u015bnie nami\u0119tnie sekunduje teoriom Gora. Rok 2007 si\u00f3dmy by\u0142\u00a0 najch\u0142odniejszy nie tylko w dekadzie, ale w ca\u0142ym tysi\u0105cleciu. Kampania laureata nagrody Nobla i filmowego Oskara, Ala Gora ma raczej &#8211; i to w prostej linii &#8211; najlepszy rezultat w obecnych 4 dolarach za galon benzyny. I to wszystko na ten temat.<br \/>\nJako\u015b tak si\u0119 od pewnego czasu sk\u0142ada, \u017ce gdy politycy bior\u0105 si\u0119 za ekonomi\u0119, to efekty szybko przeradzaj\u0105 si\u0119 w bilionowe zad\u0142u\u017cenia. Teraz wzi\u0119li si\u0119 za klimat i tylko jeden Pan B\u00f3g mo\u017ce nas ocali<\/font><font style=\"font-family: Verdana\" size=\"2\">\u0107 przed skutkami ich chorej wyobra\u017ani. A skutki b\u0119d\u0105 nieprawdopodobnie bolesne dla dwunogich istot zamieszkuj\u0105cych ziemski glob.<br \/>\n<\/font><font size=\"2\">A oto, co na temat ocieplenia klimatu maj\u0105 do powiedzenia naukowcy:<strong><br \/>\n<font style=\"font-family: Verdana\">Jestem sceptykiem\u2026Globalne ocieplenie sta\u0142o si\u0119 now\u0105 religi\u0105.<\/font><\/strong><\/font><font size=\"2\"><em> Ivar Giaever (Norwegia) Nagroda Nobla &#8211; fizyka-1973<\/em><\/font><\/p>\n<p class=\"MsoNormal\" style=\"text-align: justify; font-family: Verdana\"><font size=\"2\"><strong>Jako naukowiec zachowuj\u0119 sceptycyzm. <\/strong><em>Dr. Joanne Simpson USA, meteorolog NASA (w pierwszej setce najwybitniejszych naukowc\u00f3w XX wieku.)<\/em><\/font><\/p>\n<p class=\"MsoNormal\" style=\"text-align: justify; font-family: Verdana\"><font size=\"2\"><strong>L\u0119ki ociepleniowe to najwi\u0119kszy skandal naukowy w historii<\/strong><\/font><\/p>\n<p class=\"MsoNormal\" style=\"text-align: justify; font-family: Verdana\"><font size=\"2\"><em>Dr. Kiminori Itoh -Japonia, by\u0142y ekspert Mi\u0119dzynarodowego Panelu ONZ ds zmian klimatu.<\/em><\/font><\/p>\n<p class=\"MsoNormal\" style=\"text-align: justify; font-family: Verdana\"><font size=\"2\"><strong>P\u00f3ki co rzeczywiste obserwacje nie uzasadniaj\u0105 obaw ws katastroficznego ocieplenia w przysz\u0142o\u015bci.<\/strong> <em>Dr. Jart R. Ahlbeck -Finlandia<strong>, <\/strong>chemik, dawny cz\u0142onek Greenpeace.<\/em><\/font><\/p>\n<p class=\"MsoNormal\" style=\"text-align: justify; font-family: Verdana\"><font size=\"2\"><strong>Modele i prognozy ONZ s\u0105 nies\u0142uszne; oparte jedynie na modelach matematycznych. Prezentowane scenariusze nie uwzgl\u0119dniaj\u0105 np. aktywno\u015bci S\u0142o\u0144ca. <\/strong><em>Victor Manuel Velasco Herrera (Meksyk) Instytut Geofizyki<\/em><\/font><\/p>\n<p class=\"MsoNormal\" style=\"text-align: justify; font-family: Verdana\"><font size=\"2\"><strong>To wierutne k\u0142amstwo na u\u017cytek medi\u00f3w, jakoby tylko garstka naukowc\u00f3w nie kupi\u0142a teorii globalnego ocieplenia. <\/strong><em>Stanley B. Goldenberg USANational Oceanic and Atmospheric Administration<\/em><\/font><\/p>\n<p class=\"MsoNormal\" style=\"text-align: justify; font-family: Verdana\"><font size=\"2\"><strong>Podwojenie, a nawet potrojenie dwutlenku w\u0119gla b\u0119dzie mie<\/strong><strong><font style=\"font-family: Verdana\">\u0107<\/font><\/strong><\/font><font size=\"2\"><strong> zaledwie minimalny wp\u0142yw<em>. <\/em><\/strong><em>Prof. Geoffrey G, Duffy-Nowa Zelandia Uniwersytet w Aucklend.<\/em><\/font><\/p>\n<p class=\"MsoNormal\" style=\"text-align: justify; font-family: Verdana\"><font size=\"2\"><strong>Szef Panelu ONZ ds. Zmian Klimatu, por\u00f3wnuje sceptyk\u00f3w teorii globalnego ocieplenia do wyznawc\u00f3w koncepcji, \u017ce Ziemia jest p\u0142aska. Trudno w tej sytuacji zachowa<\/strong><strong><font style=\"font-family: Verdana\">\u0107<\/font><\/strong><\/font><font size=\"2\"><strong> milczenie. <\/strong><em>Dr. Wolliam M. Briggs -US Ameryka\u0144skie Stowarzyszenie Meteorologiczne \u201eMonthly Weather Review\u201d.<\/em><\/font><\/p>\n<p class=\"MsoNormal\" style=\"text-align: justify; font-family: Verdana\"><font size=\"2\"><strong>Emisja CO2 nie ma \u017cadnego znaczenia. Ka\u017cdy naukowiec to wie, ale nie op\u0142aca sie o tym m\u00f3wi<\/strong><strong><font style=\"font-family: Verdana\">\u0107<\/font><\/strong><\/font><font size=\"2\"><strong>. <\/strong><em>Dr. Takeda Kurahiko-Japonia Instytut Nauki i Bada\u0144 Technologicznych Uniwersytet Chubu.<\/em><\/font><\/p>\n<p class=\"MsoNormal\" style=\"text-align: justify; font-family: Verdana\"><font size=\"2\"><strong>Globalne ocieplenie ma swoje uzasadnienie: gromadzi fundusze. Kiedy nareszcie nast\u0105pi przebudzenie z tych z\u0142udze\u0144?<\/strong><em> Dr. G Leblanc Smith &#8211; <\/em><em>Australia<\/em> <em>Commonwealth<\/em><em> Scientific and Industrial Research Organization (CSIRO)<\/em><\/font><\/p>\n<p class=\"MsoNormal\" style=\"text-align: justify; font-family: Verdana\"><font size=\"2\"><strong>Ziemia och\u0142adza si\u0119 od 1998, wbrew prognozom ONZ. Globalna temperatura w 2007 by\u0142a najch\u0142odniejsza w dekadzie i w tysi\u0105cleciu\u2026 dlatego \u201eglobalne ocieplenie\u201d obecnie okre\u015bla si\u0119, jako \u201ezmiany klimatyczne\u201d.<\/strong><\/font><\/p>\n<p class=\"MsoNormal\" style=\"text-align: justify; font-family: Verdana\"><font size=\"2\"><em>Dr. Richard Koen, Departament Nauk Atmosferycznych i Oceanicznych. Uniwersytet W Colorado.<\/em><\/font><\/p>\n<p class=\"MsoNormal\" style=\"text-align: justify; font-family: Verdana\"><font size=\"2\">Tysi\u0105ce uczonych z ca\u0142ego \u015bwiata kwestionuje efekt cieplarniany i wiarygodno\u015b<\/font><font style=\"font-family: Verdana\" size=\"2\">\u0107<\/font><font size=\"2\"> Panelu ds. Zmian Klimatu (IPCC) przy ONZ, a polityk\u00f3w to nie interesuje, oni s\u0105 ponad wszystkim i wszystkimi.<br \/>\n<\/font><\/p>\n<p class=\"MsoNormal\" style=\"text-align: justify; font-family: Verdana\"><font size=\"2\">W Sztokholmie mo\u017ce doj\u015b<\/font><font style=\"font-family: Verdana\" size=\"2\">\u0107 do podpisania cyrogoraf\u00f3w ekonomicznych na wiele kraj\u00f3w, w tym oczywi\u015bcie USA, bo obecny prezydent r\u00f3wnie\u017c nie ma ochoty czyta<\/font><font style=\"font-family: Verdana\" size=\"2\">\u0107 innych opinii, a ju\u017c tym bardziej naukowych. Nie wspomn\u0119, \u017ce Polska nie ma \u017cadnych szans, aby finansowo wytrzyma<\/font><font style=\"font-family: Verdana\" size=\"2\">\u0107 to, co zostanie podpisane.<br \/>\n<\/font><\/p>\n<p><font size=\"2\">  Je\u015bli ta strasz\u0105ca wszystkich kampania Gora pt: \u201cGlobal Warming\u201d zacznie dyktowa<\/font><font style=\"font-family: Verdana\" size=\"2\">\u0107 przysz\u0142\u0105 polityk\u0119 naszych rz\u0105d\u00f3w, to obecny kryzys ekonomiczny ma szans\u0119 zamieni<\/font><font style=\"font-family: Verdana\" size=\"2\">\u0107 si\u0119 w recesj\u0119, potem w depresj\u0119, a\u017c w ko\u0144cu nasza wp\u00f3\u0142czesna cywilizacja poleci w otch\u0142a\u0144.<\/font><font size=\"2\"><br \/>\nSzperaj\u0105c w przer\u00f3\u017cnych materia\u0142ach natkn\u0105\u0142em si\u0119, na pewn\u0105 stron\u0119. Wyja\u015bnia bardzo wiele: www.globalclimatescam.com <\/font><\/p>\n","protected":false},"excerpt":{"rendered":"<p>Politycy zwariowali na punkcie traktat\u00f3w; nicejski, lizbo\u0144ski\u2026to ju\u017c historia, niestety &#8211; spe\u0142niona. W grudniu, w Kopenhadze chc\u0105 podpisa\u0107 kolejny, tym razem na temat ocieplenia klimatu. Uwaga ludzie: Nie oddycha\u0107, bo wasz wydech produkuje CO2, a to ociepla klimat. Uwaga wszystkie morza i oceany; &#8211; nie absorbowa\u0107 i nie produkowa\u0107 wi\u0119cej dwutlenku, bo to ociepla klimat; [&hellip;]<\/p>\n","protected":false},"author":2,"featured_media":0,"comment_status":"open","ping_status":"open","sticky":false,"template":"","format":"standard","meta":[],"categories":[1],"tags":[],"_links":{"self":[{"href":"https:\/\/sporek.com\/blog\/index.php?rest_route=\/wp\/v2\/posts\/209"}],"collection":[{"href":"https:\/\/sporek.com\/blog\/index.php?rest_route=\/wp\/v2\/posts"}],"about":[{"href":"https:\/\/sporek.com\/blog\/index.php?rest_route=\/wp\/v2\/types\/post"}],"author":[{"embeddable":true,"href":"https:\/\/sporek.com\/blog\/index.php?rest_route=\/wp\/v2\/users\/2"}],"replies":[{"embeddable":true,"href":"https:\/\/sporek.com\/blog\/index.php?rest_route=%2Fwp%2Fv2%2Fcomments&post=209"}],"version-history":[{"count":0,"href":"https:\/\/sporek.com\/blog\/index.php?rest_route=\/wp\/v2\/posts\/209\/revisions"}],"wp:attachment":[{"href":"https:\/\/sporek.com\/blog\/index.php?rest_route=%2Fwp%2Fv2%2Fmedia&parent=209"}],"wp:term":[{"taxonomy":"category","embeddable":true,"href":"https:\/\/sporek.com\/blog\/index.php?rest_route=%2Fwp%2Fv2%2Fcategories&post=209"},{"taxonomy":"post_tag","embeddable":true,"href":"https:\/\/sporek.com\/blog\/index.php?rest_route=%2Fwp%2Fv2%2Ftags&post=209"}],"curies":[{"name":"wp","href":"https:\/\/api.w.org\/{rel}","templated":true}]}}