{"id":21,"date":"2007-08-08T12:10:29","date_gmt":"2007-08-08T16:10:29","guid":{"rendered":"http:\/\/sporek.com\/blog\/?p=21"},"modified":"2007-09-22T12:21:36","modified_gmt":"2007-09-22T16:21:36","slug":"polska-po-latach-odc-1","status":"publish","type":"post","link":"https:\/\/sporek.com\/blog\/?p=21","title":{"rendered":"Polska po latach. Odc. 1"},"content":{"rendered":"<p goog_ds_charIndex=\"32\"><span goog_ds_charIndex=\"33\" lang=\"PL\">Wybra\u0142em si\u0119 do ojczyzny po czterech latach i jak zwykle oczekiwa\u0142em szokuj\u0105cych zjawisk, jak wtedy, gdy lecia\u0142em tam pierwszy raz po trzynastu latach. <\/span><span goog_ds_charIndex=\"189\" lang=\"PL\">Szoku nie by\u0142o. Mo\u017ce tylko niekt\u00f3re centra handlowe zadziwi\u0142y mnie ameryka\u0144skim rozmachem, mo\u017ce Polacy zrobili si\u0119 barwniejsi, weselsi. <\/span><\/p>\n<p goog_ds_charIndex=\"330\"><span goog_ds_charIndex=\"331\" lang=\"PL\"><span goog_ds_charIndex=\"332\" lang=\"PL\">Ten wst\u0119p b\u0119dzie klamrowa\u0142 wszystkie odcinki o moich wra\u017ceniach z wizyty w Polsce.<\/span><\/span><span goog_ds_charIndex=\"419\" lang=\"PL\">Mia\u0142em mn\u00f3stwo pracy, za\u0142atwiaj\u0105c sprawy zwi\u0105zane z moj\u0105 dzia\u0142alno\u015bci\u0105 w Stanach, uale da\u0142o mi si\u0119 uczestniczy<span goog_ds_charIndex=\"532\" class=\"postbody\">\u0107 w zdarzeniach, kt\u00f3re mnie ol\u015bni\u0142y i przysporzy\u0142y sporo duchowych dozna\u0144. Pierwsze, to znakomity spektakl Teatru \u201ePolonia\u201d, Krystyny Jandy. Trzy, wspania\u0142e aktorki. Ma\u0142a scenka na otwartym terenie:<!--more--><\/span><\/span><\/p>\n<p goog_ds_charIndex=\"330\"><span goog_ds_charIndex=\"419\" lang=\"PL\"><span goog_ds_charIndex=\"532\" class=\"postbody\"><\/span><\/span><span goog_ds_charIndex=\"734\" class=\"postbody\"><span goog_ds_charIndex=\"735\" lang=\"PL\">\u201eLament na Placu Konstytucji\u201d,- historia trzech kobiet reprezentuj\u0105cych trzy r\u00f3\u017cne pokolenia. Zwariowana, poddaj\u0105ca si\u0119 z\u0142ym wp\u0142ywom \u015brodowiska nastolatka, Ma\u0142gorzata Zawadzka; zdradzana, nie pracuj\u0105ca, pe\u0142na wewn\u0119trznych rozczarowa\u0144, rozterek i kl\u0119sk jej matka, Maria Seweryn oraz podsumowuj\u0105ca niejako \u017cycie tych dw\u00f3ch kobiet, ale z perspektywy odstawionej na boczny, emerytalny tor \u017cycia, babcia, Bogus\u0142awa Schubert.<\/span><\/span><span goog_ds_charIndex=\"1159\" lang=\"PL\">Sztuka pokazywana by\u0142a pod arkadami przy Placu Konstytucji, nieopodal siedziby Teatru Krystyny Jandy. Poza tre\u015bci\u0105 zafascynowa\u0142a mnie fantastyczna wr\u0119cz kreacja Marii Seweryn. My\u015bl\u0119, \u017ce ona najzwyczajniej wzi\u0119\u0142a po swoich wielkich rodzicach, wszystko, co w sztuce aktorskiej jest potrzebne.<\/span><\/p>\n<p goog_ds_charIndex=\"330\"><span goog_ds_charIndex=\"1159\" lang=\"PL\">Kiedy, po kilku dniach pobytu w stolicy dojecha\u0142em na \u015al\u0105sk zatakowa\u0142y mnie olbrzymie reklamy obchod\u00f3w \u201eDni Wojciecha Kilara\u201d. Ten wielki kompozytor zas\u0142u\u017cy\u0142 na swoje dni, jak rzadko kto. Katowice pe\u0142ne by\u0142y olbrzymich tabloid\u00f3w ze zdj\u0119ciem kompozytora, a w najbardziej muzycznych miejscach odbywa\u0142y si\u0119 muzyczne uczty tw\u00f3rczo\u015bci Kilara. Wybra\u0142em si\u0119 na spotkanie z Wojciechem Kilarem w katowickim EMPiK-u usytuowanym w \u201eameryka\u0144sko\u201d wygl\u0105daj\u0105cym Silesia Center, olbrzymim centrum handlowym. Inicjatork\u0105 obchod\u00f3w \u201cDni Kilara\u201d by\u0142a \u00a0obecna dyrektor Narodowej<span goog_ds_charIndex=\"2013\"> Orkiestry Symfonicznej Polskiego Radia w Katowicach, Joanna Wnuk-Nazarowa, za\u015b ze strony EMPiK-u<\/span> <span goog_ds_charIndex=\"2114\">organizatork\u0105 autorskiego spotkania by\u0142a przeurocza, m\u0142odziutka specjalistka d\/s PR Dorota Luker. <\/span><\/span><\/p>\n<p goog_ds_charIndex=\"330\"><span goog_ds_charIndex=\"1159\" lang=\"PL\"><span goog_ds_charIndex=\"2114\">Wojciech Kilar, uosobienie skromno\u015bci, a jednak w aureoli ogromnej popularno\u015bci i wielko\u015bci, odpowiada\u0142 na pytania zar\u00f3wno prowadz\u0105cej spotkanie Violetty Rotter-Kozery, z telewizji katowickiej, jak i zgromadzonych wielbicieli kompozytora. Przed spotkaniem naby\u0142em ksi\u0105\u017ck\u0119 \u201eRozmowy z Kilarem\u201d, ktor\u0105 po spotkaniu podsun\u0105\u0142em kompozytorowi do podpisu. W rozmowie prywatnej poinformowa\u0142em Mistrza o planowanym koncercie w Katedrze \u015aw. Patryka, z jego s\u0142ynnym \u201eAngelus\u201d, sk\u0142adaj\u0105c personalne zaproszenie do przyjazdu do Nowego Jorku. Wojciech Kilar ogromnie si\u0119 ucieszyl i nie tylko ustnie przyrzek\u0142 swoj\u0105 obecno\u015b<\/span><span goog_ds_charIndex=\"2822\" class=\"postbody\">\u0107<\/span><span goog_ds_charIndex=\"2825\">, ale wpisuj\u0105c swoj\u0105 dedykacj\u0119 do ksi\u0105\u017cki dopisa\u0142 zdanie: \u201eDo zobaczenia w Nowym Jorku\u201d. <\/span><\/span><\/p>\n<p goog_ds_charIndex=\"330\"><span goog_ds_charIndex=\"1159\" lang=\"PL\"><span goog_ds_charIndex=\"2825\">Jak na skrzyd\u0142ach pogna\u0142em dwa dni p\u00f3\u017aniej do Katedry Chrystusa Kr\u00f3la w Katowicach. Wype\u0142niona po brzegi tysi\u0105cami ludzi Katedra sta\u0142a si\u0119 miejscem niezwyk\u0142ej demonstracji uwielbienia Mistrza przez Katowiczan. W programie Victoria, Angelus i Magnificat. Niezwyk\u0142e prze\u017cycie. Orkiestr\u0105, oraz <\/span><span goog_ds_charIndex=\"3211\">Ch\u00f3rem Polskiego Radia w Krakowie i Ch\u00f3rem Filharmonii \u015al\u0105skiej dyrygowa\u0142 \u0141ukasz Borowicz, a solistami byli Izabela K\u0142osi\u0144ska, Rafa\u0142 Bartmi\u0144ski i Piotr Nowacki,. Ten sam koncert powt\u00f3rzony zosta\u0142 dzie\u0144 p\u00f3\u017aniej w Cz\u0119stochowie. Cudownie, \u017ce Joanna Wnuk-Nazarowa ruszy\u0142a ca\u0142\u0105 t\u0119 machin\u0119 i doprowadzi\u0142a do obchod\u00f3w jubileuszu Kilara z i\u015bcie ameryka\u0144skim rozmachem. Cudownie, \u017ce do\u0142\u0105czyli inni, cudownie, \u017ce Katowice \u201e\u017cy\u0142y\u201d Kilarem przez prawie tydzie\u0144.<\/span><\/span><\/p>\n<p goog_ds_charIndex=\"330\"><span goog_ds_charIndex=\"1159\" lang=\"PL\"><span goog_ds_charIndex=\"3211\"><\/span><\/span><span goog_ds_charIndex=\"3663\" lang=\"PL\">Panie Wojciechu, kochany &#8211; dzi\u0119kujemy za Pana wspania\u0142\u0105 tw\u00f3rczo\u015b<\/span><span goog_ds_charIndex=\"3730\" class=\"postbody\"><span goog_ds_charIndex=\"3731\" lang=\"PL\">\u0107.<\/span><\/span><\/p>\n","protected":false},"excerpt":{"rendered":"<p>Wybra\u0142em si\u0119 do ojczyzny po czterech latach i jak zwykle oczekiwa\u0142em szokuj\u0105cych zjawisk, jak wtedy, gdy lecia\u0142em tam pierwszy raz po trzynastu latach. Szoku nie by\u0142o. Mo\u017ce tylko niekt\u00f3re centra handlowe zadziwi\u0142y mnie ameryka\u0144skim rozmachem, mo\u017ce Polacy zrobili si\u0119 barwniejsi, weselsi. Ten wst\u0119p b\u0119dzie klamrowa\u0142 wszystkie odcinki o moich wra\u017ceniach z wizyty w Polsce.Mia\u0142em mn\u00f3stwo [&hellip;]<\/p>\n","protected":false},"author":2,"featured_media":0,"comment_status":"open","ping_status":"open","sticky":false,"template":"","format":"standard","meta":[],"categories":[1],"tags":[],"_links":{"self":[{"href":"https:\/\/sporek.com\/blog\/index.php?rest_route=\/wp\/v2\/posts\/21"}],"collection":[{"href":"https:\/\/sporek.com\/blog\/index.php?rest_route=\/wp\/v2\/posts"}],"about":[{"href":"https:\/\/sporek.com\/blog\/index.php?rest_route=\/wp\/v2\/types\/post"}],"author":[{"embeddable":true,"href":"https:\/\/sporek.com\/blog\/index.php?rest_route=\/wp\/v2\/users\/2"}],"replies":[{"embeddable":true,"href":"https:\/\/sporek.com\/blog\/index.php?rest_route=%2Fwp%2Fv2%2Fcomments&post=21"}],"version-history":[{"count":0,"href":"https:\/\/sporek.com\/blog\/index.php?rest_route=\/wp\/v2\/posts\/21\/revisions"}],"wp:attachment":[{"href":"https:\/\/sporek.com\/blog\/index.php?rest_route=%2Fwp%2Fv2%2Fmedia&parent=21"}],"wp:term":[{"taxonomy":"category","embeddable":true,"href":"https:\/\/sporek.com\/blog\/index.php?rest_route=%2Fwp%2Fv2%2Fcategories&post=21"},{"taxonomy":"post_tag","embeddable":true,"href":"https:\/\/sporek.com\/blog\/index.php?rest_route=%2Fwp%2Fv2%2Ftags&post=21"}],"curies":[{"name":"wp","href":"https:\/\/api.w.org\/{rel}","templated":true}]}}