{"id":210,"date":"2009-12-06T23:16:01","date_gmt":"2009-12-07T03:16:01","guid":{"rendered":"http:\/\/sporek.com\/blog\/?p=210"},"modified":"2011-04-20T07:00:28","modified_gmt":"2011-04-20T11:00:28","slug":"cieplo-cieplooskar-2","status":"publish","type":"post","link":"https:\/\/sporek.com\/blog\/?p=210","title":{"rendered":"Ciep\u0142o, ciep\u0142o&#8230;Oskar 2"},"content":{"rendered":"<p class=\"MsoNormal\"><font size=\"2\"><span style=\"font-family: Verdana\">Mia\u0142em nadziej\u0119, \u017ce pisz\u0105c poprzedni artyku\u0142 o \u201enowej religii\u201d zwanej \u201eglobalnym ociepleniem\u201d wywo\u0142am jak\u0105\u015b dyskusj\u0119. Odezwa\u0142 si\u0119 tylko jeden Czytelnik i&#8230;zbluzga\u0142 mnie kr\u00f3tkim komentarzem: <strong><em>Tyle jadu, tyle nieprawdy, tyle blefu, w ka\u017cdym zdaniu. Poco.<\/em><\/strong><strong><em>\u201d<\/em><\/strong><\/span> Zacytowa\u0142em, jak napisano.<span style=\"font-family: Verdana\"> <\/span><\/font><!--more--><font size=\"2\"><span style=\"font-family: Verdana\">I oto, w minionym tygodniu obejrza\u0142em w TVP, (subskrypcja Internetowa), program \u201eBronis\u0142aw Wildstein przedstawia\u201d. Ten znakomity dziennikarz, publicysta zaprosi\u0142 do rozmowy czworo ludzi: Mart\u0119 \u015amigrowsk\u0105 &#8211; Eksperta Polskiej Zielonej Sieci d\/s Klimatu i Profesora Leszka Marksa, geologa, wyk\u0142adowcy z Uniwersytetu Warszawskiego, kt\u00f3rzy w pierwszej cz\u0119\u015bci programu mieli rozprawia\u0107<\/span> o szalej\u0105cej po \u015bwiecie torii o zgubnym wp\u0142ywie cz\u0142owieka na ziemski klimat. Najbardziej uderzy\u0142o mnie wyznanie pani Ekspert, \u017ce podstaw\u0105 jej popierania teorii ocieplenia i zgubnej w tym roli cz\u0142owieka s\u0105 raporty IPCC, czyli owego &#8222;panela&#8221; mi\u0119dzyrz\u0105dowego d\/s zmian klimatycznych przy ONZ. Ta pani nie bierze w \u017cadnym przypadku pod uwag\u0119, \u017ce s\u0105 inni naukowcy, \u017ce \u201eprzekl\u0119ty\u201d dwutlenek w\u0119gla towarzyszy Ziemi od jej prehistorycznych pocz\u0105tk\u00f3w, \u017ce analizy zmian klimatycznych wieluset tysi\u0119cy lat wykazuj\u0105 co najmniej cztery okresy, w kt\u00f3rych st\u0119\u017cenie CO2 by\u0142o albo takie, jak teraz, albo bardzo zbli\u017cone. I nie by\u0142o wtedy cz\u0142owieka, nie by\u0142o palenia w\u0119glem, samochod\u00f3w, przemys\u0142u. Dla tej pani wyroczni\u0105 jest IPCC i zasiadaj\u0105cy w tym panelu naukowcy. Dla niej nie s\u0105 wa\u017cne zmiany orbitalne Ziemi, ani aktywno\u015b\u0107 S\u0142o\u0144ca. Pani Ekspert chcia\u0142a sobie podyskutowa\u0107, jak powiedzia\u0142a \u201epolitycznie\u201d. I chyba tu jest tajemnica konfliktu, jaki ogrania \u015bwiat naukowy, publicystyczny, spo\u0142eczny, nie wspominaj\u0105c politycznego.<span style=\"font-family: Verdana\"> Stworzono religi\u0119, system, czy jakkolwiek inaczej to nazwa\u0107<\/span>, w kt\u00f3rych ktokolwiek nie zgadza si\u0119 z opiniami IPCC (celowo nie wymieniam noblisty i laureata Oskara, a by\u0142ego prezydenta Stan\u00f3w Zjednoczonych), &#8211; ten jest wrogiem ludzko\u015bci. Wyciek e-maili z Norwich University w Anglii udowadniaj\u0105cy niejako manipulacj\u0119 naukowc\u00f3w spowodowa\u0142 spore zamieszanie. Czy da to jednak zbieraj\u0105cym si\u0119 w Kopenhadze, ju\u017c od jutra politykom asumpt do rzetelnej dyskusji, czy te\u017c zignoruj\u0105 oni kompletnie ten fakt, a tym samym zignoruj\u0105 opinie \u201eniezale\u017cnych\u201d naukowc\u00f3w, czyli tych spoza IPCC i po prostu podpisz\u0105 protok\u00f3\u0142&#8230;? Tego dowiemy si\u0119 za kilka dni. Je\u015bli podpisz\u0105, to b\u0119dzie oznacza\u0142o, \u017ce wszystkie kraje &#8211; sygnatariusze nowego protoko\u0142u b\u0119d\u0105 si\u0119 musia\u0142y zmierzy\u0107 w najbli\u017cszej przysz\u0142o\u015bci z ogromnymi wydatkami.<span style=\"font-family: Verdana\"> Dla mnie przera\u017caj\u0105ce jest to w\u0142a\u015bnie, \u017ce wywody profesora Marksa z UW by\u0142y dla Eksperta Polskie Zielonej Sieci d\/s Klimatu ca\u0142kowicie bezwarto\u015bciowe. <\/span><span style=\"font-family: Verdana\">Ta pani przyznaje, \u017ce nie jest naukowcem i nie jest w stanie \u015bcie\u015ble analizowa\u0107 raport\u00f3w naukowych, a z drugiej strony twierdzi, \u017ce jedynymi autorytatywnymi s\u0105 w\u0142a\u015bnie opinie naukowc\u00f3w z IPCC &#8211; Interantional Panel on Climate Change &#8211; IPCC. Sta\u0142a si\u0119 rzecz, kt\u00f3r\u0105 mo\u017cna por\u00f3wna\u0107<\/span> jedynie z komunizmem: kto nie jest z nami, jest przeciwko nam i jest gro\u017any.<span style=\"font-family: Verdana\"> Zupe\u0142nie takie samo wra\u017cenie zrobi\u0142a na mnie druga cz\u0119\u015b\u0107<\/span> programu, w kt\u00f3rej spotkali si\u0119: <span style=\"font-family: Verdana\">Dariusz Szwed, Przewodnicz\u0105cy Partii Zielonii, 2004 i Jerzy Strzelecki, socjolog, ekonomista, by\u0142y v-ce minister Przekszta\u0142ce\u0144 W\u0142asno\u015bciowych. I zn\u00f3w, dla szefa Zielonych niewa\u017cne jest np., \u017ce w\u015br\u00f3d gaz\u00f3w cieplarnianych pary wodnej jest procentowo o wiele wi\u0119cej, ni\u017c CO2, \u017ce w XX wieku zmiany klimatyczne odbywa\u0142y si\u0119 mniej wi\u0119cej co 20 lat i to regularnie, \u017ce Milankovic 100 lat temu udowodni\u0142 cykliczne zmiany powodowane zmianami orbitalnymi Ziemi, czyli zmienia si\u0119 o\u015b Ziemi, w konsekwencji czego zmienia si\u0119 klimat i dzieje si\u0119 to cyklicznie. Ten pan ograniczy\u0142 si\u0119 do umoralniaj\u0105cych kaza\u0144 w stosunku do Jerzego Strzeleckiego, kt\u00f3ry co i rusz udowadnia\u0142 mu, \u017ce nie czyta\u0142 ani tych e-maili, kt\u00f3re wyciek\u0142y, ani opinii innych, ni\u017c tych z IPCC naukowc\u00f3w. Wszystko, co dzieje si\u0119 z naszym klimatem, to wina cz\u0142owieka &#8211; cho\u0107 stwierdza si\u0119 jednocze\u015bnie, \u017ce Homo Sapiens ma zaledwie 5% wp\u0142ywu i wina dwutlenku w\u0119gla, cho\u0107<\/span> wp\u0142yw tego gazu ustalono na wysoko\u015bci 3-4%. Profesor Emil Godlewski z Uniwersytetu Jagiello\u0144skiego, jeszcze w XIX wieku naucza\u0142 swoich student\u00f3w, \u017ce CO2 jest niezb\u0119dny dla istnienia i rozwoju naszej planety. Wmawia si\u0119 nam, \u017ce jego emisja musi by\u0107 zmniejszona, bo b\u0119dzie za ciep\u0142o, ale nie s\u0142ysza\u0142em, aby naukowcy z IPCC ostrzegali, \u017ce je\u015bli dojdzie do drastycznego zmniejszenia dwutlenku w\u0119gla w okalaj\u0105cej Ziemi\u0119 atmosferze, to skutki mog\u0105 by\u0107 du\u017co bardziej tragiczne.<span style=\"font-family: Verdana\"> Czasy mamy niew\u0105tpliwie ciekawe; po traktacie lizbo\u0144skim &#8211; z kt\u00f3rego ratyfikacj\u0105 uparcie si\u0119 nie zgadam, po co najmniej dziwnych wyborach nieznanych kompletnie twarzy na stanowiska prezydenta Europy i szefa d\/s zagranicznych b\u0119dziemy mie\u0107 \u201eklimatyczn\u0105 Kopenhag\u0119\u201d, po kt\u00f3rej znowu si\u0119 oka\u017ce, \u017ce kraj \u015arodka b\u0119dzie zanieczyszcza\u0142 atmosfer\u0119 za darmo, a reszta \u015bwiata b\u0119dzie p\u0142aci\u0107<\/span> i stara\u0107 si\u0119 ograniczy\u0107 emisj\u0119 gaz\u00f3w cieplarnianych, bo&#8230;kilku cwanych facet\u00f3w wyczu\u0142o koniunktur\u0119. A mo\u017ce jednak kto\u015b we\u017amie udzia\u0142 w dyskusji? <\/font><\/p>\n<p class=\"MsoNormal\">&nbsp;<\/p>\n<p class=\"MsoNormal\"><font size=\"2\"><span style=\"font-family: Verdana\">\u00a0<\/span><\/font><\/p>\n","protected":false},"excerpt":{"rendered":"<p>Mia\u0142em nadziej\u0119, \u017ce pisz\u0105c poprzedni artyku\u0142 o \u201enowej religii\u201d zwanej \u201eglobalnym ociepleniem\u201d wywo\u0142am jak\u0105\u015b dyskusj\u0119. Odezwa\u0142 si\u0119 tylko jeden Czytelnik i&#8230;zbluzga\u0142 mnie kr\u00f3tkim komentarzem: Tyle jadu, tyle nieprawdy, tyle blefu, w ka\u017cdym zdaniu. Poco.\u201d Zacytowa\u0142em, jak napisano.<\/p>\n","protected":false},"author":2,"featured_media":0,"comment_status":"open","ping_status":"open","sticky":false,"template":"","format":"standard","meta":[],"categories":[1],"tags":[],"_links":{"self":[{"href":"https:\/\/sporek.com\/blog\/index.php?rest_route=\/wp\/v2\/posts\/210"}],"collection":[{"href":"https:\/\/sporek.com\/blog\/index.php?rest_route=\/wp\/v2\/posts"}],"about":[{"href":"https:\/\/sporek.com\/blog\/index.php?rest_route=\/wp\/v2\/types\/post"}],"author":[{"embeddable":true,"href":"https:\/\/sporek.com\/blog\/index.php?rest_route=\/wp\/v2\/users\/2"}],"replies":[{"embeddable":true,"href":"https:\/\/sporek.com\/blog\/index.php?rest_route=%2Fwp%2Fv2%2Fcomments&post=210"}],"version-history":[{"count":0,"href":"https:\/\/sporek.com\/blog\/index.php?rest_route=\/wp\/v2\/posts\/210\/revisions"}],"wp:attachment":[{"href":"https:\/\/sporek.com\/blog\/index.php?rest_route=%2Fwp%2Fv2%2Fmedia&parent=210"}],"wp:term":[{"taxonomy":"category","embeddable":true,"href":"https:\/\/sporek.com\/blog\/index.php?rest_route=%2Fwp%2Fv2%2Fcategories&post=210"},{"taxonomy":"post_tag","embeddable":true,"href":"https:\/\/sporek.com\/blog\/index.php?rest_route=%2Fwp%2Fv2%2Ftags&post=210"}],"curies":[{"name":"wp","href":"https:\/\/api.w.org\/{rel}","templated":true}]}}