{"id":211,"date":"2009-12-24T11:13:28","date_gmt":"2009-12-24T15:13:28","guid":{"rendered":"http:\/\/sporek.com\/blog\/?p=211"},"modified":"2009-12-26T05:35:05","modified_gmt":"2009-12-26T09:35:05","slug":"swieta-nowy-rok","status":"publish","type":"post","link":"https:\/\/sporek.com\/blog\/?p=211","title":{"rendered":"\u015awi\u0119ta, Nowy Rok"},"content":{"rendered":"<p><em><strong><span style=\"color: #cc0000\"><\/span><span style=\"color: #cc0000\">Wszystkim moim Czytelnikom; przyjacio\u0142om, wrogom i ludziom, kt\u00f3rym jestem oboj\u0119tny \u017cycz\u0119 spokojnych, zdrowych i pe\u0142nych rado\u015bci \u015awi\u0105t Bo\u017cego Narodzenia, za\u015b w Nowym, 2010 Roku \u017cycz\u0119 jak najwi\u0119cej pozytywnych zdarze\u0144, kt\u00f3re b\u0119d\u0105 spe\u0142nieniem pragnie\u0144, marze\u0144 i plan\u00f3w. <\/span><br style=\"color: #cc0000\" \/><span style=\"color: #cc0000\">Moim marzeniem jest, aby z naszych s\u0142ownik\u00f3w, ale przede wszystkim z naszych serc, dusz i umys\u0142\u00f3w znikn\u0119\u0142y zawi\u015b\u0107, zazdro\u015b\u0107, z\u0142o\u015bliwo\u015b\u0107 i wszystkie te ma\u0142o\u015bci, kt\u00f3re zatruwaj\u0105 nasze, mi\u0119dzyludzkie relacje.<\/span><\/strong><\/em><!--more--><span style=\"color: #0000ff\"><\/span><\/p>\n<p><span style=\"color: #0000ff\">Sp\u0119dzam cudowne \u015awi\u0119ta z Rodzin\u0105 mojego syna w Polsce; cudowne, bo z synem, cudowne, bo w Polsce. Jak ka\u017cdy wyjazd do Ojczyzny, tak i ten rodzi mn\u00f3stwo temat\u00f3w, kt\u00f3re pewnie przywi\u0105\u017c\u0105 mnie do komputera po powrocie do Nowego Jorku. Czas \u015awi\u0105t, to nie czas, kt\u00f3ry chcia\u0142bym po\u015bwi\u0119ca\u0107 na pisanie, to czas na spotkania, refleksje i skupienie. Spotkania z przyjaci\u00f3\u0142mi w Warszawie, Rybniku przynios\u0142y mi ju\u017c wiele radosnych chwil i z niecierpliwo\u015bci\u0105 czekam na po\u015bwi\u0105teczne spotkania z przyjaci\u00f3\u0142mi i krewnymi na \u015al\u0105sku, w \u017bywcu, Rajczy i znowu w Warszawie. Kiedy tak beztrosko, w przyja\u017ani i serdeczno\u015bci p\u0142yn\u0105 \u015bwi\u0105teczne dni, a\u017c trudno sobie u\u015bwiadamia\u0107, \u017ce gdzie\u015b tam daleko, za &#8222;wielk\u0105 wod\u0105&#8221; mo\u017ce ju\u017c by\u0107 inaczej. Nie chc\u0119 o tym my\u015ble\u0107; chc\u0119, aby to, co jest trwa\u0142o jak najd\u0142u\u017cej. I WSZYSTKIM \u017cycz\u0119 tego samego.<br \/>\n<\/span><\/p>\n","protected":false},"excerpt":{"rendered":"<p>Wszystkim moim Czytelnikom; przyjacio\u0142om, wrogom i ludziom, kt\u00f3rym jestem oboj\u0119tny \u017cycz\u0119 spokojnych, zdrowych i pe\u0142nych rado\u015bci \u015awi\u0105t Bo\u017cego Narodzenia, za\u015b w Nowym, 2010 Roku \u017cycz\u0119 jak najwi\u0119cej pozytywnych zdarze\u0144, kt\u00f3re b\u0119d\u0105 spe\u0142nieniem pragnie\u0144, marze\u0144 i plan\u00f3w. Moim marzeniem jest, aby z naszych s\u0142ownik\u00f3w, ale przede wszystkim z naszych serc, dusz i umys\u0142\u00f3w znikn\u0119\u0142y zawi\u015b\u0107, zazdro\u015b\u0107, [&hellip;]<\/p>\n","protected":false},"author":2,"featured_media":0,"comment_status":"open","ping_status":"open","sticky":false,"template":"","format":"standard","meta":[],"categories":[1],"tags":[],"_links":{"self":[{"href":"https:\/\/sporek.com\/blog\/index.php?rest_route=\/wp\/v2\/posts\/211"}],"collection":[{"href":"https:\/\/sporek.com\/blog\/index.php?rest_route=\/wp\/v2\/posts"}],"about":[{"href":"https:\/\/sporek.com\/blog\/index.php?rest_route=\/wp\/v2\/types\/post"}],"author":[{"embeddable":true,"href":"https:\/\/sporek.com\/blog\/index.php?rest_route=\/wp\/v2\/users\/2"}],"replies":[{"embeddable":true,"href":"https:\/\/sporek.com\/blog\/index.php?rest_route=%2Fwp%2Fv2%2Fcomments&post=211"}],"version-history":[{"count":0,"href":"https:\/\/sporek.com\/blog\/index.php?rest_route=\/wp\/v2\/posts\/211\/revisions"}],"wp:attachment":[{"href":"https:\/\/sporek.com\/blog\/index.php?rest_route=%2Fwp%2Fv2%2Fmedia&parent=211"}],"wp:term":[{"taxonomy":"category","embeddable":true,"href":"https:\/\/sporek.com\/blog\/index.php?rest_route=%2Fwp%2Fv2%2Fcategories&post=211"},{"taxonomy":"post_tag","embeddable":true,"href":"https:\/\/sporek.com\/blog\/index.php?rest_route=%2Fwp%2Fv2%2Ftags&post=211"}],"curies":[{"name":"wp","href":"https:\/\/api.w.org\/{rel}","templated":true}]}}