{"id":213,"date":"2010-01-17T00:44:42","date_gmt":"2010-01-17T04:44:42","guid":{"rendered":"http:\/\/sporek.com\/blog\/?p=213"},"modified":"2010-01-28T02:27:37","modified_gmt":"2010-01-28T06:27:37","slug":"klamstwa-klamstwa-klamstwa","status":"publish","type":"post","link":"https:\/\/sporek.com\/blog\/?p=213","title":{"rendered":"K\u0142amstwa, k\u0142amstwa, k\u0142amstwa"},"content":{"rendered":"<p><font size=\"2\">Nigdy jeszcze podzia\u0142 Polonii nie by\u0142 tak mocny. Nigdy jeszcze nienawi\u015b<\/font><font size=\"2\">\u0107 nie by\u0142a tak wielka. Oto przyjaciel oskar\u017ca przyjaciela o pisanie paszkwil\u00f3w, oto przed wej\u015bciem do oddzia\u0142u przy Greenpoint Avenue naskakuje na mnie niejaki Jan Welenc i wymachuje przed moim nosem jak\u0105\u015b petycj\u0105, sprawiaj\u0105c wra\u017cenie cz\u0142owieka kompletnie chorego z jakiej\u015b dziwnej nienawi\u015bci, a ja widzia\u0142em go w \u017cyciu dwa razy. <\/font><!--more--><font size=\"2\">Na stronie jednej z cz\u0142onki\u0144 poprzedniej rady, kt\u00f3ra, niestety teraz te\u017c w niej zasiada ukazuje sie elaborat na temat tego, jak tragiczne w skutkach s\u0105 i coraz bardziej b\u0119d\u0105 dzia\u0142ania nowo-wybranej Rady Dyrektor\u00f3w. Wierzbowska paple w radiu o jakich\u015b milionowych stratach, kt\u00f3re ju\u017c podobno ponie\u015bli\u015bmy, jako Unia, czym dowodzi, \u017ce kompletnie nie wie o co chodzi, bo myli przekazywanie sk\u0142adek z wydawaniem pieni\u0119dzy z kapita\u0142u &#8211; co ona robi w tej radzie&#8230;?<br \/>\nI wszystko by\u0142oby OK, spokojnie, i cacy, gdyby nadal funkcjonowa\u0142a poprzednia rada, gdyby nadal funkcjonowa\u0142a komisja rewizyjna-, by\u0142oby cudownie. Dlaczego? Bo wszystkie informacje zawarte w tym tek\u015bcie s\u0105 odzwierciedleniem zaniedba\u0144 poprzedniej rady, kt\u00f3ra teraz chce obarczy<\/font><font size=\"2\">\u0107 nimi obecny zarz\u0105d, a w\u0142a\u015bciwie tylko tych, kt\u00f3rzy ani przedtem, ani teraz nie chc\u0105 wchodzi<\/font><font size=\"2\">\u0107 w kumplowanie si\u0119 z Matyszczykiem, Baumgartner, Sawczuk, W\u0105do\u0142owsk\u0105, i Wierzbowsk\u0105. Matyszczyk mija si\u0119 z prawd\u0105, kiedy tylko otworzy usta i m\u00f3wi na m\u00f3j temat . Oto s\u0142ysz\u0119 w radiu, \u017ce trzeba by da<\/font><font size=\"2\">\u0107 do Nowego Dziennika sprostowanie, &#8222;bo notatka o bankructwie p. Sporka pod jego \u017cyciorysem by\u0142a k\u0142amliwa&#8221;. A co, ja sobie j\u0105 sam napisa\u0142em? On by\u0142 przy tym i zaciera\u0142 r\u0119ce, \u017ce mogli mi do\u0142o\u017cy<\/font><font size=\"2\">\u0107. Ale sprostowania, jak nie by\u0142o tak nie ma. Ten\u017ce sam by\u0142y prezes Matyszczyk deklaruje, \u017ce rozsta\u0142 si\u0119 ze mn\u0105 po gentleme\u0144sku. Wygl\u0105da na to, \u017ce facet nie ma poj\u0119cia, co oznacza to okre\u015blenie. A by\u0142o dok\u0142adnie odwrotnie. Na jednym z zebra\u0144 K. Matyszczyk zaapelowa\u0142 do nas, aby\u015bmy zaprzestali dzia\u0142ania we frakcjach i tu\u017c po zako\u0144czeniu zebrania zwr\u00f3ci\u0142 si\u0119 do Prezesa Bortnika o pozwolenie mu na spotkanie z jego grup\u0105: <\/font><font size=\"2\">Baumgartner, Sawczuk, W\u0105do\u0142owsk\u0105, i Wierzbowsk\u0105, w&#8230;pokoju obok. Wry\u0142o nas wszystkich w pod\u0142og\u0119. Jak to? -Koniec z frakcjami, czy dopiero pocz\u0105tek? I w\u0142a\u015bnie ja zada\u0142em mu pytanie: Panie Krzysztofie, apelowa\u0142 pan o zlikwidowanie frakcji, a teraz robi pan sekretne spotkanie ze swoj\u0105 grup\u0105? Na to pan Matyszczyk spojrza\u0142 na mnie i wycedzi\u0142: &#8222;z panem nie b\u0119d\u0119 o tym rozmawia\u0142&#8221;.\u00a0 Wi\u0119c odpowiedzia\u0142em r\u00f3wnie &#8222;grzecznie&#8221;: &#8222;Przede wszystkim, to ja z panem nie b\u0119d\u0119 rozmawia\u0142, bo k\u0142amie pan w \u017cywe oczy, dobranoc&#8221;. Wysoce gentleme\u0144ski spos\u00f3b rozstania.<br \/>\nWyw\u00f3d w tek\u015bcie podpisanym przez w\/w osoby na temat 2\/3 g\u0142os\u00f3w potrzebnych do zmiany statutu Unii Kredytowej jest jak nabardziej prawdziwy, tyle, \u017ce dotyczy w\u0142a\u015bnie grupy Matyszczyka, kt\u00f3r\u0105 podejrzewali\u015bmy o ch\u0119<\/font><font size=\"2\">\u0107<\/font><font size=\"2\"> zagarni\u0119cia Unii dla siebie. Napisali o nas to, co sami chcieli uczyni<\/font><font size=\"2\">\u0107<\/font><font size=\"2\">, bo znaj\u0105 si\u0119, jak \u0142yse konie, &#8211; s\u0105 przecie\u017c w tej radzie od kilku lat, przez taki okres mo\u017cna si\u0119 nie\u017ale &#8222;zaprzyja\u017ani<\/font><font size=\"2\">\u0107&#8221;<\/font><font size=\"2\">, zw\u0142aszcza, gdy w gr\u0119 wchod\u0105 miliony dolar\u00f3w.<br \/>\nA ju\u017c najbardziej boli ich temat wybor\u00f3w. Tegorocznych. Bo kilkoro z nich ko\u0144czy kadencj\u0119 i cz\u0142onkowie na pewno ich nie wybior\u0105. A przede wszystkim by\u0142ego prezesa, kt\u00f3rego sta\u017c w radzie si\u0119ga kilkunastu lat.<br \/>\nMa\u0142a dygresja: Je\u017celi m\u00f3wi si\u0119, \u017ce w Centrum dziej\u0105 si\u0119 przekr\u0119ty, to w tym Centrum jest do przekr\u0119cenia owe 403 tysi\u0105ce, a analogicznie w Unii mo\u017cna to liczy<\/font><font size=\"2\">\u0107<\/font> w milionach, wi\u0119c po co te pos\u0105dzenia i oskar\u017cenia, je\u015bli nie ma \u017celaznych dowod\u00f3w?<font size=\"2\"> Przesta\u0144my m\u00f3wi<\/font><font size=\"2\">\u0107 o przekretach, skoro nie ma na nie twardych dowod\u00f3w. <\/font><font size=\"2\">Przy okazji: jako\u015b &#8222;pi\u0119ciu&#8221; z by\u0142ej rady nie wspomnia\u0142o, \u017ce za wyp\u0142aceniem sk\u0142adek dla Centrum by\u0142o 10-iu z 11-stu dyrektor\u00f3w, czyli czworo z tych, kt\u00f3rzy teraz tak strasznie nam to zarzucaj\u0105 te\u017c g\u0142osowa\u0142o za przywr\u00f3ceniem sk\u0142adek Centrum. S\u0142owa Matyszczyka pami\u0119tam do dzi\u015b: &#8222;Jestem jak najbardziej za przywr\u00f3ceniem, \u017ce tak si\u0119 wyra\u017c\u0119, sk\u0142adek dla Centrum&#8221;. Mam nadziej\u0119, \u017ce cz\u0142onkowie uwierz\u0105 w dobre intencje obecnej rady, cho<\/font><font size=\"2\">\u0107by dlatego, \u017ce ju\u017c spe\u0142nili\u015bmy kilka obietnic przedwyborczych: sk\u0142adki dla sponsor\u00f3w, jawno\u015b<\/font><font size=\"2\">\u0107 przyznawanych donacji, wstrzymanie w po\u0142owie Chicago, pracujemy nad dywidendami, ustalili\u015bmy na luty spotkanie informacyjne z Cz\u0142onkami, zaakceptowali\u015bmy proponowanych przez poprzedni\u0105 rad\u0119 nowych sponsor\u00f3w. Jak na trzy miesi\u0105ce, w kt\u00f3rych w\/w &#8222;pi\u0105tka&#8221; podk\u0142ada\u0142a nam k\u0142ody, progi i bariery, to ca\u0142kiem nie\u017ale.<\/font><font size=\"2\"> Wi\u0119c o co tu chodzi? Rzeczone Chicago, jako wmawiany nam &#8222;dobry interes&#8221; dla Unii w Nowym Jorku by\u0142 wy\u0142\u0105cznie &#8222;dobrym interesem&#8221; dla by\u0142ej rady dyrektor\u00f3w i cz\u0119\u015bci menad\u017cmentu oraz os\u00f3b z tzw. &#8222;szarej eminencji&#8221;. Dlaczego? Ano dlatego, \u017ce jednym z warunk\u00f3w przekszta\u0142cenia Unii kredytowej w bank po\u017cyczkowy, czy inny komercyjny, kt\u00f3rego w\u0142a\u015bcicielami jest kilku facet\u00f3w, a nie CZ\u0141ONKOWIE jest to, \u017ce powinien on posiada<\/font><font size=\"2\">\u0107 swoje oddzia\u0142y w jak najwi\u0119kszej ilo\u015bci stan\u00f3w. Poza tym menad\u017cment dostaje niez\u0142e premie za otwarcie nowego oddzia\u0142u. A tymczasem w Chicago ani jeden z moich &#8222;testowanych&#8221; znajomych nie ma ochoty przenosi<\/font><font size=\"2\">\u0107 swoich pieni\u0119dzy do otwieranej tam Unii.<br \/>\nJestem dziwnie przekonany, \u017ce po p\u00f3\u0142 roku dzia\u0142alno\u015bci naszego oddzia\u0142u w Chicago, b\u0119dzie tam kilkunastu wp\u0142acaj\u0105cych i tyle\u017c samo urz\u0119duj\u0105cych za ci\u0119\u017ckie pieni\u0105dze menad\u017cer\u00f3w, kasjer\u00f3w, kasjerek itp.<br \/>\nZbieranie podpis\u00f3w pod petycj\u0105 o wyrzucenie czw\u00f3rki z grupy &#8222;niezale\u017cnych&#8221; jest kapitalnym dowodem na to, \u017ce cz\u0119\u015b<\/font><font size=\"2\">\u0107 &#8222;starej rady&#8221;, kt\u00f3ra jeszcze siedzi w obecnej radzie zosta\u0142a odci\u0119ta od wyj\u0105tkowego koryta: albo s\u0105 to lukratywne wyjazdy, albo &#8222;presti\u017c, albo cholera wie co?\u00a0 I nie o dobro Polonii tu chodzi. <\/font><font size=\"2\">Nasza Unia to, niestety &#8222;family business&#8221;, w kt\u00f3rym absurdalnie &#8222;szefowa&#8221; w Fairfield zani\u017ca oceny pracownik\u00f3w z Greenpointu wystawione przez bezpo\u015brednie kierownictwo z Greenpointu, kt\u00f3re na codzie\u0144 obserwuje pracownik\u00f3w i wystawia im oceny, w\/g kt\u00f3rych powinni by<\/font><font size=\"2\">\u0107 uznawani premiami, b\u0105d\u017a awansem. Nasza Unia jest instytucj\u0105, w kt\u00f3rej ludzie z wy\u017cszym wykszta\u0142ceniem si\u0119dz\u0105 w kasach, a lukratywne krzese\u0142ka w &#8222;dow\u00f3dztwie&#8221; w Fairfield zajmuj\u0105 panie, czy panowie ze \u015brednim wykszta\u0142ceniem, albo wr\u0119cz fryzjerki. Nasza Unia rozbudowa\u0142a administracj\u0119 do ogromnych rozmiar\u00f3w (Dyrektor Wykonawczy, za kt\u00f3rym tak strasznie p\u0142acze w\/w &#8222;Pi\u0105tka&#8221; mia\u0142 kilka sekretarek) &#8211; czy to normalne? Nie marnowa\u0142em czasu; chodzi\u0142em po oddzia\u0142ach, rozmawia\u0142em, zadawa\u0142em pytania. &#8222;\u017beby dobrze rz\u0105dzi<\/font><font size=\"2\">\u0107, trzeba zna<\/font><font size=\"2\">\u0107 swoje kr\u00f3lestwo&#8221; &#8211; nie pami\u0119tam, kt\u00f3ry z kr\u00f3l\u00f3w to powiedzia\u0142, ale mia\u0142 racj\u0119.<br \/>\nI jeszcze jedno: mo\u017cecie sobie gada<\/font><font size=\"2\">\u0107 do woli, \u017ce jestem w Radzie Dyrektor\u00f3w Unii Kredytowej przedstawicielem Centrum Polsko-S\u0142owia\u0144skiego. Ja swoje wiem i tego si\u0119 b\u0119d\u0119 trzyma\u0142. Macie jak\u0105\u015b obsesj\u0119. Natomiast, jako cz\u0142onek Polonii nigdy nie dopuszcz\u0119, aby CP-S zosta\u0142o zniszczone. P\u00f3ki co uda\u0142o nam si\u0119\u00a0 obroni<\/font><font size=\"2\">\u0107 je<\/font><font size=\"2\"> przed zag\u0142ad\u0105 zaplanowan\u0105 przez poprzedni\u0105 rad\u0119, ale je\u015bli naocznie dostrzeg\u0119 takie zakusy ze strony w\u0142adz samego Centrum, to w\u00f3wczas napisz\u0119 podobny artyku\u0142, tylko, \u017ce &#8222;bohaterami&#8221; b\u0119d\u0105 obecne w\u0142adze Centrum.<br \/>\nParadoksem jest te\u017c to, \u017ce w Radiu Rytm dopuszczono si\u0119 zamachu na demokracj\u0119 zabraniaj\u0105c dzwonienia podczas audycji jednego z &#8222;dziwnych&#8221; &#8211; nagle objawionych &#8222;dzia\u0142aczy&#8221; polonijnych, pluj\u0105cego na &#8222;niezale\u017cnych&#8221; w obecnej radzie i podlizuj\u0105cego si\u0119 tym z poprzedniej rady, a pod &#8222;odezw\u0105&#8221; wypisan\u0105 na stronie jednej z pa\u0144 dyrektorek (nie b\u0119d\u0119 jej tu reklamowa\u0142), nie ma mo\u017cliwo\u015bci wpisywania komentarzy. Ciekawe, co?<br \/>\nI ostrze\u017cenie: Pani Konarska &#8211; jedno k\u0142amstwo w Pani komentarzu i &#8230;\u017cegnam Pani\u0105.<br \/>\nDzi\u015b wielki bal noworoczny PSFUC. Nie pojecha\u0142em. Nie umiem udawa<\/font><font size=\"2\">\u0107, a i czuj\u0119 si\u0119 nienajlepiej po serii wstr\u0119tnych akcji prowadzonych z tylnych krzese\u0142 przez by\u0142ych cz\u0142onk\u00f3w rady.<br \/>\nNie wolno mi si\u0119 denerwowa<\/font><font size=\"2\">\u0107, wi\u0119c lepiej, \u017cebym niekt\u00f3rych twarzy nie ogl\u0105da\u0142.<\/font><\/p>\n","protected":false},"excerpt":{"rendered":"<p>Nigdy jeszcze podzia\u0142 Polonii nie by\u0142 tak mocny. Nigdy jeszcze nienawi\u015b\u0107 nie by\u0142a tak wielka. Oto przyjaciel oskar\u017ca przyjaciela o pisanie paszkwil\u00f3w, oto przed wej\u015bciem do oddzia\u0142u przy Greenpoint Avenue naskakuje na mnie niejaki Jan Welenc i wymachuje przed moim nosem jak\u0105\u015b petycj\u0105, sprawiaj\u0105c wra\u017cenie cz\u0142owieka kompletnie chorego z jakiej\u015b dziwnej nienawi\u015bci, a ja widzia\u0142em [&hellip;]<\/p>\n","protected":false},"author":2,"featured_media":0,"comment_status":"open","ping_status":"open","sticky":false,"template":"","format":"standard","meta":[],"categories":[3],"tags":[],"_links":{"self":[{"href":"https:\/\/sporek.com\/blog\/index.php?rest_route=\/wp\/v2\/posts\/213"}],"collection":[{"href":"https:\/\/sporek.com\/blog\/index.php?rest_route=\/wp\/v2\/posts"}],"about":[{"href":"https:\/\/sporek.com\/blog\/index.php?rest_route=\/wp\/v2\/types\/post"}],"author":[{"embeddable":true,"href":"https:\/\/sporek.com\/blog\/index.php?rest_route=\/wp\/v2\/users\/2"}],"replies":[{"embeddable":true,"href":"https:\/\/sporek.com\/blog\/index.php?rest_route=%2Fwp%2Fv2%2Fcomments&post=213"}],"version-history":[{"count":0,"href":"https:\/\/sporek.com\/blog\/index.php?rest_route=\/wp\/v2\/posts\/213\/revisions"}],"wp:attachment":[{"href":"https:\/\/sporek.com\/blog\/index.php?rest_route=%2Fwp%2Fv2%2Fmedia&parent=213"}],"wp:term":[{"taxonomy":"category","embeddable":true,"href":"https:\/\/sporek.com\/blog\/index.php?rest_route=%2Fwp%2Fv2%2Fcategories&post=213"},{"taxonomy":"post_tag","embeddable":true,"href":"https:\/\/sporek.com\/blog\/index.php?rest_route=%2Fwp%2Fv2%2Ftags&post=213"}],"curies":[{"name":"wp","href":"https:\/\/api.w.org\/{rel}","templated":true}]}}