{"id":214,"date":"2010-01-21T22:24:29","date_gmt":"2010-01-22T02:24:29","guid":{"rendered":"http:\/\/sporek.com\/blog\/?p=214"},"modified":"2010-01-22T11:28:20","modified_gmt":"2010-01-22T15:28:20","slug":"demokratyczny-brak-zmian","status":"publish","type":"post","link":"https:\/\/sporek.com\/blog\/?p=214","title":{"rendered":"Demokratyczny brak zmian"},"content":{"rendered":"<p style=\"margin-top: 0px; margin-bottom: 0px\"><span class=\"Apple-style-span\" style=\"font-size: small\">Co cztery lata w USA zmienia si\u0119 -w demokratycznych wyborach- prezydent tego kraju. Kiedy zostanie wybrany, ma przed sob\u0105 cztery lata. No chyba, \u017ce pocygani\u0142 z miejscem urodzenia&#8230; Ale z regu\u0142y dostaje kredyt na cztery lata i dop\u00f3ki nie pope\u0142ni b\u0142\u0119du &#8222;Nixona&#8221;, mo\u017ce spa<\/span><font><span class=\"Apple-style-span\" style=\"font-size: small\">\u0107 spokojnie i nawet baraszkowa\u0107 po pokoju owalnym z cygarem, momentami trzymanym w ustach, momentami, powiedzmy w pi&#8230;\u0119knej popielniczce. <\/span><\/font><!--more--><font><span class=\"Apple-style-span\" style=\"font-size: small\">Nowy prezydent wywala z roboty ca\u0142y poprzedni gabinet i nikt nie protestuje, nikt nie wnosi sprawy do s\u0105du. Na trawk\u0119 panowie i szuka\u0107 roboty. Jak jest dobry ma szans\u0119 by\u0107<\/span><font><font><font><span class=\"Apple-style-span\" style=\"font-size: small\">\u00a0wybranym ponownie, ale tylko na drug\u0105 kadencj\u0119 i wtedy jego ludzie te\u017c maj\u0105 robot\u0119, potem ju\u017c polityczna emerytura. Zmienia si\u0119 ca\u0142y gabinet. Kiedy prezydent odchodzi, ju\u017c o nim nie s\u0142ycha\u0107. Jego wp\u0142yw na polityk\u0119 jest minimalny, jego udzia\u0142 w politycznej codzienno\u015bci prawie zerowy. W Polsce odwrotnie; Im dalej od kadencji kt\u00f3rego\u015b z prezydent\u00f3w, tym cz\u0119\u015bciej przywo\u0142uje si\u0119 ich do tablicy. Przyk\u0142ad: Wa\u0142\u0119sa, Kwa\u015bniewski. Co rusz, to r\u00f3\u017cne pismaki pytaj\u0105 ich co s\u0105dz\u0105 o obecnej ekipie, albo o kandydatach, albo o ekonomii, albo o Europie. Najch\u0119tniej pyta taki jeden lisek chytrusek &#8211; jakby m\u00f3g\u0142, zaprasza\u0142by ich na \u017cywo do ka\u017cdego programu. Odpowiedzi s\u0105 r\u00f3\u017cne, od &#8222;kozio\u0142k\u00f3w mato\u0142k\u00f3w&#8221; do &#8222;wybitnych fachowc\u00f3w&#8221;. Potem \u017cycie pokazuje \u017ce &#8222;kozio\u0142ki mato\u0142ki&#8221; mia\u0142y racj\u0119 robi\u0105c to, co robili, a &#8222;wybitni fachowcy&#8221; okazuj\u0105 si\u0119 by\u0107 wybitnymi oszustami z tzw.<span class=\"Apple-converted-space\">\u00a0<\/span><\/span><\/font><\/font><strong><font><font><span class=\"Apple-style-span\" style=\"font-size: small\">P<\/span><\/font><\/font><\/strong><font><font><span class=\"Apple-style-span\" style=\"font-size: small\">-artii<span class=\"Apple-converted-space\">\u00a0<\/span><\/span><\/font><\/font><strong><font><font><span class=\"Apple-style-span\" style=\"font-size: small\">O<\/span><\/font><\/font><\/strong><font><font><span class=\"Apple-style-span\" style=\"font-size: small\">-szust\u00f3w. \u017bycie p\u0142ynie dalej, kraj staje si\u0119 coraz bardziej nie do \u017cycia. Politykom \u017cyje si\u0119 nie\u017ale, \u017cycie spo\u0142ecze\u0144stwa staje si\u0119 coraz trudniejsze, a przyk\u0142adem mo\u017ce by\u0107 oczekiwanie na badania, do&#8230;465 dni. Wielka polska aktorka, Mieczys\u0142awa \u0106wikli\u0144ska zagra\u0142a ostatni\u0105 chyba swoj\u0105 teatraln\u0105 rol\u0119 w sztuce &#8222;Drzewa umieraj\u0105 stoj\u0105c&#8221;. W Polsce ludzie umieraj\u0105 stoj\u0105c&#8230;w kolejkach po zdrowie.<\/span><\/font><\/font><\/font><span class=\"Apple-style-span\" style=\"font-size: small\"> My, polscy emigranci \u017cyjemy w tym kraju, w USA i pono\u0107 przyjechali\u015bmy tu, bo mieli\u015bmy do\u015b\u0107 systemu rz\u0105dz\u0105cego w naszej Ojczy\u017anie. Ale to prawda tylko do po\u0142owy, a mo\u017ce nawet tylko do jednej czwartej. Rzeczywisto\u015b\u0107, przy g\u0119bach pe\u0142nych \u00a0hase\u0142 o &#8222;dobru Polonii&#8221;, &#8222;demokracji&#8221;, &#8222;uczciwo\u015bci&#8221;, &#8222;lojalno\u015bci&#8221; i innych&#8230;o\u015bci, wygl\u0105da wr\u0119cz tragicznie. Okazuje si\u0119, \u017ce nawet niekt\u00f3rzy przedstawiciele, sk\u0105din\u0105d pe\u0142nej sukces\u00f3w zawodowych biznesme\u0144skiej inteligencji polonijnej nie wiedz\u0105, co to jest ta demokracja. Albo te\u017c jej \u00a0w og\u00f3le nie chc\u0105. Pewnie i s\u0142usznie, bo nawet Sofokles i inni staro\u017cytni my\u015bliciele nie polecali jej, jako jedynie s\u0142usznego systemu. Ale przez tysi\u0105clecia jako\u015b cz\u0142owiek niczego innego nie wymy\u015bli\u0142, \u017ceby ka\u017cdy m\u00f3g\u0142 mie\u0107 wra\u017cenie, \u017ce mu wszystko wolno, wi\u0119c pad\u0142o na biedn\u0105 demokracj\u0119 i Ameryka (czyt. USA) wysz\u0142a w tym wy\u015bcigu na pierwsze miejsce. Nasza inteligencja, kt\u00f3ra przez lata siedzia\u0142a cicho i nic j\u0105 nie obchodzi\u0142o, co si\u0119 dzia\u0142o np. w Unii Kredytowej, nagle si\u0119 pobudzi\u0142a i organizuje pucz. Kont w Unii nie maj\u0105, albo je\u015bli maj\u0105, to groszowe, bo przecie\u017c najlepiej trzyma\u0107 fors\u0119 w ameryka\u0144skich bankach &#8211; to robi wra\u017cenie na konkurencji; a co&#8230;, a jak&#8230;?<\/span><\/font><\/p>\n<p style=\"margin-top: 0px; margin-bottom: 0px\"><font><span class=\"Apple-style-span\" style=\"font-size: small\">I nagle stan\u0119li murem za petycj\u0105, wg kt\u00f3rej nale\u017cy natychmiast usun\u0105\u0107 czterech, bardzo demokratycznie wybranych cz\u0142onk\u00f3w rady dyrektor\u00f3w. Ju\u017c, teraz, po trzech miesi\u0105cach. Zarzuty s\u0105 tak \u015bmieszne, \u017ce a\u017c nie pasuj\u0105ce do inteligencji niekt\u00f3rych inteligent\u00f3w.<\/span><\/font><\/p>\n<p><font><span class=\"Apple-style-span\" style=\"font-size: small\">Jest w Polsko-S\u0142owia\u0144skiej Federalnej Unii Kredytowej facet o nazwisku Matyszczyk. Sta\u017c zasiedzenia w radzie dyrektor\u00f3w, -ponad 12 lat. Przebi\u0142 trzykrotnie kadencj\u0119 prezydenck\u0105 w USA. Dzi\u015b ten facet posi\u0142kuje si\u0119 -uwaga- trzy, a mo\u017ce ju\u017c teraz kilkunasto-osobow\u0105 organizacj\u0105, kt\u00f3rej przewodzi facio, kt\u00f3ry dla Polonii nie zrobi\u0142 nic, opr\u00f3cz pozywania do s\u0105d\u00f3w coraz to innych ziomk\u00f3w, albo ca\u0142e organizacje, w tym -uwaga- r\u00f3wnie\u017c Uni\u0119 Kredytow\u0105. Za tym &#8222;faciem&#8221; stan\u0105\u0142 -r\u00f3wnie\u017c niezwi\u0105zany niczym z Uni\u0105 Kredytow\u0105 biznesmen, kt\u00f3ry z wieloletniego snu zimowego na temat naszej Unii obudzi\u0142 si\u0119 w zesz\u0142ym roku, w lutym, ale ju\u017c jako lider Polonii. Musia\u0142 mie\u0107 niez\u0142e&#8230;sny o pot\u0119dze. Dzi\u015b rozsy\u0142a sp\u0142odzone przez &#8222;facia&#8221; pisma, bezkrytycznie daj\u0105c si\u0119 wci\u0105gn\u0105\u0107 w brudn\u0105 gr\u0119. Ale wr\u00f3\u0107my do &#8222;wiecznego sta\u017cysty&#8221;, K.M. Wygl\u0105da na to, z kolei, \u017ce jego sen dotyczy\u0142 d\u0142ugowieczno\u015bci kadencji, albo i nawet kadencji do\u017cywotniej. Za nic w \u015bwiecie nie mo\u017ce przebole\u0107, \u017ce nie jest ju\u017c prezesem. Przepisy s\u0105 nieub\u0142agane; kadencja ko\u0144czy si\u0119 w tym roku i trzeba b\u0119dzie stan\u0105\u0107 pod bankiem i zbiera\u0107 podpisy, bo pragnienie &#8222;pracy spo\u0142ecznej&#8221; ma chyba wyssane z mlekiem rodzicielki &#8211; spo\u0142ecznik jeden. Ale by\u0142emu prezesowi nie uchodzi sta<\/span><\/font><span class=\"Apple-style-span\" style=\"border-collapse: separate; color: #000000; font-family: 'Times New Roman'; font-size: medium; font-style: normal; font-variant: normal; font-weight: normal; letter-spacing: normal; line-height: normal; orphans: 2; text-indent: 0px; text-transform: none; white-space: normal; widows: 2; word-spacing: 0px\"><font><span class=\"Apple-style-span\" style=\"font-size: small\"><\/span><\/font><\/span><span class=\"Apple-style-span\" style=\"border-collapse: separate; color: #000000; font-family: 'Times New Roman'; font-size: medium; font-style: normal; font-variant: normal; font-weight: normal; letter-spacing: normal; line-height: normal; orphans: 2; text-indent: 0px; text-transform: none; white-space: normal; widows: 2; word-spacing: 0px\"><font><span class=\"Apple-style-span\" style=\"font-size: small\"><\/span><\/font><\/span><span class=\"Apple-style-span\" style=\"border-collapse: separate; color: #000000; font-family: 'Times New Roman'; font-size: medium; font-style: normal; font-variant: normal; font-weight: normal; letter-spacing: normal; line-height: normal; orphans: 2; text-indent: 0px; text-transform: none; white-space: normal; widows: 2; word-spacing: 0px\"><span class=\"Apple-style-span\" style=\"font-family: Verdana; font-size: small\">\u0107 pod bankiem, <\/span><\/span><font><span class=\"Apple-style-span\" style=\"font-size: small\">wi\u0119c trzeba wymy\u015ble\u0107 co\u015b innego. No to wymy\u015bli\u0142 pucz. I razem z &#8222;faciem&#8221;, kt\u00f3ry jeszcze za jego kadencji dosta\u0142 s\u0105dowy zakaz wst\u0119pu do pomieszcze\u0144 PSFCU atakuj\u0105: a to w Domu Narodowym, a to pod jednym oddzia\u0142em, a to pod drugim. Atakuje g\u0142\u00f3wnie &#8222;facio&#8221;, bo przezes dzia\u0142a zza plec\u00f3w.<\/span><\/font><span class=\"Apple-style-span\" style=\"font-size: small\"> <\/span><\/p>\n<p><span class=\"Apple-style-span\" style=\"font-size: small\">Ponad dziesi\u0119<\/span><font><span class=\"Apple-style-span\" style=\"font-size: small\">\u0107 tysi\u0119cy cz\u0142onk\u00f3w wybra\u0142o now\u0105 rad\u0119. Nowa rada wybra\u0142a nowego prezesa. Poprzednie rady (ta Matyszczykowa te\u017c) zwolni\u0142y w sumie trzech dyrektor\u00f3w wykonawczych i cisza. Ta, nowa rada zwolni\u0142a tylko<span class=\"Apple-converted-space\">\u00a0<\/span><\/span><u><span class=\"Apple-style-span\" style=\"font-size: small\">jednego faceta<\/span><\/u><span class=\"Apple-style-span\" style=\"font-size: small\"><span class=\"Apple-converted-space\">\u00a0<\/span>z menad\u017cmentu i szum na ca\u0142\u0105 Ameryk\u0119. W \u015bwietle wszelkich przepis\u00f3w mia\u0142a absolutne prawo i&#8230;racj\u0119. Po to jest rad\u0105 dyrektor\u00f3w i po to zosta\u0142a wybrana, \u017ceby eliminowa<\/span><\/font><font><span class=\"Apple-style-span\" style=\"font-size: small\">\u0107\u00a0 menad\u017cer\u00f3w, ktrzy wg niej uzyskali negatywn\u0105 ocen\u0119 ich pracy. <\/span><\/font><font><span class=\"Apple-style-span\" style=\"font-size: small\">Lekcewa\u017cenie rozporz\u0105dze\u0144 NCUA, <\/span><\/font><font><span class=\"Apple-style-span\" style=\"font-size: small\">wydawanie pieni\u0119dzy na reklam\u0119 czworga &#8222;najwspanialszych&#8221;, <\/span><\/font><font><span class=\"Apple-style-span\" style=\"font-size: small\">podpisanie kontrakt\u00f3w w Chicago bez dokument\u00f3w z urz\u0119du miasta i zgody rady dyrektor\u00f3w,\u00a0<\/span><font><span class=\"Apple-style-span\" style=\"font-size: small\"> zatrudnianie kompletnie niewykwalifikowanych ludzi na menad\u017cerskich stanowiskach, <\/span><\/font><\/font><span class=\"Apple-style-span\" style=\"border-collapse: separate; color: #000000; font-family: 'Times New Roman'; font-size: medium; font-style: normal; font-variant: normal; font-weight: normal; letter-spacing: normal; line-height: normal; orphans: 2; text-indent: 0px; text-transform: none; white-space: normal; widows: 2; word-spacing: 0px\"><span class=\"Apple-style-span\" style=\"font-family: Verdana; font-size: small\">frywolne traktowanie i mylenie po\u017cyczki personalnej z lini\u0105 kredytow\u0105 na biznes<\/span><\/span><font><font><span class=\"Apple-style-span\" style=\"font-size: small\">. To tylko niekt\u00f3re negatywy w ocenie pracy dotychczasowego szefostwa Unii. Ma\u0142o? Ot\u00f3\u017c wystarczy. A mo\u017ce trzeba by zasi\u0119gn\u0105<\/span><\/font><\/font><font><span class=\"Apple-style-span\" style=\"font-size: small\">\u0107 opinii w poprzednim miejscu pracy? Mo\u017ce jeste\u015bmy w b\u0142\u0119dzie? &#8222;No way Jose&#8221;. Nie ma na to czasu; nowa rada musi pracowa<\/span><\/font><font><span class=\"Apple-style-span\" style=\"font-size: small\">\u0107 i zaj\u0105<\/span><\/font><font><span class=\"Apple-style-span\" style=\"font-size: small\">\u0107 si\u0119 sprawami wa\u017cnymi dla cz\u0142onk\u00f3w, pracownik\u00f3w i Polonii. Matyszczyk, Baumgartner, W\u0105do\u0142owska, Sawczuk i Wierzbowska wyprodukowali dramatyczny tekst na stronie jakiego\u015b tam &#8222;poradnika&#8221; pe\u0142en inwektyw i k\u0142amstw bez pokrycia. To, co zrobili jest drastycznym i ewidentnym dzia\u0142aniem na szkod\u0119 PSFCU. Je\u017celi kto\u015b, cho<\/span><\/font><font><span class=\"Apple-style-span\" style=\"font-size: small\">\u0107 w niewielkim stopniu zna status i zakres obowi\u0105zk\u00f3w oraz zakres w\u0142adzy Rady Dyrektor\u00f3w ten powinien si\u0119 mocno zastanowi<\/span><\/font><font><span class=\"Apple-style-span\" style=\"font-size: small\">\u0107 nad wszczynaniem bezprecedensowych w historii naszej Unii krok\u00f3w zmierzaj\u0105cych do kompletnego zlekcewa\u017cenia g\u0142osu dziesi\u0119ciu tysi\u0119cy jej Cz\u0142onk\u00f3w. Niech \u017cyje DEEMOKRACJA!!!<\/span><\/font><span class=\"Apple-style-span\" style=\"font-size: small\"><br \/>\n<\/span><\/p>\n<p style=\"margin-top: 0px; margin-bottom: 0px\"><font><span class=\"Apple-style-span\" style=\"font-size: small\">Albo wr\u00f3\u0107cie Panowie do ut\u0119sknionej, jak wida\u0107 komuny i dajcie Polonii szans\u0119 na bezkonfliktowy rozw\u00f3j, albo poczekajcie do nast\u0119pnych wybor\u00f3w. Przypomn\u0119: \u017cyjemy w USA, nie II RP.<\/span><\/font><\/p>\n<p style=\"margin-top: 0px; margin-bottom: 0px\"><font><span class=\"Apple-style-span\" style=\"font-size: small\">Podobno feminizm ko\u0144czy si\u0119, gdy trzeba wnie\u015b\u0107 szaf\u0119 na 8-me pi\u0119tro. U niekt\u00f3rych demokracja ko\u0144czy si\u0119, gdy trzeba odda\u0107 w\u0142adz\u0119.<br \/>\n<\/span><\/font><\/p>\n<p><br class=\"Apple-interchange-newline\" \/><\/p>\n","protected":false},"excerpt":{"rendered":"<p>Co cztery lata w USA zmienia si\u0119 -w demokratycznych wyborach- prezydent tego kraju. Kiedy zostanie wybrany, ma przed sob\u0105 cztery lata. No chyba, \u017ce pocygani\u0142 z miejscem urodzenia&#8230; Ale z regu\u0142y dostaje kredyt na cztery lata i dop\u00f3ki nie pope\u0142ni b\u0142\u0119du &#8222;Nixona&#8221;, mo\u017ce spa\u0107 spokojnie i nawet baraszkowa\u0107 po pokoju owalnym z cygarem, momentami trzymanym [&hellip;]<\/p>\n","protected":false},"author":2,"featured_media":0,"comment_status":"open","ping_status":"open","sticky":false,"template":"","format":"standard","meta":[],"categories":[3],"tags":[],"_links":{"self":[{"href":"https:\/\/sporek.com\/blog\/index.php?rest_route=\/wp\/v2\/posts\/214"}],"collection":[{"href":"https:\/\/sporek.com\/blog\/index.php?rest_route=\/wp\/v2\/posts"}],"about":[{"href":"https:\/\/sporek.com\/blog\/index.php?rest_route=\/wp\/v2\/types\/post"}],"author":[{"embeddable":true,"href":"https:\/\/sporek.com\/blog\/index.php?rest_route=\/wp\/v2\/users\/2"}],"replies":[{"embeddable":true,"href":"https:\/\/sporek.com\/blog\/index.php?rest_route=%2Fwp%2Fv2%2Fcomments&post=214"}],"version-history":[{"count":0,"href":"https:\/\/sporek.com\/blog\/index.php?rest_route=\/wp\/v2\/posts\/214\/revisions"}],"wp:attachment":[{"href":"https:\/\/sporek.com\/blog\/index.php?rest_route=%2Fwp%2Fv2%2Fmedia&parent=214"}],"wp:term":[{"taxonomy":"category","embeddable":true,"href":"https:\/\/sporek.com\/blog\/index.php?rest_route=%2Fwp%2Fv2%2Fcategories&post=214"},{"taxonomy":"post_tag","embeddable":true,"href":"https:\/\/sporek.com\/blog\/index.php?rest_route=%2Fwp%2Fv2%2Ftags&post=214"}],"curies":[{"name":"wp","href":"https:\/\/api.w.org\/{rel}","templated":true}]}}