{"id":215,"date":"2010-01-31T03:38:05","date_gmt":"2010-01-31T07:38:05","guid":{"rendered":"http:\/\/sporek.com\/blog\/?p=215"},"modified":"2010-01-31T04:07:00","modified_gmt":"2010-01-31T08:07:00","slug":"zadza-wladzy-czy","status":"publish","type":"post","link":"https:\/\/sporek.com\/blog\/?p=215","title":{"rendered":"\u017b\u0105dza w\u0142adzy, czy&#8230;?"},"content":{"rendered":"<p><font size=\"2\">Totalna g\u0142upota? Odby\u0142y si\u0119 tzw. demokratyczne wybory. G\u0142osowa\u0142o ponad dziesi\u0119<\/font><font size=\"2\"><font size=\"2\">\u0107 tysi\u0119cy cz\u0142onk\u00f3w -absolutny rekord w historii Polsko-S\u0142owia\u0144skiej Federalnej Unii Kredytowej. Wybrano trzech z tzw. &#8222;grupy niezale\u017cnych&#8221; i jedn\u0105<\/font> z grupy rekomendowanej przez poprzedni\u0105 rad\u0119 dyrektor\u00f3w. <\/font><!--more--><font size=\"2\">Razem z rekomendowan\u0105 osob\u0105 czw\u00f3rka z poprzedniego sk\u0142adu stworzy\u0142a pi\u0119cioosobow\u0105 grup\u0119 torpeduj\u0105c\u0105 wyniki wybor\u00f3w, co jednak nie przeszkadza jej rzuca<\/font><font size=\"2\"><font size=\"2\">\u0107 has\u0142a tak \u015bwi\u0105tobliwe, \u017ce a\u017c niewiarygodne. Jako pi\u0119ciu, s\u0105 oczywi\u015bcie w mniejszo\u015bci. Zebrania przeci\u0105gaj\u0105 si\u0119 do p\u00f3\u0142nocy, czyli trwaj\u0105 sze\u015b<\/font><\/font><font size=\"2\"><font size=\"2\">\u0107 godzin<\/font>. Spraw bie\u017c\u0105cych jest mn\u00f3stwo. &#8222;Mniejszo\u015b<\/font><font size=\"2\"><font size=\"2\">\u0107&#8221; wykorzystuje swoje prawa do g\u0142osu i gl\u0119dzi bez sensu, aby tylko przeci\u0105ga<\/font><\/font><font size=\"2\"><font size=\"2\">\u0107. Np. dyskusja, czy da<\/font><\/font><font size=\"2\"><font size=\"2\">\u0107 dotacj\u0119 na choink\u0119 dla dzieci w Centrum Polsko-S\u0142owia\u0144skim trwa\u0142a ponad p\u00f3\u0142 godziny. Przypomn\u0119, \u017ce ta w\u0142a\u015bnie &#8222;Mniejszo\u015b<\/font><\/font><font size=\"2\"><font size=\"2\">\u0107&#8221; nie mia\u0142a problemu, aby &#8222;sypn\u0105<\/font><\/font><font size=\"2\"><font size=\"2\">\u0107&#8221; w ci\u0105gu trzech lat p\u00f3\u0142 miliona dolar\u00f3w na Katedr\u0119 J\u0119zyka Polskiego przy Columbia University. Ostatni\u0105 rat\u0119, w wysoko\u015bci 181 tysi\u0119cy przekazano w ub. roku. I nie ma problemu. Problemem jest 10 tysi\u0119cy dla polskich dzieci. Nie dlatego, \u017ce to 10 tysi\u0119cy, ale dlatego, \u017ce robi to Centrum, bo nienawi\u015b<\/font><\/font><font size=\"2\"><font size=\"2\">\u0107 do by\u0142ej prezeski jest nieograniczona w umys\u0142ach &#8222;Mniejszo\u015bci&#8221;.\u00a0 \u017badnego z innych sponsor\u00f3w nie pytaj\u0105 i nie \u017c\u0105daj\u0105 rozlicze\u0144 z przekazywanych im sk\u0142adek, jedynie Centrum ma taki warunek.<\/font><br \/>\n&#8222;Wi\u0119kszo\u015b<\/font><font size=\"2\"><font size=\"2\">\u0107&#8221; zawnioskowa\u0142a i przeg\u0142osowa\u0142a zwolnienie dotychczasowego dyrektora wykonawczego. Wed\u0142ug wszelkich przepis\u00f3w, mia\u0142a do tego prawo. Grozi si\u0119 s\u0105dami, jakimi\u015b konsekwencjami, ogromnymi sumami &#8222;odszkodowania&#8221; itp.<br \/>\n&#8222;Wi\u0119kszo\u015b<\/font><\/font><font size=\"2\"><font size=\"2\">\u0107&#8221; zawnioskowa\u0142a i przeg\u0142osowa\u0142a wstrzymanie dw\u00f3ch z czterech nowych oddzia\u0142\u00f3w w Chicago. &#8222;Mniejszo\u015b<\/font><\/font><font size=\"2\"><font size=\"2\">\u0107&#8221; natychmiast r<\/font><\/font><font size=\"2\"><font size=\"2\">ozpu\u015bci\u0142a plotki, \u017ce <\/font>przyniesie to w konsekwencji milionowe kary, sprawy s\u0105dowe i&#8230;kompromitacj\u0119 w oczach Polonii w Chicago. Rozp\u0119tano niewiarygodn\u0105 propagand\u0119 przeciwko nowo-wybranemu prezesowi, zast\u0119pcy i ca\u0142ej reszcie &#8222;Wi\u0119kszo\u015bci&#8221;. Zarzuca si\u0119 im, jakoby dzia\u0142ali na szkod\u0119 unii, \u017ce ich posuni\u0119cia przynios\u0105 milionowe straty, a g\u0142\u00f3wnie z powodu nowych, nieotwartych\u00a0 oddzia\u0142\u00f3w w Chicago. Sko\u0144czy\u0142o si\u0119 na&#8230;drobnych i &#8222;Mniejszo\u015b<\/font><font size=\"2\"><font size=\"2\">\u0107&#8221; zatka\u0142o. I natychmiast pocz\u0119li si\u0119 doszukiwa<\/font><\/font><font size=\"2\"><font size=\"2\">\u0107, czy dyrektor wykonawczy mia\u0142 prawo to negocjowa<\/font><\/font><font size=\"2\"><font size=\"2\">\u0107 i podejmowa<\/font><\/font><font size=\"2\"><font size=\"2\">\u0107 decyzj\u0119. Mia\u0142 nie tylko prawo<\/font>, ale i obowi\u0105zek negocjowa<\/font><font size=\"2\"><font size=\"2\">\u0107 tak, aby z milion\u00f3w zej\u015b<\/font><\/font><font size=\"2\"><font size=\"2\">\u0107, jak najni\u017cej i uda\u0142o mu si\u0119 wr\u0119cz fantastycznie. <\/font>Internetowy portal &#8222;rekomendowanej&#8221; publikuje stek oszczerstw i k\u0142amstw i jest podpisany przez wszystkich z &#8222;Mniejszo\u015bci&#8221;. Ten sam portal daje link do strony, na kt\u00f3rej mo\u017cna znale\u017a<\/font><font size=\"2\"><font size=\"2\">\u0107 petycj\u0119-wniosek o usuni\u0119cie czworga dyrektor\u00f3w, w tym prezesa, zast\u0119pc\u0119 i dw\u00f3ch innych. Rachunek jest prosty: wszyscy oni maj\u0105 do\u015bwiadczenie w bankowo\u015bci i dzia\u0142alno\u015bci rady dyrektor\u00f3w unii kredytowej. S\u0105 najwi\u0119kszym zagro\u017ceniem, mog\u0105 si\u0119 czego\u015b doszuka<\/font><\/font><font size=\"2\"><font size=\"2\">\u0107, mog\u0105 czego\u015b nie poprze<\/font><\/font><font size=\"2\"><font size=\"2\">\u0107<\/font><\/font><font size=\"2\"><font size=\"2\">, bo ryzykowne, nieop\u0142acalne, mog\u0105 przyjrze<\/font><\/font><font size=\"2\"><font size=\"2\">\u0107 si\u0119 fachowo\u015bci pracownik\u00f3w etatowych, zw\u0142aszcza na kierowniczych stanowiskach<\/font>. Du\u017co mog\u0105. Dw\u00f3ch pozosta\u0142ych, to nowicjusze; dopiero si\u0119 wdra\u017caj\u0105, ucz\u0105 przepis\u00f3w, studiuj\u0105 statut. Najwa\u017cniejsze jednak, \u017ce kiedy usunie si\u0119 tych czterech i dobierze &#8222;samych swoich&#8221;, to &#8222;Mniejszo\u015b<\/font><font size=\"2\"><font size=\"2\">\u0107&#8221; stanie si\u0119 wi\u0119kszo\u015bci\u0105, a w &#8222;Mniejszo\u015bci&#8221; znajd\u0105 si\u0119 automatycznie ci dwaj, &#8222;nowi&#8221;. Wtedy ju\u017c mo\u017cna wszystko.<br \/>\nI staje si\u0119 co\u015b, co kompletnie niweczy \u015bwi\u0119to\u015b<\/font><\/font><font size=\"2\"><font size=\"2\">\u0107 deklaracji obecnej &#8222;Mniejszo\u015bci&#8221; dotycz\u0105cej ich rzekomego dbania o dobro unii, o interesy cz\u0142onk\u00f3w<\/font>, o pomna\u017canie maj\u0105tku i rozw\u00f3j. Oto jedna z polonijnych gazet z p\u00f3\u0142nocy publikuje ten sam tekst, kt\u00f3ry najpierw znalaz\u0142 si\u0119 na wspomnianym portalu. Gazeta rozprowadzana jest w Chicago w sporym nak\u0142adzie. Na terenie Nowego Jorku i okolic wpycha si\u0119 j\u0105 do sklep\u00f3w, agencji i B\u00f3g wie gdzie jeszcze. Wsz\u0119dzie, nawet tam, gdzie nigdy jej nie by\u0142o. Ok\u0142adk\u0119 tego pisma zdobi zdj\u0119cie faceta, kt\u00f3ry w Polonii nowojorskiej znany jest g\u0142\u00f3wnie z konflikt\u00f3w i spraw s\u0105dowych, oraz z tego, \u017ce ma s\u0105dowy zakaz wst\u0119pu do pomieszcze\u0144 unii kredytowej, za\u015b w PRL-u by\u0142a najzwyklejszym milicjantem. Nagle ta w\u0142a\u015bnie gazeta robi z niego niebotyczny autorytet d\/s Polonii nowojorskiej. Nie pami\u0119tam, kiedy jakakolwiek gazeta wychodz\u0105ca w Nowym Jorku sugerowa\u0142a, kto winien by<\/font><font size=\"2\"><font size=\"2\">\u0107 autorytetem w Chicago, Montrealu, czy w jakim\u015b innym skupisku polonijnym. Wywiadu, jak rzeka z mundurowym facetem\u00a0 na ok\u0142adkowym zdjeciu nikt jednak nie traktuje powa\u017cnie.<\/font><\/font><font size=\"2\"><font size=\"2\"> (dla zmylenia przywdzia\u0142 mundur marynarski &#8211; czy by\u0142o mu wolno&#8230;?)<\/font><\/font><font size=\"2\"><font size=\"2\"> Natomiast telefony i emaile, jakie otrzyma\u0142em z Chicago od czasu opublikowania w tym\u017ce samym numerze tekstu podpisanego przez pi\u0105tk\u0119 z &#8222;Mniejszo\u015bci&#8221;<\/font> streszcza\u0142y si\u0119 do jednej, jak\u017ce jednak zasadniczej kwestii: WY CHCECIE OTWIERA<\/font><font size=\"2\">\u0106 ODDZIA\u0141Y W CHICAGO? WYPIERZCIE NAJPIERW SWOJE BRUDY W NOWYM JORKU.<br \/>\nPrzera\u017caj\u0105ce. Tych pi\u0119cioro najbardziej straszy\u0142o utrat\u0105 twarzy, kompromitacj\u0105. I wykonuj\u0105 krok, kt\u00f3ry skompromitowa\u0142 nasz\u0105 uni\u0119 bardziej, ni\u017c mog\u0142aby to zrobi<\/font><font size=\"2\"><font size=\"2\">\u0107 ca<\/font>\u0142kowita nawet rezygnacja z planowanych oddzia\u0142\u00f3w.<br \/>\n\u017b\u0105dza w\u0142adzy, nieakceptacja wynik\u00f3w wybor\u00f3w przy<\/font><font size=\"2\"><font size=\"2\">\u0107mi\u0142y wszelk\u0105 logik\u0119<\/font>, zdrowe my\u015blenie i odebra\u0142a rozum. Demagogia wzi\u0119\u0142a g\u00f3r\u0119 i rozprzestrzenia si\u0119 z du\u017c\u0105 moc\u0105. Z\u0142o ma zawsze podw\u00f3jn\u0105 si\u0142\u0119. <\/font><\/p>\n<p><font size=\"2\">Jaki\u015b bubek, kompletnie nieznany w Polonii z dzia\u0142alno\u015bci spo\u0142ecznej, &#8211; w Radiu Rytm dziwi\u0142 si\u0119, \u017ce &#8222;muzyk dosta\u0142 si\u0119 do rady dyrektor\u00f3w&#8221;. Po co te inwektywy? Czy nie lepiej spojrze<\/font><font size=\"2\"><font size=\"2\">\u0107 najpierw na siebie: co si\u0119 zrobi\u0142o dla Polonii? A mo\u017ce lepiej by by\u0142o, jakby dosta\u0142 si\u0119 tam facet od k\u00f3z, baran\u00f3w i \u0142owiecek? Szkoda Radia Rytm. Najbardziej szkoda tamtych dziennikarzy, kt\u00f3rzy w manhatta\u0144skim studio robili atmosfer\u0119, mieli profesjonalne przygotowanie<\/font>. Kiedy\u015b pracowa\u0142em w &#8222;Naszym Radiu&#8221; te\u017c mia\u0142o sporo k\u0142opot\u00f3w, a najwi\u0119cej dzi\u0119ki amatorom &#8222;dziennikarzom&#8221;. W ko\u0144cu pad\u0142o. Nie s\u0142ysza\u0142em nigdy za\u0142o\u017cyciela tego radia, rasowego, \u015bwietnego dziennikarza, o cudownej polszczy\u017anie i cholernie radiowym g\u0142osie, Jerzego Bekkera, aby p\u0142aka\u0142 na antenie, ile to on wyda\u0142 na to pieni\u0119dzy, jak on to wszystko zrobi\u0142 wy\u0142\u0105cznie dla Polonii. Wr\u0119cz odwrotnie. Przyzna\u0142, \u017ce w obliczu dra\u0144stwa &#8222;od \u015brodka&#8221;, \u017ce w obliczu nieuczciwo\u015bci s\u0142uchaczy, kt\u00f3rzy nie op\u0142acali radia, cho<\/font><font size=\"2\"><font size=\"2\">\u0107 podpisali kontrakty, w obliczu cwaniactwa innych, kt\u00f3rzy kupowali radioodbiorniki od cwaniaka, kt\u00f3ry je za kilkana\u015bcie dolar\u00f3w przestraja\u0142 na sygna\u0142 polonijnej stacji, nie da rady. I zako\u0144czy\u0142 t\u0119 dzia\u0142alno\u015b<\/font><\/font><font size=\"2\"><font size=\"2\">\u0107<\/font>. Po\u017cegna\u0142 sie ze s\u0142uchaczami i z honorem odszed\u0142, a cwaniacy, kt\u00f3rzy rozbijali radio od \u015brodka, amatorzy niemaj\u0105cy pojecia o dziennikarskiej robocie poszli do W\u0142ocha, \u017ceby ratowa\u0142, ale kopi\u0105c do\u0142ki pod kolegami z redakcji, sami wpadli w nie po uszy. I Italia\u0144czyk te\u017c si\u0119 podda\u0142, bo zani\u017cy\u0142 si\u0119 poziom, ludzie przestali tego s\u0142ucha<\/font><font size=\"2\"><font size=\"2\">\u0107, profesjonalni dziennikarze odeszli, sko\u0144czy\u0142o si\u0119 &#8222;Nasze Radio&#8221;. Na jedyn\u0105, nadaj\u0105c\u0105 telewizj\u0119 polonijn\u0105 atak\u00f3w by\u0142o strasznie du\u017co. Na szcz\u0119\u015bcie jeszcze jest, jeszcze nadaje. Nikt nie zada sobie trudu, aby zapyta<\/font><\/font><font size=\"2\"><font size=\"2\">\u0107, czyj\u0105 ona jest w\u0142asno\u015bci\u0105. Lepiej m\u00f3wi<\/font><\/font><font size=\"2\"><font size=\"2\">\u0107, \u017ce jest ukradziona i wali<\/font><\/font><font size=\"2\"><font size=\"2\">\u0107 w jej w\u0142a\u015bciciela bez lito\u015bci; a mo\u017ce nie wytrzyma, mo\u017ce wreszcie zako\u0144czy nadawanie. <\/font><\/font><font size=\"2\"><font size=\"2\">Nie udowodnili mu ani munduru, ani ubecji, no to trzeba z innej strony, a tymczasem w natarciu autentyczni milicjanci z PRL-u. I to przy poparciu biznesmen\u00f3w. Lito\u015bci, to\u017c to s\u0105 faceci, kt\u00f3rzy jeszcze niedawno mieli pe\u0142ne g\u0119by anty-peerelowskich slogan\u00f3w. Czy\u017cby poza&#8230;? Tacy jeste\u015bmy; sukces rodaka staje si\u0119 automatycznie nasz\u0105 pora\u017ck\u0105 i trzeba to pom\u015bci<\/font><\/font><font size=\"2\"><font size=\"2\">\u0107. I tak jest teraz w radzie dyrektor\u00f3w unii kredytowej: sukces wyborczy sta\u0142 si\u0119 pora\u017ck\u0105 &#8222;Mniejszo\u015bci&#8221;<\/font> i trzeba sie zem\u015bci<\/font><font size=\"2\"><font size=\"2\">\u0107. A wszystko to wo\u0142a o&#8230;pomst\u0119 do nieba.<\/font><br \/>\nW niedziel\u0119, 7 lutego zebranie informacyjne cz\u0142onk\u00f3w Unii Kredytowej. Czy b\u0119dzie gor\u0105co? Nie wiem. Wiem, \u017ce b\u0119dzie kawa na \u0142aw\u0119: o wyborach, o komputerach grupowanych w dziwnych miejscach, o zaniedbaniach z przesz\u0142o\u015bci. Dzban wod\u0119 nosi dop\u00f3ki&#8230;ludzie zaczynaj\u0105 przynosi<\/font><font size=\"2\"><font size=\"2\">\u0107 informacje je\u017c\u0105ce w\u0142osy na g\u0142owie<\/font>. I b\u0119dzie trzeba na trudne pytania odpowiedzie<\/font><font size=\"2\"><font size=\"2\">\u0107. Je\u015bli nowa rada ma jakie\u015b zaniedbania, to s\u0105 to &#8222;zaniedbania&#8221; z ostatnich trzech miesi\u0119cy<\/font>, a \u015bci\u015ble &#8211; zwolnienie CEO i kasacja dw\u00f3ch oddzia\u0142\u00f3w w Chicago. Wyspowiada<\/font><font size=\"2\"><font size=\"2\">\u0107 si\u0119 z trzech miesi\u0119cy,- \u017caden problem, ale, jak si\u0119 nie chodzi\u0142o do spowiedzi przez ca\u0142e lata, to b\u0119dzie troch\u0119 trudniej.<\/font><br \/>\n<\/font><\/p>\n","protected":false},"excerpt":{"rendered":"<p>Totalna g\u0142upota? Odby\u0142y si\u0119 tzw. demokratyczne wybory. G\u0142osowa\u0142o ponad dziesi\u0119\u0107 tysi\u0119cy cz\u0142onk\u00f3w -absolutny rekord w historii Polsko-S\u0142owia\u0144skiej Federalnej Unii Kredytowej. Wybrano trzech z tzw. &#8222;grupy niezale\u017cnych&#8221; i jedn\u0105 z grupy rekomendowanej przez poprzedni\u0105 rad\u0119 dyrektor\u00f3w.<\/p>\n","protected":false},"author":2,"featured_media":0,"comment_status":"open","ping_status":"open","sticky":false,"template":"","format":"standard","meta":[],"categories":[3],"tags":[],"_links":{"self":[{"href":"https:\/\/sporek.com\/blog\/index.php?rest_route=\/wp\/v2\/posts\/215"}],"collection":[{"href":"https:\/\/sporek.com\/blog\/index.php?rest_route=\/wp\/v2\/posts"}],"about":[{"href":"https:\/\/sporek.com\/blog\/index.php?rest_route=\/wp\/v2\/types\/post"}],"author":[{"embeddable":true,"href":"https:\/\/sporek.com\/blog\/index.php?rest_route=\/wp\/v2\/users\/2"}],"replies":[{"embeddable":true,"href":"https:\/\/sporek.com\/blog\/index.php?rest_route=%2Fwp%2Fv2%2Fcomments&post=215"}],"version-history":[{"count":0,"href":"https:\/\/sporek.com\/blog\/index.php?rest_route=\/wp\/v2\/posts\/215\/revisions"}],"wp:attachment":[{"href":"https:\/\/sporek.com\/blog\/index.php?rest_route=%2Fwp%2Fv2%2Fmedia&parent=215"}],"wp:term":[{"taxonomy":"category","embeddable":true,"href":"https:\/\/sporek.com\/blog\/index.php?rest_route=%2Fwp%2Fv2%2Fcategories&post=215"},{"taxonomy":"post_tag","embeddable":true,"href":"https:\/\/sporek.com\/blog\/index.php?rest_route=%2Fwp%2Fv2%2Ftags&post=215"}],"curies":[{"name":"wp","href":"https:\/\/api.w.org\/{rel}","templated":true}]}}