{"id":216,"date":"2010-02-10T12:20:02","date_gmt":"2010-02-10T16:20:02","guid":{"rendered":"http:\/\/sporek.com\/blog\/?p=216"},"modified":"2010-02-10T12:57:09","modified_gmt":"2010-02-10T16:57:09","slug":"zebranie-informacyjne","status":"publish","type":"post","link":"https:\/\/sporek.com\/blog\/?p=216","title":{"rendered":"Zebranie informacyjne"},"content":{"rendered":"<p style=\"margin-top: 0px; margin-bottom: 0px\">Tego nie by\u0142o ju\u017c dawno, a w\u0142a\u015bciwie nigdy za mojej bytno\u015bci w Stanach. Si\u0119gam pami\u0119ci\u0105 wstecz i wspominam zebrania walne, czy te\u017c informacyjne:\u00a0<span class=\"Apple-style-span\" style=\"border-collapse: separate; color: #000000; font-family: 'Times New Roman'; font-style: normal; font-variant: normal; font-weight: normal; letter-spacing: normal; line-height: normal; orphans: 2; text-indent: 0px; text-transform: none; white-space: normal; widows: 2; word-spacing: 0px; font-size: medium\"><span class=\"Apple-style-span\" style=\"font-family: Verdana; font-size: 13px\"><\/span><\/span><!--more--><\/p>\n<p style=\"margin-top: 0px; margin-bottom: 0px\">&nbsp;<\/p>\n<p style=\"margin-top: 0px; margin-bottom: 0px\">-sprawdzanie ksi\u0105\u017ceczek oszcz\u0119dno\u015bciowych i to\u017cszamo\u015bci wchodz\u0105cych,<\/p>\n<p style=\"margin-top: 0px; margin-bottom: 0px\">-pod \u015bcianami policja, lub inne s\u0142u\u017cby ochroniarskie, za ci\u0119\u017ckie pieni\u0105dze,<\/p>\n<p style=\"margin-top: 0px; margin-bottom: 0px\">-\u015bwiat\u0142a drogowe-zielone, \u017c\u00f3\u0142te, czerwone: mo\u017cesz m\u00f3wi<font class=\"Apple-style-span\" size=\"2\">\u0107-zosta\u0142o 30 sekund-koniec, nie masz prawa doko\u0144czy\u0107 zdania.<\/font><\/p>\n<p style=\"margin-top: 0px; margin-bottom: 0px\">-przewodnicz\u0105cy z m\u0142otkiem,<\/p>\n<p style=\"margin-top: 0px; margin-bottom: 0px\">-obra\u017canie cz\u0142onk\u00f3w, ignorancja &#8211; szczeg\u00f3lnie w ostatnich dziesi\u0119ciu latach.<\/p>\n<p style=\"margin-top: 0px; margin-bottom: 0px\">7 lutego, 2010 przejdzie do historii, jako zebranie, kt\u00f3re odby\u0142o si\u0119 bez wy\u017cej wymienionych &#8222;usprawnie\u0144&#8221; organizacyjnych. Na sali widzia\u0142em ludzi, kt\u00f3rzy w naszej unii nie maj\u0105 ani centa, &#8211; przyszli ze znajomymi. Po co? Ja wiem, po co. Napisz\u0119 o nich wi\u0119cej, jak dowiem si\u0119 wi\u0119cej o ich (jego) problemach z policj\u0105 w Polsce, problemach z firm\u0105, w kt\u00f3rej pracowa\u0142, a kt\u00f3ra dzisiaj rozpisuje si\u0119 po \u015bwiecie w poszukiwaniu go. Bywamy podli do granic.<\/p>\n<p style=\"margin-top: 0px; margin-bottom: 0px\">No wi\u0119c, nie sprawdzano to\u017csamo\u015bci, co z regu\u0142y zabiera\u0142o conajmniej godzin\u0119, nie by\u0142o \u015bwiate\u0142ek, nie by\u0142o m\u0142otka, nie by\u0142o facet\u00f3w z firmy ochroniarskiej demonstruj\u0105cych swoje umi\u0119\u015bnienie w obcis\u0142ych trykotach, nie by\u0142o ignorowania cz\u0142onk\u00f3w przez prezesa, ani te\u017c przez kogokolwiek zza sto\u0142u prezydialnego. A wi\u0119c co\u015b ju\u017c si\u0119 zmieni\u0142o.<\/p>\n<p style=\"margin-top: 0px; margin-bottom: 0px\">Przeg\u0142osowano limit trzech minut na wypowied\u017a i cz\u0142onkowie sami pilnowali dyscypliny w tym zakresie. Da\u0142o si\u0119? Da\u0142o si\u0119, bo nowowybrani nie maj\u0105 nic do ukrycia, za to chc\u0105 dzieli<font class=\"Apple-style-span\" size=\"2\">\u0107 si\u0119 informacj\u0105 o sytuacji Unii. Nie do unikni\u0119cia jest agresja, nie do przewidzenia s\u0105 k\u0142amstwa, nie do opanowania jest chamstwo. Ale przyzna\u0107 trzeba, \u017ce by\u0142o tego du\u017co mniej, ni\u017c mo\u017cna si\u0119 by\u0142o spodziewa\u0107. Osobi\u015bcie jestem zbudowany wypowiedziami niekt\u00f3rych cz\u0142onk\u00f3w, zw\u0142aszcza tych, kt\u00f3rzy m\u00f3wili na temat, z konkretami, wylewaj\u0105c kaw\u0119 na \u0142aw\u0119, w dodatku prosto z mostu. Zaimponowa\u0142 mi m\u0142ody czlowiek, kt\u00f3ry zabra\u0142 g\u0142os, jako pierwszy; du\u017ca wiedza z zakresu bankowo\u015bci i finans\u00f3w, w r\u0119ku dokument wydany przez Uni\u0119 &#8211; zasygnalizowa\u0142 straty naszej Unii za poprzedni rok. Podziwiam m\u0142odych ludzi, kt\u00f3rzy interesuj\u0105 si\u0119 \u017cyciem polonijnych organizacji. Warto tego cz\u0142owieka zapami\u0119ta\u0107. Nie b\u0119d\u0119 wymienia\u0142 nazwiska, bo nie wiem, czy sobie tego \u017cyczy, ale mam z nim kontakt. Oczywi\u015bcie nie do unikni\u0119cia jest gadanie nie na temat i tak na przyk\u0142ad kto\u015b chcia\u0142 sprytnie skierowa\u0107 zebranie na dyskusj\u0119 o Centrum Polsko-S\u0142owia\u0144skim. Na szcz\u0119\u015bcie trwa\u0142o kr\u00f3tko, reszt\u0119 mo\u017cna i nale\u017ca\u0142oby doko\u0144czy\u0107 na walnym zebraniu tej\u017ce instytucji. Kto\u015b inny, kompletnie bez sensu zaatakowa\u0142 mnie, \u017ce zapomnia\u0142em w \u015brodowym artykule w Nowym Dzienniku wymieni\u0107 harcerstwo i tym sposobem zrobi\u0107 ze mnie drania. Przyzna\u0142em si\u0119, przeprosi\u0142em i przyrzek\u0142em zamie\u015bci\u0107 sprostowanie. Zamie\u015bci\u0142em. Nie przeszkodzi\u0142o to pani Mo\u015bcickiej, kt\u00f3ra t\u0119 armat\u0119 wytoczy\u0142a wyprze\u0107 si\u0119, \u017ce kadra opiekuj\u0105ca si\u0119 harcerstwem w Domu Narodowym wysy\u0142a ohydne e-maile nazywaj\u0105c mnie za owo zapomnienie idiot\u0105 i g\u0142upcem. Typowy przyk\u0142ad hipokryzji i tch\u00f3rzostwa ze strony tej pani i fatalny, karygodny przyk\u0142ad niepedagogicznych zachowa\u0144 kadry instruktorskiej, czy nawet samej &#8222;szefowej&#8221; naszych, sk\u0105din\u0105d zacnych i sympatycznych harcerzy, kt\u00f3rych kocham za to, \u017ce s\u0105 w ZHP. Ale to taki drobiazg.<\/font><\/p>\n<p style=\"margin-top: 0px; margin-bottom: 0px\"><font class=\"Apple-style-span\" size=\"2\">Hipokryzja w\u0142a\u015bnie to ta cecha, kt\u00f3ra najcz\u0119\u015bciej ukazywa\u0142a si\u0119 w wypowiedziach, szczeg\u00f3lnie by\u0142ego prezesa, jak i p. Wierzbowskiej, jak te\u017c Jakubowskiej. Oto by\u0142y prezes zarzuca radzie dyrektor\u00f3w podporz\u0105dkowywanie si\u0119 do zalece\u0144 NSCUA &#8211; chodzi o pieni\u0105dze, jakie wszystkie unie musz\u0105 wp\u0142aci\u0107 na pomoc zagro\u017conym upadkiem kryzysowym ma\u0142ym uniom. No c\u00f3\u017c, uchylanie si\u0119 od zarz\u0105dze\u0144 w\u0142adz zwierzchnich to dla by\u0142ego prezesa nie nowo\u015b<\/font><font class=\"Apple-style-span\" size=\"2\">\u0107, wi\u0119c zaskoczony nie by\u0142em.<\/font><font class=\"Apple-style-span\" size=\"2\"> Pani WIerzbowska atakuje nowych cz\u0142onk\u00f3w rady staj\u0105c, jak \u017co\u0142nierz przy starym prezesie, o kt\u00f3rym wygadywa\u0142a do mnie niestworzone historie, gdy razem stali\u015bmy pod bankiem kilka lat temu, zbieraj\u0105c podpisy. Atakuje Kami\u0144skich, cho<\/font><font class=\"Apple-style-span\" size=\"2\">\u0107<\/font><font class=\"Apple-style-span\" size=\"2\">\u00a0 wtedy korzysta\u0142a z ich wydatnej pomocy przy zbieraniu tych\u017ce podpis\u00f3w. Ale na\u015bmieszniejsze jest to, \u017ce nawo\u0142uj\u0105c do &#8222;poszanowania&#8221; prawa i deklaruj\u0105c niewymowm\u0105 lojalno\u015b\u0107 dla cz\u0142onk\u00f3w Unii, zapomnia\u0142a, \u017ce stworzono dla niej etat w Clark. Rych\u0142o jednak ockn\u0119li si\u0119 bonzowie z poprzedniej rady, \u017ce by\u0142 to jaskrawy konflikt interes\u00f3w: cz\u0142onek rady dyrektor\u00f3w na etacie u sponsora&#8230; Jako\u015b jednak zapomnia\u0142a ju\u017c o tym pani Wierzbowska. Pani Jakubowska, s\u0105dz\u0105c, \u017ce jak przypomni zebranym, o og\u0142oszeniu przeze mnie dwa lata temu upad\u0142o\u015bci, to zebrani wywioz\u0105 mnie na taczkach. Nic takiego si\u0119 nie sta\u0142o. Zapomnia\u0142a ju\u017c, \u017ce kiedy zwolniono j\u0105 z pracy za niedopilnowanie wynoszenia produkt\u00f3w mi\u0119snych i innych ze sto\u0142\u00f3wki przez jej pracowniczki, to pierwszy telefon o ratowanie jej sk\u00f3ry wykona\u0142a do mnie. Zapomnia\u0142a te\u017c, zapomnia\u0142 Matyszczyk i ca\u0142a jego gromadka, \u0142\u0105cznie z CEO, \u017ce kiedy nasta\u0142a &#8222;konserwa&#8221;, to NCUA wyznaczy\u0142o na stanowsiko szefa naszej Unii Amerykanina, kt\u00f3ry w\u0142a\u015bnie chwil\u0119 przedtem og\u0142osi\u0142 bankructwo. Innym mo\u017cna wybaczy\u0107 &#8211; swoim nie. Pan Matyszczyk mia\u0142 pe\u0142en satysfakcji u\u015bmieszek na usteczkach, gdy pad\u0142a sprawa moje bankrupcji , &#8211; zapomnia\u0142, biedaczek, \u017ce publicznie, w radio oznajmi\u0142, i\u017c notatka o tym fakcie pod moim \u017cyciorysem by\u0142a k\u0142amliwa i bezpodstawna i zadeklarowa\u0142, \u017ce umie\u015bci sprostowanie w Nowym Dzienniku. Min\u0119\u0142o wi\u0119cej, ni\u017c miesi\u0105c, a sprostowania, jak nie by\u0142o, tak nie ma. Ciekaw te\u017c jestem powod\u00f3w absencji p. K. Sawczuk. Interesuj\u0105co brzmia\u0142aby jej odpowied\u017a, jak rozlicza\u0142a pieni\u0105dze Centrum, kiedy pe\u0142ni\u0142a funkcj\u0119 dyrektora wykonawczego. Czy Pani Jakubowska te\u017c by jej zarzuci\u0142a, \u017ce forma 990 nie wystarczy&#8230;? No, ale p. dyrektor Sawczuk unikn\u0119\u0142a trudnych pyta\u0144 nie przychodz\u0105c na zebranie. Mo\u017cna i tak. A oto kolejny przyk\u0142ad hipokryzji: Na jednej ze stron internetowych- prawdopodobnie zrobionej przez bardzo us\u0142u\u017cnego hipokryt\u0119, popieranego przez pani\u0105 Konarsk\u0105, na moim blogu, kt\u00f3rej wpis wyrzuci\u0142em, bo wszystko co robi, to pog\u0142\u0119bia hipokryzj\u0119, &#8211; znalaz\u0142a si\u0119 ironiczna notatka o tym, \u017ce rzuci\u0142em has\u0142o o pomocy finansowej w ratowaniu obrazu Jana Matejki, &#8222;Bitwa pod Grunwaldem&#8221;, w rocznic\u0119 tego wydarzenia. Trzeba by\u0107 ju\u017c nie tylko hipokryt\u0105, ale cz\u0142owiekiem do cna wyzutym z uczu\u0107 polsko\u015bci, aby taki apel zaliczy\u0107 do negatyw\u00f3w. S\u0105 jednak indywidua, niestety, kt\u00f3re traktuj\u0105 to w\u0142a\u015bnie w tych kategoriach. I trzeba sie ich wystrzega\u0107, bo g\u0119by maj\u0105 pe\u0142ne pi\u0119knych tre\u015bci, a w duszy pustka, zero.<\/font><\/p>\n<p style=\"margin-top: 0px; margin-bottom: 0px\"><font class=\"Apple-style-span\" size=\"2\">Zebranie pokaza\u0142o, wbrew wszystkiemu, \u017ce nowe koncepcje, nowych dyrektor\u00f3w maj\u0105 sens i rokuj\u0105 popraw\u0119 relacji Unia\u00a0 -Cz\u0142onkowie. Pokaza\u0142o, \u017ce mo\u017cna prawdopodobnie doj\u015b\u0107 do porozumienia, \u017ce mo\u017cna wsp\u00f3lnie cos zrobi\u0107. Jest wystarczaj\u0105co du\u017co si\u0142, kt\u00f3re chc\u0105 zniszczy\u0107 nasz\u0105 nacj\u0119. Te si\u0142y s\u0105 r\u00f3wnie\u017c, niestety, w\u015br\u00f3d nas. Nie dajmy si\u0119 zwariowa\u0107. Je\u015bli daj\u0105 nam co\u015b do podpisania, czytajmy to dok\u0142adnie. I rozgl\u0105dajmy si\u0119 wok\u00f3\u0142. Wrog\u00f3w jest sporo, ale najgorsi s\u0105 ci ze \u015brodka, spo\u015br\u00f3d nas. Jak powiedzia\u0142 staro\u017cytny m\u0119drzec &#8222;<em>wr\u00f3g za drzwiami jest o tyle wygodny, \u017ce wiemy z kim si\u0119 bi\u0107 &#8211; zdrajca w \u015brodku jest o wiele bardziej niebezpieczny, bo d\u0142ugo pozostaje nieznany&#8221;<\/em>. Ale oni si\u0119 zwolna i niechc\u0105cy &#8222;ujawniaj\u0105&#8221;. <\/font><\/p>\n<p style=\"margin-top: 0px; margin-bottom: 0px\"><font class=\"Apple-style-span\" size=\"2\">Gratuluj\u0119 Prezesowi, Tomaszowi Bortnikowi sprawnego, kulturalnego i pe\u0142nego fachowej wiedzy prowadzenia zebrania.<\/font><\/p>\n","protected":false},"excerpt":{"rendered":"<p>Tego nie by\u0142o ju\u017c dawno, a w\u0142a\u015bciwie nigdy za mojej bytno\u015bci w Stanach. Si\u0119gam pami\u0119ci\u0105 wstecz i wspominam zebrania walne, czy te\u017c informacyjne:\u00a0<\/p>\n","protected":false},"author":2,"featured_media":0,"comment_status":"open","ping_status":"open","sticky":false,"template":"","format":"standard","meta":[],"categories":[3],"tags":[],"_links":{"self":[{"href":"https:\/\/sporek.com\/blog\/index.php?rest_route=\/wp\/v2\/posts\/216"}],"collection":[{"href":"https:\/\/sporek.com\/blog\/index.php?rest_route=\/wp\/v2\/posts"}],"about":[{"href":"https:\/\/sporek.com\/blog\/index.php?rest_route=\/wp\/v2\/types\/post"}],"author":[{"embeddable":true,"href":"https:\/\/sporek.com\/blog\/index.php?rest_route=\/wp\/v2\/users\/2"}],"replies":[{"embeddable":true,"href":"https:\/\/sporek.com\/blog\/index.php?rest_route=%2Fwp%2Fv2%2Fcomments&post=216"}],"version-history":[{"count":0,"href":"https:\/\/sporek.com\/blog\/index.php?rest_route=\/wp\/v2\/posts\/216\/revisions"}],"wp:attachment":[{"href":"https:\/\/sporek.com\/blog\/index.php?rest_route=%2Fwp%2Fv2%2Fmedia&parent=216"}],"wp:term":[{"taxonomy":"category","embeddable":true,"href":"https:\/\/sporek.com\/blog\/index.php?rest_route=%2Fwp%2Fv2%2Fcategories&post=216"},{"taxonomy":"post_tag","embeddable":true,"href":"https:\/\/sporek.com\/blog\/index.php?rest_route=%2Fwp%2Fv2%2Ftags&post=216"}],"curies":[{"name":"wp","href":"https:\/\/api.w.org\/{rel}","templated":true}]}}