{"id":217,"date":"2010-02-18T13:41:37","date_gmt":"2010-02-18T17:41:37","guid":{"rendered":"http:\/\/sporek.com\/blog\/?p=217"},"modified":"2010-02-19T09:34:49","modified_gmt":"2010-02-19T13:34:49","slug":"bialorus-inni-sasiedzi-imy","status":"publish","type":"post","link":"https:\/\/sporek.com\/blog\/?p=217","title":{"rendered":"Bia\u0142oru\u015b, inni s\u0105siedzi i&#8230;my"},"content":{"rendered":"<p><font size=\"2\"><font face=\"verdana\">&#8222;Odb\u0119d\u0119 &#8222;m\u0119sk\u0105&#8221; rozmow\u0119 z przedstawicielem dyplomacji bia\u0142oruskiej&#8221; &#8211; <em>R. Sikorski.<\/em> Po &#8222;m\u0119skiej&#8221; rozmowie&#8230;nasili\u0142y si\u0119 represje w\u0142adz bia\u0142oruskich w stosunku do polonijnych organizacji. Sympati\u0119 i wsparcie re\u017cimowego rz\u0105du otrzymuje prorz\u0105dowa organizacja polonijna. <\/font><\/font><!--more--><font size=\"2\"><font face=\"verdana\">\u0141ukaszenko zmierza w prostej linii do zdelegalizowania organizacji prowadzonej przez Angelik\u0119 Borys. Mamy wi\u0119c do czynienia z wyra\u017anym podzia\u0142em Polonii Bia\u0142oruskiej. A gdzie go nie ma? Tracimy na tym, jako nacja &#8211; moralnie. Tracimy na tym materialnie, bo domy polskie na Bia\u0142orusi by\u0142y wybudowane za pieni\u0105dze Wsp\u00f3lnoty Polskiej. Z szesnastu, zosta\u0142y ju\u017c tylko dwa. Czy\u017c nie jest to lustrzanym odbiciem tego, co Polonia wyprawia w USA? Zdelegalizowanie organizacji rz\u0105dzonej przez A. Borys, to likwidacja program\u00f3w kulturalnych i o\u015bwiatowych. To likwidacja polsko\u015bci. Tymczasem to Polska przyczyni\u0142a sie najbardziej do ocieplenia stosunk\u00f3w Bia\u0142orusi z Uni\u0105 Europejsk\u0105. Tam w\u0142a\u015bnie jaki\u015b czas temu pojecha\u0142 minister Sikorski, by wydeptywa<\/font><\/font><font face=\"verdana\" size=\"2\">\u0107<\/font><font size=\"2\"><font face=\"verdana\"> \u015bcie\u017cki tego pa\u0144stwa do Europy. Minister spraw zagranicznych Bia\u0142orusi przyjecha\u0142 do Polski, a w tym czasie represje si\u0119 wzmog\u0142y. Czy Europa zareaguje w spos\u00f3b stanowczy, czy b\u0119dzie to tylko mi\u0119kkie upomnienie na wniosek naszego szefa Jerzego Buzka&#8230;?<\/font><br style=\"font-family: Verdana\" \/><font face=\"verdana\">W Niemczech polskie rodziny skar\u017c\u0105 si\u0119 na zakaz rozm\u00f3w w j\u0119zyku polskim z dzie<\/font><\/font><font face=\"verdana\" size=\"2\">\u0107<\/font><font size=\"2\"><font face=\"verdana\">mi. &#8222;Niemcy&#8221;, kt\u00f3rzy opu\u015bcili Polsk\u0119 na w\u0142asne \u017cyczenie teraz dobijaj\u0105 si\u0119 do naszych drzwi po swoje maj\u0105tki. <\/font><br style=\"font-family: Verdana\" \/><font face=\"verdana\">Tusk spaceruje z Frau Merkel po molo, Sikorski opowiada o wprowadzeniu Polski do I-ej ligi europejskiej, jak tylko zostanie prezydentem. Dbaj\u0105 o swoje pi-ary i stanowiska. Tymczasem ani Sikorski, ani Komorowski nie powinni nigdy wst\u0105pi<\/font><\/font><font face=\"verdana\" size=\"2\">\u0107<\/font><font size=\"2\"><font face=\"verdana\"> na fotel prezydencki, bo s\u0105 akurat najgorszymi kandydatami.<\/font><br style=\"font-family: Verdana\" \/><font face=\"verdana\">Czy nie b\u0119d\u0105c prezydentem Radek Sikorski nie m\u00f3g\u0142by ju\u017c teraz wprowadzi<\/font><\/font><font face=\"verdana\" size=\"2\">\u0107<\/font><font size=\"2\"><font face=\"verdana\"> Polski do I-ej ligii?<\/font><br style=\"font-family: Verdana\" \/><font face=\"verdana\">Pan Komorowski natomiast niech sobie przypomni, jak przy aferze z Szeremietiewem i jego zast\u0119pc\u0105, przyrzeka\u0142, \u017ce je\u015bli prokuratura nie udowodni jego tezy, to on honorowo wycofa si\u0119 z polityki. Prokuratura nie potwierdzi\u0142a jego racji, on zosta\u0142, honor&#8230;odjecha\u0142. I takiego mamy mie<\/font><\/font><font face=\"verdana\" size=\"2\">\u0107<\/font><font size=\"2\"><font face=\"verdana\"> prezydenta. Nie zdziwi\u0119 si\u0119, je\u015bli b\u0119d\u0105 to najs\u0142abiej przez spo\u0142ecze\u0144stwo &#8222;obs\u0142u\u017cone&#8221; wybory, bo ludzie prawdopodobnie do urn nie p\u00f3jd\u0105. <\/font><br style=\"font-family: Verdana\" \/><font face=\"verdana\">Platformersi robi\u0105 na kolanie zmiany konstytucyjne, a najwa\u017cniejszym dla nich paragrafem do wyrzucenia jest ten, kt\u00f3ry mowi o stosowaniu veta przez prezydenta.<\/font><br style=\"font-family: Verdana\" \/><font face=\"verdana\">Tusk chce by<\/font><\/font><font face=\"verdana\" size=\"2\">\u0107<\/font><font size=\"2\"><font face=\"verdana\"> kanclerzem i wida<\/font><\/font><font face=\"verdana\" size=\"2\">\u0107<\/font><font size=\"2\"><font face=\"verdana\"> to, jak na d\u0142oni. <\/font><br style=\"font-family: Verdana\" \/><font face=\"verdana\">Czy Polacy dadz\u0105 si\u0119 na to nabra<\/font><\/font><font face=\"verdana\" size=\"2\">\u0107<\/font><font size=\"2\">&#8230;?<br \/>\n<\/font><\/p>\n","protected":false},"excerpt":{"rendered":"<p>&#8222;Odb\u0119d\u0119 &#8222;m\u0119sk\u0105&#8221; rozmow\u0119 z przedstawicielem dyplomacji bia\u0142oruskiej&#8221; &#8211; R. Sikorski. Po &#8222;m\u0119skiej&#8221; rozmowie&#8230;nasili\u0142y si\u0119 represje w\u0142adz bia\u0142oruskich w stosunku do polonijnych organizacji. Sympati\u0119 i wsparcie re\u017cimowego rz\u0105du otrzymuje prorz\u0105dowa organizacja polonijna.<\/p>\n","protected":false},"author":2,"featured_media":0,"comment_status":"open","ping_status":"open","sticky":false,"template":"","format":"standard","meta":[],"categories":[4],"tags":[],"_links":{"self":[{"href":"https:\/\/sporek.com\/blog\/index.php?rest_route=\/wp\/v2\/posts\/217"}],"collection":[{"href":"https:\/\/sporek.com\/blog\/index.php?rest_route=\/wp\/v2\/posts"}],"about":[{"href":"https:\/\/sporek.com\/blog\/index.php?rest_route=\/wp\/v2\/types\/post"}],"author":[{"embeddable":true,"href":"https:\/\/sporek.com\/blog\/index.php?rest_route=\/wp\/v2\/users\/2"}],"replies":[{"embeddable":true,"href":"https:\/\/sporek.com\/blog\/index.php?rest_route=%2Fwp%2Fv2%2Fcomments&post=217"}],"version-history":[{"count":0,"href":"https:\/\/sporek.com\/blog\/index.php?rest_route=\/wp\/v2\/posts\/217\/revisions"}],"wp:attachment":[{"href":"https:\/\/sporek.com\/blog\/index.php?rest_route=%2Fwp%2Fv2%2Fmedia&parent=217"}],"wp:term":[{"taxonomy":"category","embeddable":true,"href":"https:\/\/sporek.com\/blog\/index.php?rest_route=%2Fwp%2Fv2%2Fcategories&post=217"},{"taxonomy":"post_tag","embeddable":true,"href":"https:\/\/sporek.com\/blog\/index.php?rest_route=%2Fwp%2Fv2%2Ftags&post=217"}],"curies":[{"name":"wp","href":"https:\/\/api.w.org\/{rel}","templated":true}]}}