{"id":219,"date":"2010-02-22T15:14:21","date_gmt":"2010-02-22T19:14:21","guid":{"rendered":"http:\/\/sporek.com\/blog\/?p=219"},"modified":"2010-02-25T09:14:23","modified_gmt":"2010-02-25T13:14:23","slug":"oswiadczenie","status":"publish","type":"post","link":"https:\/\/sporek.com\/blog\/?p=219","title":{"rendered":"O\u015bwiadczenie"},"content":{"rendered":"<p><span class=\"Apple-style-span\" style=\"font-family: Verdana; line-height: normal; font-size: 13px\"> <\/span><\/p>\n<p style=\"margin-top: 0px; margin-bottom: 0px\">Drodzy Czytelnicy mojego blogu, dyskutuj\u0105cy o sprawach polonijnych. Chc\u0119 bardzo jasno o\u015bwiadczy\u0107, \u017ce Pan Adam B\u0105k jest moim przyjacielem i tak d\u0142ugo b\u0119d\u0119 Go traktowa\u0142 w tej kategorii, a\u017c On sam zako\u0144czy te przyja\u017a\u0144. Dlatego nie zgadzam si\u0119 na \u017cadne, personalne uwagi na temat Jego \u017cycia osobistego. Ka\u017cdy z Was ma swoje \u017cycie i wara innym od niego. Wara te\u017c od prywatnych spraw mojego przyjaciela. Dlatego usun\u0105\u0142em zdania dotycz\u0105ce tej sfery Jego \u017cycia ze wszystkich komentarzy, w kt\u00f3rych takie uwagi si\u0119 pokaza\u0142y. R\u00f3\u017cnice zda\u0144 nie oznaczaj\u0105 zerwania wi\u0119zi \u0142\u0105cz\u0105cych ludzi zw\u0142aszcza tak, jak nas &#8211; od dzieci\u0144stwa. Dzi\u0119kuj\u0119 za uszanowanie mojej pro\u015bby. J. Sporek<\/p>\n<p style=\"margin-top: 0px; margin-bottom: 0px\">PS: Dotyczy to r\u00f3wnie\u017c wszystkich innych ludzi, kt\u00f3rzy s\u0105 zaanga\u017cowani w sprawy polonijne. Od teraz b\u0119d\u0119 bardzo rygorystycznie traktowa\u0142 t\u0119 spraw\u0119. M\u00f3wmy wy\u0142\u0105cznie o sprawach organizacyjnych; merytorycznie i z sensem.<\/p>\n","protected":false},"excerpt":{"rendered":"<p>Drodzy Czytelnicy mojego blogu, dyskutuj\u0105cy o sprawach polonijnych. Chc\u0119 bardzo jasno o\u015bwiadczy\u0107, \u017ce Pan Adam B\u0105k jest moim przyjacielem i tak d\u0142ugo b\u0119d\u0119 Go traktowa\u0142 w tej kategorii, a\u017c On sam zako\u0144czy te przyja\u017a\u0144. Dlatego nie zgadzam si\u0119 na \u017cadne, personalne uwagi na temat Jego \u017cycia osobistego. Ka\u017cdy z Was ma swoje \u017cycie i wara [&hellip;]<\/p>\n","protected":false},"author":2,"featured_media":0,"comment_status":"open","ping_status":"open","sticky":false,"template":"","format":"standard","meta":[],"categories":[3],"tags":[],"_links":{"self":[{"href":"https:\/\/sporek.com\/blog\/index.php?rest_route=\/wp\/v2\/posts\/219"}],"collection":[{"href":"https:\/\/sporek.com\/blog\/index.php?rest_route=\/wp\/v2\/posts"}],"about":[{"href":"https:\/\/sporek.com\/blog\/index.php?rest_route=\/wp\/v2\/types\/post"}],"author":[{"embeddable":true,"href":"https:\/\/sporek.com\/blog\/index.php?rest_route=\/wp\/v2\/users\/2"}],"replies":[{"embeddable":true,"href":"https:\/\/sporek.com\/blog\/index.php?rest_route=%2Fwp%2Fv2%2Fcomments&post=219"}],"version-history":[{"count":0,"href":"https:\/\/sporek.com\/blog\/index.php?rest_route=\/wp\/v2\/posts\/219\/revisions"}],"wp:attachment":[{"href":"https:\/\/sporek.com\/blog\/index.php?rest_route=%2Fwp%2Fv2%2Fmedia&parent=219"}],"wp:term":[{"taxonomy":"category","embeddable":true,"href":"https:\/\/sporek.com\/blog\/index.php?rest_route=%2Fwp%2Fv2%2Fcategories&post=219"},{"taxonomy":"post_tag","embeddable":true,"href":"https:\/\/sporek.com\/blog\/index.php?rest_route=%2Fwp%2Fv2%2Ftags&post=219"}],"curies":[{"name":"wp","href":"https:\/\/api.w.org\/{rel}","templated":true}]}}