{"id":221,"date":"2010-02-25T10:50:32","date_gmt":"2010-02-25T14:50:32","guid":{"rendered":"http:\/\/sporek.com\/blog\/?p=221"},"modified":"2010-02-25T11:09:10","modified_gmt":"2010-02-25T15:09:10","slug":"wron-y-nie-bylo","status":"publish","type":"post","link":"https:\/\/sporek.com\/blog\/?p=221","title":{"rendered":"WRON-y nie by\u0142o"},"content":{"rendered":"<p>Polska si\u0119gn\u0119\u0142a wreszcie po laury w kategorii \u201eKraj najwi\u0119kszych absurd\u00f3w\u201d. By\u0142y kiedy\u015b dowcipy o kelnerach w\u0142adaj\u0105cych kilkoma j\u0119zykami i dyplomatach m\u00f3wi\u0105cych kiepsk\u0105 polszczyzn\u0105. Dzi\u015b \u017caden z tamtych dowcip\u00f3w nie przebije paradoks\u00f3w, jakie \u201ewolnej\u201d Polsce zafundowali ci, kt\u00f3rzy pono\u0107 maj\u0105 najwi\u0119ksze zas\u0142ugi w walce o jej wolno\u015b\u0107. <!--more-->Nie b\u0119d\u0105c woln\u0105, otrzyma\u0142a od Boga, \u015bwiata i arcybiskup\u00f3w z pami\u0119tnego Konklawe, Papie\u017ca-Polaka. Ten \u015bwi\u0119ty cz\u0142owiek przyje\u017cd\u017ca\u0142 i b\u0142aga\u0142: \u201eNie l\u0119kajcie si\u0119\u201d; \u201eNiech zst\u0105pi Duch i odmieni oblicze Ziemi. &#8211; Tej Ziemi\u201d &#8211; podkre\u015bli\u0142, \u017ceby ju\u017c nikt nie mia\u0142 w\u0105tpliwo\u015bci, o kt\u00f3r\u0105 Ziemi\u0119 chodzi. W chwil\u0119 po uzyskaniu \u201ewolno\u015bci\u201d facet z Matk\u0105 Bosk\u0105 w klapie i jego doradcy oddaj\u0105 prezydentur\u0119 w r\u0119ce cz\u0142owieka, kt\u00f3ry wypowiedzia\u0142 narodowi wojn\u0119. Ten\u017ce cz\u0142owiek, tak pono\u0107 Kr\u00f3lowej Polski oddany- \u201enie chcem, ale muszem\u201d &#8211; wepcha\u0142 si\u0119, jako kandydat po generale i obj\u0105\u0142 najzaszczytniejszy z urz\u0119d\u00f3w. I zrobi\u0142 z tego urz\u0119du szambo do zgnojenia towarzyszy walki i oczyszczenia siebie. Inny podkresli\u0142 grub\u0105 kresk\u0105 nie tylko zafajdan\u0105 przesz\u0142o\u015b\u0107, ale i s\u0142owa Papie\u017ca. To dw\u00f3ch, najwi\u0119kszych przest\u0119pc\u00f3w \u201ewolnej\u201d Polski. A potem zawiedziony Nar\u00f3d wybra\u0142 prezydentem post-komunist\u0119, a jeszcze potem post-komunistyczny rz\u0105d. Dzi\u015b Trybuna\u0142 Konstytucyjny \u201ewolnej\u201d Polski przywraca wysokie \u015bwiadczenia emerytalne tw\u00f3rcom stanu wojennego, za\u0142o\u017cycielom WRON-u, a w uzasadnieniu mamy najwi\u0119kszy paradoks w wykonaniu o\u015bwieconych g\u0142\u00f3w profesorsko-adwokacko-s\u0119dziowskich:<br \/>\nWRON-a nie mo\u017ce by\u0107 uznana za organizacj\u0119, kt\u00f3ra faktycznie istnia\u0142a, bo nie ma&#8230;daty jej za\u0142o\u017cenia.<br \/>\nDecyzj\u0105 nocnej narady \u201enieistniej\u0105cej\u201d WRON-y stan wojenny sta\u0142 si\u0119 realnie istniej\u0105cym, bolesnym faktem, \u015bmier\u0107 g\u00f3rnik\u00f3w realnie zaistnia\u0142ym faktem tragicznym, trudne \u017cycie ca\u0142ego spo\u0142ecze\u0144stwa za\u015b dramatycznym, realnie prze\u017cywanym okresem historii mojego kraju, ale&#8230;WRON-y nie by\u0142o.<br \/>\nNie ma zatem takiej szansy, aby wykre\u015bli\u0107 stan wojenny z naszej historii, bo jest wyra\u017ana data jego wprowadzenia. Nie ma takiej szansy, aby wskrzesi\u0107 u\u015bmierconych, bo ich zabi\u0142y WRON-ie kule, nie ma wreszcie szansy, aby wymaza\u0107 pami\u0119\u0107 styranego Jaruzelsko-polsk\u0105 wojn\u0105 spo\u0142ecze\u0144stwa. Znalaz\u0142a si\u0119 szansa, aby wynagrodzi\u0107 autor\u00f3w tej wojny z jej g\u0142\u00f3wnym zleceniodawc\u0105 na czele.<br \/>\nKilka dni temu zastanawia\u0142em si\u0119 nad jakim\u015b tekstem o Ukrainie, po wyborach. Stwierdzi\u0142em, \u017ce nie b\u0119d\u0119 sobie zawraca\u0142 g\u0142owy, bo jest to kraj, kt\u00f3ry tak samo, jak Polska, skopa\u0142 swoj\u0105 wolno\u015b\u0107. Szkoda palc\u00f3w na \u015bcieranie ich na kalwiaturze komputera. To, co sta\u0142o si\u0119 wczoraj, 24 lutego, 2010 w Polsce &#8211; zapami\u0119tajmy t\u0119 dat\u0119 &#8211; nie jest ju\u017c warte wyrywanych przez ubecj\u0119 paznokci zapomnianych bohater\u00f3w, nie jest warte ich \u017cycia, oddanego za Ojczyzn\u0119, ani ich \u015bmierci. Jest \u017ca\u0142osnym aktem upodlenia.<br \/>\nI pami\u0119tajmy, \u017ce sta\u0142o si\u0119 tak dzi\u0119ki zabiegom, ci\u0105gle dobrze si\u0119 maj\u0105cej partii SLD , kt\u00f3ra chce jeszcze wi\u0119cej &#8211; chce przywr\u00f3cenia \u015bwiadcze\u0144 dla Esbek\u00f3w.<br \/>\nPanie, \u015bwie\u0107 nad duszami POLEG\u0141YCH ZA OJCZYZN\u0118.<\/p>\n","protected":false},"excerpt":{"rendered":"<p>Polska si\u0119gn\u0119\u0142a wreszcie po laury w kategorii \u201eKraj najwi\u0119kszych absurd\u00f3w\u201d. By\u0142y kiedy\u015b dowcipy o kelnerach w\u0142adaj\u0105cych kilkoma j\u0119zykami i dyplomatach m\u00f3wi\u0105cych kiepsk\u0105 polszczyzn\u0105. Dzi\u015b \u017caden z tamtych dowcip\u00f3w nie przebije paradoks\u00f3w, jakie \u201ewolnej\u201d Polsce zafundowali ci, kt\u00f3rzy pono\u0107 maj\u0105 najwi\u0119ksze zas\u0142ugi w walce o jej wolno\u015b\u0107.<\/p>\n","protected":false},"author":2,"featured_media":0,"comment_status":"open","ping_status":"open","sticky":false,"template":"","format":"standard","meta":[],"categories":[4],"tags":[],"_links":{"self":[{"href":"https:\/\/sporek.com\/blog\/index.php?rest_route=\/wp\/v2\/posts\/221"}],"collection":[{"href":"https:\/\/sporek.com\/blog\/index.php?rest_route=\/wp\/v2\/posts"}],"about":[{"href":"https:\/\/sporek.com\/blog\/index.php?rest_route=\/wp\/v2\/types\/post"}],"author":[{"embeddable":true,"href":"https:\/\/sporek.com\/blog\/index.php?rest_route=\/wp\/v2\/users\/2"}],"replies":[{"embeddable":true,"href":"https:\/\/sporek.com\/blog\/index.php?rest_route=%2Fwp%2Fv2%2Fcomments&post=221"}],"version-history":[{"count":0,"href":"https:\/\/sporek.com\/blog\/index.php?rest_route=\/wp\/v2\/posts\/221\/revisions"}],"wp:attachment":[{"href":"https:\/\/sporek.com\/blog\/index.php?rest_route=%2Fwp%2Fv2%2Fmedia&parent=221"}],"wp:term":[{"taxonomy":"category","embeddable":true,"href":"https:\/\/sporek.com\/blog\/index.php?rest_route=%2Fwp%2Fv2%2Fcategories&post=221"},{"taxonomy":"post_tag","embeddable":true,"href":"https:\/\/sporek.com\/blog\/index.php?rest_route=%2Fwp%2Fv2%2Ftags&post=221"}],"curies":[{"name":"wp","href":"https:\/\/api.w.org\/{rel}","templated":true}]}}