{"id":223,"date":"2010-03-11T00:39:45","date_gmt":"2010-03-11T04:39:45","guid":{"rendered":"http:\/\/sporek.com\/blog\/?p=223"},"modified":"2010-03-19T12:00:18","modified_gmt":"2010-03-19T16:00:18","slug":"to-dopiero-poczatek","status":"publish","type":"post","link":"https:\/\/sporek.com\/blog\/?p=223","title":{"rendered":"To dopiero pocz\u0105tek"},"content":{"rendered":"<p>Kandydaci na kandydat\u00f3w do wybor\u00f3w prezydenckich zacz\u0119li si\u0119 popisywa\u0107 kwiecistymi mowami, g\u0142\u00f3wnie obra\u017caj\u0105cymi obecnego prezydenta, lub swojego rywala. Ju\u017c przy pierwszych potyczkach wysz\u0142o te\u017c, \u017ce krytykowanie kandydat\u00f3w na kandydat\u00f3w jest w PO partyjnie surowo wzbronione. PO ze swoimi okrzyczanymi na ca\u0142\u0105 Europ\u0119 &#8222;wysokimi standardami&#8221; reprymenduje swojego &#8222;sta\u0144czyka&#8221; za jego wypowiedzi na temat jednego z kandydat\u00f3w na kandydata.<!--more-->\u00a0Kiedy kabareciarze wcielaj\u0105 si\u0119 w polityk\u00f3w, jest \u015bmiesznie; &#8211; Kiedy politycy robi\u0105 kabaret, jest tragicznie. Sikorski z, jak zwykle powyginanymi wargami i zaci\u015bni\u0119tymi pi\u0105stkami wyartykuowa\u0142 na spotkaniu w Bydgoszczy: \u201eJeden z lepszych komentarzy, kt\u00f3re czyta\u0142em na forach Internetowych brzmia\u0142: \u201e<em>Wol\u0119 Sikorskiego z hakami, ni\u017c Kaczy\u0144skiego z bratem<\/em>\u201d. A ja tam wol\u0119 Kaczy\u0144skiego z bratem i wszystkimi, mo\u017cliwymi kuzynami, ni\u017c jednego Sikorskiego. Sikorski dalej: \u201c<em>Prezydent powinien zachowa\u0107 trze\u017awo\u015b\u0107 oceny, a nie zgrywa\u0107 zucha, wa\u0142\u0119saj\u0105c si\u0119 gdzie\u015b po g\u00f3rach Kaukazu\u201d<\/em>Palikot: &#8222;W 2007 roku odsuni\u0119ci od w\u0142adzy razem z Jaros\u0142awem Kaczy\u0144skim wracaj\u0105 teraz \u201etylnymi drzwiami\u201d. PO mo\u017ce grozi\u0107 roz\u0142am. Czy Sikorski jest kandydatem PO-PiSu, czy samego PiSu? Sikorski ca\u0142kiem nie\u017ale czu\u0142 si\u0119 w rz\u0105dzie Jaros\u0142awa Kaczy\u0144skiego&#8221;. No i tu go <strong>P<\/strong>artia <strong>O<\/strong>bronna obsztorcowa\u0142a i delikatnie przywr\u00f3ci\u0142a do pionu, musia\u0142, biedny napisa\u0107 sto razy, \u017ce Sikorski jest kandydatem PO na kandydata na prezydenta. Sikorski: <em>\u201ePrezydent wolnej Polski mo\u017ce by\u0107 niski, ale nie powinien by\u0107 ma\u0142y\u201d.<\/em> I zach\u0119ca\u0142 widowni\u0119 do zaklinania przysz\u0142o\u015bci has\u0142em: <em>\u201eBy\u0142y Prezydent, Lech Kaczy\u0144ski!!<\/em>\u201d, a widownia, jak dzieci w przedszkolu skandowa\u0142a za nim. Co\u015b niebywale \u017cenuj\u0105cego. Chyba powinien jednak obowi\u0105zywa\u0107 troch\u0119 inny j\u0119zyk w stosunku do ci\u0105gle urz\u0119duj\u0105cego Prezydenta RP. Nie chce mi si\u0119 wierzy\u0107, \u017ce te wszystkie zdania wypowiedzia\u0142 szef polskiej dyplomacji. Ale nie dziwi\u0119 si\u0119. Pami\u0119tam, \u017ce gdy zapyta\u0142em go w Nowym Jorku, czy prawd\u0105 jest , i\u017c sporz\u0105dzi\u0142 list\u0119 dzia\u0142aczy polonijnych, z kt\u00f3rymi pracownicy konsulat\u00f3w nie mog\u0105 si\u0119 kontaktowa\u0107, odpowiedzia\u0142 mi r\u00f3wnie niedyplomatycznie:\u00a0 &#8222;Czyta pan nie te gazety&#8221;. Politolog: <em>\u201eEleganckie to nie by\u0142o&#8230;, a wynika chyba ze s\u0142abszej pozycji Sikorskiego w partii PO\u201d. <\/em>Najpro\u015bciej jest zni\u017cy\u0107 si\u0119 do poziomu najprymitywniejszych odruch\u00f3w i odczu\u0107. Sikorski chce si\u0119 wybi\u0107 przy pomocy pustych s\u0142\u00f3w, kt\u00f3re jednak mog\u0105 dotkn\u0105\u0107 rywala. Pr\u00f3buje wywo\u0142a\u0107 tani poklask i tym sposobem nieco zwi\u0119kszy\u0107 swoje szanse z Komorowskim. Powinien przy tym pami\u0119ta\u0107, \u017ce jest nie tylko <em>kandydatem na kandydata<\/em> na prezydenta, ale przede wszystkim nadal urz\u0119duj\u0105cym szefem dyplomacji, od kt\u00f3rego mo\u017cna i nale\u017cy wymaga\u0107 wi\u0119cej dyplomacji. Politolog: <em>To, co uchodzi w ferworze walki przedwyborczej, w stosunkach mi\u0119dzynarodowych mo\u017ce by\u0107 odczytywane, jako przejaw wr\u0119cz pewnej s\u0142abo\u015bci wewn\u0119trznej i daleko id\u0105cych r\u00f3\u017cnic w\u015br\u00f3d polityk\u00f3w polskich tak\u017ce, je\u015bli chodzi o prowadzenie polityki zagranicznej.\u00a0<\/em>Wpis u Palikota: \u201eW sensie merytorycznym i politycznym jest to wyb\u00f3r pomi\u0119dzy kandydatem PO (Bronis\u0142aw Komorowski) i kandydatem PO-PiS-u (Radek Sikorski), a mo\u017ce nawet PiS-u (&#8230;) By\u0142 dwa lata w rz\u0105dzie PiS, LPR i Samoobrony i tam si\u0119 bardzo dobrze czu\u0142!\u201d. &#8222;Biedny&#8221; Palikot by\u0142 przez dwa dni straszony specjalnym spotkaniem jakiej\u015b tam komisji partyjnej. To dopiero pocz\u0105tek kampanii prezydenckiej.<\/p>\n","protected":false},"excerpt":{"rendered":"<p>Kandydaci na kandydat\u00f3w do wybor\u00f3w prezydenckich zacz\u0119li si\u0119 popisywa\u0107 kwiecistymi mowami, g\u0142\u00f3wnie obra\u017caj\u0105cymi obecnego prezydenta, lub swojego rywala. Ju\u017c przy pierwszych potyczkach wysz\u0142o te\u017c, \u017ce krytykowanie kandydat\u00f3w na kandydat\u00f3w jest w PO partyjnie surowo wzbronione. PO ze swoimi okrzyczanymi na ca\u0142\u0105 Europ\u0119 &#8222;wysokimi standardami&#8221; reprymenduje swojego &#8222;sta\u0144czyka&#8221; za jego wypowiedzi na temat jednego z kandydat\u00f3w [&hellip;]<\/p>\n","protected":false},"author":2,"featured_media":0,"comment_status":"open","ping_status":"open","sticky":false,"template":"","format":"standard","meta":[],"categories":[4],"tags":[],"_links":{"self":[{"href":"https:\/\/sporek.com\/blog\/index.php?rest_route=\/wp\/v2\/posts\/223"}],"collection":[{"href":"https:\/\/sporek.com\/blog\/index.php?rest_route=\/wp\/v2\/posts"}],"about":[{"href":"https:\/\/sporek.com\/blog\/index.php?rest_route=\/wp\/v2\/types\/post"}],"author":[{"embeddable":true,"href":"https:\/\/sporek.com\/blog\/index.php?rest_route=\/wp\/v2\/users\/2"}],"replies":[{"embeddable":true,"href":"https:\/\/sporek.com\/blog\/index.php?rest_route=%2Fwp%2Fv2%2Fcomments&post=223"}],"version-history":[{"count":0,"href":"https:\/\/sporek.com\/blog\/index.php?rest_route=\/wp\/v2\/posts\/223\/revisions"}],"wp:attachment":[{"href":"https:\/\/sporek.com\/blog\/index.php?rest_route=%2Fwp%2Fv2%2Fmedia&parent=223"}],"wp:term":[{"taxonomy":"category","embeddable":true,"href":"https:\/\/sporek.com\/blog\/index.php?rest_route=%2Fwp%2Fv2%2Fcategories&post=223"},{"taxonomy":"post_tag","embeddable":true,"href":"https:\/\/sporek.com\/blog\/index.php?rest_route=%2Fwp%2Fv2%2Ftags&post=223"}],"curies":[{"name":"wp","href":"https:\/\/api.w.org\/{rel}","templated":true}]}}