{"id":224,"date":"2010-03-24T02:21:04","date_gmt":"2010-03-24T06:21:04","guid":{"rendered":"http:\/\/sporek.com\/blog\/?p=224"},"modified":"2010-03-24T03:01:10","modified_gmt":"2010-03-24T07:01:10","slug":"irlandia-czy-czeski-film","status":"publish","type":"post","link":"https:\/\/sporek.com\/blog\/?p=224","title":{"rendered":"Irlandia, czy czeski film?"},"content":{"rendered":"<p>Podczas spotkania z now\u0105 Pani\u0105 Konsul Generaln\u0105, Ew\u0105 Ju\u0144czyk-Ziomeck\u0105, bardzo zreszt\u0105 sympatyczn\u0105, kt\u00f3re odby\u0142o si\u0119 w redakcji Kuriera Plus, jeden z zacnych skadin\u0105d dziennikarzy, do Kuriera pisuj\u0105cych, Andrzej J\u00f3zef D\u0105browski raczy\u0142 by\u0142 ostrzec stoj\u0105ce ze mn\u0105 w k\u00f3\u0142eczku towarzystwo, \u017ceby na mnie uwa\u017ca\u0142o, bo ode mnie \u201ena prawo jest ju\u017c tylko&#8230;\u015bciana\u201d. <!--more-->M\u00f3j zacny Kolega pi\u0142, bez ogr\u00f3dek do mojej sympatii zar\u00f3wno do polskiej prawicy, jak i do mojej zdeklarowanej sympatii do partii republika\u0144skiej. Oczywi\u015bcie sko\u0144czy\u0142o sie to \u015bmiechem i og\u00f3ln\u0105 weso\u0142o\u015bci\u0105, bo i o co si\u0119 tu k\u0142\u00f3ci\u0107, skoro powiedziano prawd\u0119. Tyle tylko, \u017ce miniony tydzie\u0144 by\u0142 zar\u00f3wno w Polsce, jak i tutaj okresem nienastrajaj\u0105cym ani do \u015bmiechu, ani do weso\u0142o\u015bci tym bardziej, ale za to autorstwa \u201etych z lewa\u201d. Debata o konsekwencjach ustawy o spo\u0142ecznym zdrowiu w USA dopiero si\u0119 zacznie, bo, jakby zwyczajem polskich polityk\u00f3w prezydent USA nie chcia\u0142 s\u0142ucha\u0107 ani lekarzy, ani spo\u0142ecze\u0144stwa, ani republikan\u00f3w i ustaw\u0119 przeforsowa\u0142, za\u015b w Polsce premier Tusk dokona\u0142 podsumowania dotychczasowych swoich rz\u0105d\u00f3w, co weso\u0142o\u015b\u0107 prawdziw\u0105 wzbudzi\u0142o jedynie w nim samym i cz\u0142onkach jego parti oraz cz\u0142onkach koalicji, ali\u015bci nie wszystkich. W dwa lata i cztery miesi\u0105ce po obj\u0119ciu rz\u0105d\u00f3w premier chwali si\u0119 przed polskim parlamentem i wymienia sukcesy:<br \/>\n-wyprowadzenie polskich wojsk z Iraku,<br \/>\n-zniesienie przymusowego poboru do wojska<br \/>\n-rozpocz\u0119cie nie rozmowy, tylko dzia\u0142a\u0144 na rzecz modernizacji i uzawodowienia polskie armii<br \/>\n-nasze zamierzenia infrastrukturalne, kt\u00f3rych symbolem sta\u0142y si\u0119 Orliki, czyli boiska pi\u0142karskie dla m\u0142odzie\u017cy. I dalej m\u00f3wi, \u017ce \u201etrzeba mie\u0107 z\u0142\u0105 wol\u0119, \u017ceby nie docenia\u0107 w Polsce i nie dostrzega\u0107 tego, jak bardzo wzros\u0142a Polska pod wzgl\u0119dem \u017cycia na arenie mi\u0119dzynarodowej\u201d. I kontynuuje wyliczank\u0119:<br \/>\n-bardzo dobrze opracowana akcj\u0105 zmienili\u015bmy za\u0142o\u017cenia pakietu klimatyczno-energetycznego,<br \/>\n-szefem Parlamentu Europejskiego jest Polak Jerzy Buzek,<br \/>\n-Wypracowali\u015bmy schemat systematycznych, sporych podwy\u017cek, np. dla nauczycieli.<br \/>\n-Je\u015bli chodzi o sztandarowe przedsi\u0119wzi\u0119cia infrastrukturalne uda\u0142o si\u0119 dokona\u0107 prze\u0142omu &#8211; nie powiedzia\u0142 jednak o jaki prze\u0142om chodzi -.<br \/>\n-po raz pierwszy m\u00f3wi si\u0119 o Polsce, jako o kraju gospodarno\u015bci.<br \/>\nI tak przez godzin\u0119. Z tej gadaniny mo\u017cna w\u0142a\u015bciwie wysegregowa\u0107 cztery sukcesy, cho\u0107 wymieni\u0142 dziewi\u0119\u0107, bo c\u00f3\u017c narodowi z tego, \u017ce Buzek jest szefem Europarlamentu. To przede wszsytkim jemu si\u0119 poprawi\u0142o, a funkcj\u0119 ma, powiedzmy to szczerze niezbyt decyzjonaln\u0105. C\u00f3\u017c Polakom z tego, \u017ce gdzie\u015b gadaj\u0105, jakoby\u015bmy krajem gospodarno\u015bci byli, albo, \u017ce rz\u0105d dokona\u0142 jakiego\u015b prze\u0142omu? I wreszcie c\u00f3\u017c Polakom z tego, \u017ce zmieniono za\u0142o\u017cenia pakietu klimatyczno-energetycznego, skoro natychmiast podpisano z Gazpromem kontrakt na gaz do 2037 roku, przywi\u0105zuj\u0105c nas do Rosji na 27 lat. A w Polsce mamy bogate z\u0142o\u017ca \u0142upk\u00f3w bogatych w gaz&#8230; Jeszcze dwa lata temu deklarowano, \u017ce nale\u017cy doprowadzi\u0107 wydobycie polskiego gazu do wielko\u015bci rz\u0119du 6 milion\u00f3w metr\u00f3w sze\u015bciennych rocznie.<br \/>\nWarto przypomnie\u0107, \u017ce w expose po obj\u0119ciu teki I-ego ministra, Tusk wymieni\u0142 126 obietnic, kt\u00f3re chce zrealizowa\u0107 w trakcie kadencji, wi\u0119c nie trzeba by\u0107 specjalnie \u017ale nastawionym do tego rz\u0105du, jak mnie zacny Kolega Andrzej oceni\u0142, \u017ceby stwierdzi\u0107, \u017ce na p\u00f3\u0142metku zrobiono zaledwie 1\/15 plan\u00f3w. Kropka.<br \/>\nA tymczasem:<br \/>\nMoim zdaniem to, co powiedzia\u0142 premier nie wr\u00f3\u017cy zbyt dobrze na przysz\u0142o\u015b\u0107.<br \/>\nCo z tego, \u017ce wyprowadzono wojsko z Iraku, skoro wprowadzono je masowo i natychmiast do Afganistanu i to w takim zakresie i w taki spos\u00f3b, jakiego nikt nie przewidywa\u0142?<br \/>\nNie jest tajemnic\u0105, \u017ce Polska nie ma na zawodowej armii ani pieni\u0119dzy, ani \u017cadnych przemy\u015blanych i dobrze przygotowanych plan\u00f3w jej uzawodowienia, co raczej oznacza likwidacj\u0119 polskiej armii.<br \/>\nJe\u015bli za\u015b chodzi o umocnienie pozycji mi\u0119dzynarodowej, warto sobie u\u015bwiadomi\u0107, \u017ce na przyk\u0142ad na 137 ambasad Unii Europejskiej Polska nie otrzyma\u0142a ani jednego etatu dyplomatycznego. Nie b\u0119d\u0119 si\u0119 ju\u017c tu przyczepia\u0142, \u017ce jest to kompletna kl\u0119ska umiej\u0119tno\u015bci dyplomatycznych najgorszego chyba ministra spraw zagranicznych Radka Sikorskiego. Ten weso\u0142ek zamiast pojecha\u0107 na spotkanie ministr\u00f3w spraw zagranicznych zaj\u0105\u0142 si\u0119 kampani\u0105 wyborcz\u0105, bo\u0107 przecie plan ma ambitny: by\u0107 najlepszym prezydentem RP, <em>eksportowym, dynamicznym<\/em>, och, Bo\u017ce, no, tak\u0105 Justyn\u0105 Kowalczyk w pa\u0142acu prezydenckim, albo Adamem Ma\u0142yszem (przepraszam oboje Mistrz\u00f3w sportu). Spotkanie ministr\u00f3w na szczeblu Unii Europejskiej okre\u015bli\u0142, nasz absolwent Harvardu, jako \u201enieformalne, ot takie&#8230;z \u017conami\u201d. No i ma, co chcia\u0142 &#8211; nowa pani minister spraw zagranicznych Unii Europejskiej, w kt\u00f3rej nota bene coraz trudniej o \u201ezagranic\u0119\u201d nie da\u0142a \u017cadnemu polskiemu dyplomacie funkcji ambasadorskiej. Pomijam fakt, \u017ce biurokraci europejscy zupe\u0142nie nie\u017ale radz\u0105 sobie z wymy\u015blaniem coraz to nowszych sto\u0142k\u00f3w do zarabiania niez\u0142ych pieni\u0119dzy. Dotychczas kraje cz\u0142onkowskie mia\u0142y swoich ambasador\u00f3w, rozrzuconych po \u015bwiecie, teraz jeszcze b\u0119d\u0105 ambasadorowie Unii Europejskiej. No, fajnie, co nie?<br \/>\nA co do gospodarki, to konkretu premier nie poda\u0142 \u017cadnego opr\u00f3cz wy\u015bwiechtanego ju\u017c sloganu, \u017ce m\u00f3wi si\u0119 o Polsce, jako o kraju gospodarno\u015bci. Tymczasem bezrobocie powi\u0119ksza si\u0119 konsekwentnie i w tej chwili wynosi a\u017c 13%, co przek\u0142ada sie na liczb\u0119 dwa miliony sto tysi\u0119cy bezrobotnych! Dziewi\u0119\u0107set tysi\u0119cy polskich emeryt\u00f3w \u017cyje za mniej, ni\u017c 600 z\u0142otych miesi\u0119cznie! Nie m\u00f3wi\u0105c o dziurze bud\u017cetowej, kt\u00f3r\u0105 &#8211; jak wspomnia\u0142em w ubieg\u0142y pi\u0105tek w felietonie telewizyjnym -, polscy milionerzy proponuj\u0105 za\u0142ata\u0107 poprzez obni\u017cenie \u015bwiadcze\u0144 emerytalnych. Chyba tylko milionerzy i premier Tusk mog\u0105 by\u0107 tak odsuni\u0119ci od rzeczywisto\u015bci. Wi\u0119c nadal nie m\u00f3wi si\u0119 spo\u0142ecze\u0144stwu prawdy, no bo, jak m\u00f3wi\u0107 o prawdzie, skoro \u201e\u015bwi\u0119ty\u201d Jaros\u0142aw Gowin, bo ja ju\u017c inaczej nie mog\u0119 nazwa\u0107 ani tonu jego g\u0142osu, ani sposobu mowienia, opowiada, \u017ce odziedziczyli\u015bmy potworny spadek po komuni\u017amie, po czym chyba zda\u0142 sobie spraw\u0119, \u017ce co\u015b bredzi, bo od tamtych, mrocznych czas\u00f3w min\u0119\u0142o 20 lat wolno\u015bci i waln\u0105\u0142 z grubej rury, \u017ce Polska osi\u0105gn\u0119\u0142a gigantyczny sukces, bo uda\u0142o jej si\u0119 <strong><em>zasypa\u0107 t\u0119 cywilizacyjn\u0105 przepa\u015b\u0107, jak\u0105 otrzymali\u015bmy w spadku po komunie<\/em><\/strong>. Ludzie, trzymajcie mnie, przecie\u017c przedszkolakowi trzeba ju\u017c takie rzeczy inaczej tlumaczy\u0107, a nie zas\u0142ania\u0107 si\u0119 komunizmen dwadzie\u015bcia lat po. Wed\u0142ug Gowina wielkim sukcesem jest <em><strong>wysoka kultura wsp\u00f3\u0142pracy mi\u0119dzy koalicjanatmi<\/strong><\/em>. No tak, jak ju\u017c nie ma \u017cadnych innych sukces\u00f3w, to kultura na korytarzach gmachu przy Wiejskiej takim sukcesem jest i niech B\u00f3g im b\u0142ogos\u0142awi. Ale Gowin wymy\u015bli\u0142 kolejny sukces: <strong>\u201ebudowy kultury zaufania mi\u0119dzy  koalicjantami\u201d<\/strong>. Tak powiedzia\u0142 w programie Forum, jak Boga kocham.  Panie, przebacz, bo ju\u017c drugi raz wywo\u0142uj\u0119 Twoje Imi\u0119 nadaremno.  Nowomowa z epoki komunizmu, jak si\u0119 patrzy. Pose\u0142 Gowin wymy\u015bli\u0142 przy  okazji nowomow\u0119, na kszta\u0142t Sebastiana Karpiniuka, PO, kt\u00f3ry otrzyma\u0142  nagrod\u0119 \u201eSrebrne usta\u201d za wyg\u0142oszon\u0105 z niezwyk\u0142ym patosem w Sejmie z\u0142ot\u0105  my\u015bl &#8211; <strong>\u201ePrawda jest tylko jedna i prawda le\u017cy zawsze tam, gdzie  le\u017cy\u201d<\/strong>. Pose\u0142 Gowin pracuje ju\u017c nad odebraniem Karpiniukowi palmy pierwsze\u0144stwa w przysz\u0142orocznym konkursie  na srebre usteczka. A my powinni\u015bmy si\u0119 zastanowi\u0107, jak ufamy &#8211; bliskim,  rodzinie, przyjacio\u0142om. Mo\u017ce ufamy niekulturalnie, cholera wie? No, co  zdanie, to fenomen. Takich mamy myslicieli w Parlamencie RP.<br \/>\nI to  jest sukces, od kt\u00f3rego spo\u0142ecze\u0144stwu powinno si\u0119 w g\u0142owach zakr\u0119ci\u0107 ze  szcz\u0119\u015bcia i dobrobytu. Gowin powo\u0142uje si\u0119 na \u015bwiatowy kryzys i tym  t\u0142umaczy niemo\u017cno\u015b\u0107 reform gospodarczych. To jak to, psiakrew, cholera ma  do euforii Tuska, podkre\u015blajacego, i\u017c m\u00f3wi\u0105 o nas, \u017ce \u015bwiecimy  przyk\u0142adem gospodarno\u015bci?<br \/>\nTymczasem w tym rz\u0105dzie koalicyjnym jest  ju\u017c conajmniej kilka o\u015brodk\u00f3w gospodarczych. I tak mamy:<br \/>\nWicepremiera  Pawlaka, jako ministra gospodarki, Jacka Rostowskiego &#8211; ministra  finans\u00f3w, (mi\u0119dzy tymi dwoma jest konflikt, nie ma co ukrywa\u0107), jest  szef doradc\u00f3w premiera, Micha\u0142 Boni (i tu konflikt jest na ca\u0142y  wymieniony tr\u00f3jk\u0105t), nowopowsta\u0142\u0105 rad\u0119 gospodarcz\u0105 przy premierze, kt\u00f3r\u0105  kieruje J. K. Bielecki, te\u017c przez Pawlaka nie lubiany, ani specjalnie  ceniony. Pomijam sensowno\u015b\u0107 powo\u0142ania tej rady przez premiera. Konia z  rz\u0119dem temu, kto odpowie na pytanie <strong>\u201eKto kreuje i kto kieruje polsk\u0105  gospodark\u0105?\u201d<\/strong><br \/>\nTymczasem ogromny deficyt bud\u017cetowy jest w dodatku  dokonywany w zastraszaj\u0105cym tempie i grozi tym, \u017ce mo\u017ce by\u0107 ca\u0142kowicie  wykonany po pierwszym kwartale, a d\u0142ug publiczny mo\u017ce niebawem osi\u0105gn\u0105\u0107  drugi, tzw. pr\u00f3g ostro\u017cno\u015bciowy, co nieuchronnie musi si\u0119 sko\u0144czy\u0107  wprowadzeniem oszcz\u0119dno\u015bci i zn\u00f3w na pierwszym miejscu mog\u0105 si\u0119 znale\u017a\u0107  renty i emerytury.<br \/>\nJe\u015bli chodzi o ubezpieczenia spo\u0142eczne, to ten rz\u0105d  absolutnie nie wie, co zrobi\u0107 z OFE, ZUS-em i KRUS-em.<br \/>\nA czy jest  jaka\u015b dziedzina \u017cycia gospodarczego na wsi, kt\u00f3ra przynosi doch\u00f3d? Te\u017c  nie. No, wi\u0119c sukces goni sukces.<br \/>\nJak mi jeszcze raz kto\u015b powie, \u017ce  ode mnie na prawo jest ju\u017c tylko \u015bciana, to si\u0119 chyba dla wi\u0119kszej  weso\u0142o\u015bci odbij\u0119 na&#8230;lewo, albo waln\u0119 w t\u0119 \u015bcian\u0119 \u0142bem.<\/p>\n","protected":false},"excerpt":{"rendered":"<p>Podczas spotkania z now\u0105 Pani\u0105 Konsul Generaln\u0105, Ew\u0105 Ju\u0144czyk-Ziomeck\u0105, bardzo zreszt\u0105 sympatyczn\u0105, kt\u00f3re odby\u0142o si\u0119 w redakcji Kuriera Plus, jeden z zacnych skadin\u0105d dziennikarzy, do Kuriera pisuj\u0105cych, Andrzej J\u00f3zef D\u0105browski raczy\u0142 by\u0142 ostrzec stoj\u0105ce ze mn\u0105 w k\u00f3\u0142eczku towarzystwo, \u017ceby na mnie uwa\u017ca\u0142o, bo ode mnie \u201ena prawo jest ju\u017c tylko&#8230;\u015bciana\u201d.<\/p>\n","protected":false},"author":2,"featured_media":0,"comment_status":"open","ping_status":"open","sticky":false,"template":"","format":"standard","meta":[],"categories":[3],"tags":[],"_links":{"self":[{"href":"https:\/\/sporek.com\/blog\/index.php?rest_route=\/wp\/v2\/posts\/224"}],"collection":[{"href":"https:\/\/sporek.com\/blog\/index.php?rest_route=\/wp\/v2\/posts"}],"about":[{"href":"https:\/\/sporek.com\/blog\/index.php?rest_route=\/wp\/v2\/types\/post"}],"author":[{"embeddable":true,"href":"https:\/\/sporek.com\/blog\/index.php?rest_route=\/wp\/v2\/users\/2"}],"replies":[{"embeddable":true,"href":"https:\/\/sporek.com\/blog\/index.php?rest_route=%2Fwp%2Fv2%2Fcomments&post=224"}],"version-history":[{"count":0,"href":"https:\/\/sporek.com\/blog\/index.php?rest_route=\/wp\/v2\/posts\/224\/revisions"}],"wp:attachment":[{"href":"https:\/\/sporek.com\/blog\/index.php?rest_route=%2Fwp%2Fv2%2Fmedia&parent=224"}],"wp:term":[{"taxonomy":"category","embeddable":true,"href":"https:\/\/sporek.com\/blog\/index.php?rest_route=%2Fwp%2Fv2%2Fcategories&post=224"},{"taxonomy":"post_tag","embeddable":true,"href":"https:\/\/sporek.com\/blog\/index.php?rest_route=%2Fwp%2Fv2%2Ftags&post=224"}],"curies":[{"name":"wp","href":"https:\/\/api.w.org\/{rel}","templated":true}]}}