{"id":225,"date":"2010-03-25T10:46:08","date_gmt":"2010-03-25T14:46:08","guid":{"rendered":"http:\/\/sporek.com\/blog\/?p=225"},"modified":"2010-03-26T18:48:36","modified_gmt":"2010-03-26T22:48:36","slug":"amnezja-narodowa","status":"publish","type":"post","link":"https:\/\/sporek.com\/blog\/?p=225","title":{"rendered":"Amnezja narodowa"},"content":{"rendered":"<p><span class=\"Apple-style-span\" style=\"border-collapse: separate; color: #000000; font-family: 'Times New Roman'; font-style: normal; font-variant: normal; font-weight: normal; letter-spacing: normal; line-height: normal; orphans: 2; text-indent: 0px; text-transform: none; white-space: normal; widows: 2; word-spacing: 0px; font-size: medium\"><span class=\"Apple-style-span\" style=\"font-family: Verdana; font-size: 13px\"><\/span><\/span><\/p>\n<p style=\"margin: 0px\">Utworzenie IPN by\u0142o i jest &#8211; de facto &#8211; najwi\u0119kszym osi\u0105gni\u0119ciem instytucjonalnym wolnej Polski., Du\u017co wi\u0119kszym, ni\u017c powo\u0142anie CBA, czy rozwi\u0105zanie WSI. Zniszczenie tej instytucji jest podkre\u015bleniem symbiozy, jak\u0105 mo\u017cna dostrzec pomi\u0119dzy PO i SLD z dodatkiem PSL. Trudno oprze\u0107 si\u0119 wra\u017ceniu, \u017ce jest to zemsta za ksi\u0105\u017ck\u0119 Cenckiewicza i Gontarczyka o Wa\u0142\u0119sie. Jeszcze trudniej nie wyci\u0105gn\u0105\u0107 wniosku, \u017ce jest to, ju\u017c nie pr\u00f3ba, ale decyzja o upolitycznieniu tej instytucji.<!--more--><\/p>\n<p style=\"margin: 0px\"><strong>IPN teraz<\/strong>:<\/p>\n<p style=\"margin: 0px\">1. Jedenastu cz\u0142onk\u00f3w Kolegium IPN, stanowi\u0105cych cia\u0142o doradcze: Sejm wybiera siedmiu, Senat i Prezydent po dw\u00f3ch.<\/p>\n<p style=\"margin: 0px\">2. Cz\u0142onek INP nie musi mie\u0107 tytu\u0142u naukowego z nauk humanistycznych lub prawnych.<\/p>\n<p style=\"margin: 0px\">3. Prezesa IPN wybiera Sejm wi\u0119kszo\u015bci\u0105 3\/5 g\u0142os\u00f3w i tylko Sejm mo\u017ce go r\u00f3wnie\u017c odwo\u0142a\u0107 i te\u017c wi\u0119kszo\u015bci\u0105 3\/5. Kandydat\u00f3w wy\u0142ania Kolegium IPN w konkursie.<\/p>\n<p style=\"margin: 0px\">4. Osobom, kt\u00f3re s\u0142u\u017cby traktowa\u0142y, jako tajnych informator\u00f3w lub pomocnik\u00f3w przy operacyjnym zdobywaniu informacji, kr\u00f3tko m\u00f3wi\u0105c agentom nie przys\u0142uguje prawo udost\u0119pniania akt na ich temat.<\/p>\n<p style=\"margin: 0px\"><strong>IPN po wprowadzeniu nowej ustawy<\/strong>:<\/p>\n<p style=\"margin: 0px\">Zamiast Kolegium b\u0119dzie:<\/p>\n<p style=\"margin: 0px\">1. Rada INP sk\u0142adaj\u0105ca si\u0119 z 9 os\u00f3b. Zgromadzenie Elektor\u00f3w wskazuje kandydat\u00f3w Sejmowi, kt\u00f3ry wybiera 5 cz\u0142onk\u00f3w i Senatowi, kt\u00f3ry wybiera 2, za\u015b krajowe rady s\u0105downictwa i prokuratury przedstawiaj\u0105 Prezydentowi RP do zatwierdzenia r\u00f3wnie\u017c<\/p>\n<p style=\"margin: 0px\">2 cz\u0142onk\u00f3w. Rada okre\u015bla priorytetowe badania i kierunki dzia\u0142a\u0144 IPN, opiniuj\u0105ce powo\u0142ywanie i odwo\u0142ywanie szef\u00f3w pion\u00f3w IPN.<\/p>\n<p style=\"margin: 0px\">Czyli to, co by\u0142o proste i jasne skomplikowano biurokratyczn\u0105 filozofi\u0105 bywalc\u00f3w gmachu przy ulicy Wiejskiej, ale g\u0142\u00f3wnie tych z lewego skrzyd\u0142a, czyli postkomunistycznego SLD wzmocnionego przez udaj\u0105cych solidarno\u015bciowc\u00f3w PO i PSL<\/p>\n<p style=\"margin: 0px\">2. Cz\u0142onek Rady musi mie\u0107 tytu\u0142 naukowy z nauk humanistycznych lub prawniczych.<\/p>\n<p style=\"margin: 0px\">3. Prezesa IPN wybiera <strong>zwyk\u0142\u0105 wi\u0119kszo\u015bci\u0105<\/strong> g\u0142os\u00f3w Sejm, kandydat\u00f3w wskazuje \u015brodowisko historyk\u00f3w (nie podlegaj\u0105ce lustracji), specjalizuj\u0105ce si\u0119 w dziejach najnowszych; &#8211; odwo\u0142anie prezesa &#8211; r\u00f3wnie\u017c Sejm zwyk\u0142\u0105 wi\u0119kszo\u015bci\u0105 g\u0142os\u00f3w.<\/p>\n<p style=\"margin: 0px\">Zatem \u201ekup\u0105 mo\u015bci panowie\u201d &#8211; b\u0119dzie mo\u017cna wybra\u0107 \u201ewybranego\u201d z ulicy naukowca, kt\u00f3ry \u201epasuje\u201d rz\u0105dz\u0105cej wi\u0119kszo\u015bci parlamentarnej, inaczej m\u00f3wi\u0105c \u201enaszemu&#8221; cz\u0142owiekowi. A wszystko pod has\u0142em \u201eodpolitycznienia\u201d.<\/p>\n<p style=\"margin: 0px\">Ohyda, jak najazd na Czechos\u0142owacj\u0119 pod has\u0142em oswobodzenia i uwolnienia.<\/p>\n<p style=\"margin: 0px\">4. Byli agenci i funkcjonariusze s\u0142u\u017cb PRL maj\u0105 mo\u017cliwo\u015b\u0107 wgl\u0105du do akt ich dotycz\u0105cych.<\/p>\n<p style=\"margin: 0px\">Artyku\u0142 30 ustawy o IPN m\u00f3wi te\u017c o tym, \u017ce b\u0119dzie si\u0119 wydawa\u0142o orygina\u0142y,(nie kopie) akt, co w sytuacji, gdy dopuszcza si\u0119 do ich wgl\u0105du dawnych agent\u00f3w i wsp\u00f3\u0142pracownik\u00f3w s\u0142u\u017cb, jest najzwyklejszym zaproszeniem do wyczyszczenia swoich teczek.<\/p>\n<p style=\"margin: 0px\">To ju\u017c nie jest atak na IPN, to jest atak na pami\u0119\u0107 narodow\u0105. I powolne, ale jak\u017ce koonsekwentne wstrzykiwanie w nar\u00f3d wirusa zwanego amnezj\u0105.<\/p>\n<p style=\"margin: 0px\">Czy mo\u017cna jeszcze mie\u0107 w\u0105tpliwo\u015bci, dlaczego Tusk i Pawlak byli obecni 4 czerwca, 1992 roku na spotkaniu z Wa\u0142\u0119s\u0105 (\u00f3wcze\u015bnie prezydentem RP), podczas kt\u00f3rego dokonano zamachu na chc\u0105cego wprowadzi\u0107 ustawy dekomunizacyjne szefa rz\u0105du, Jana Olszewskiego i jego gabinet? Ja nie mam \u017cadnych.<\/p>\n<p><br class=\"Apple-interchange-newline\" \/><\/p>\n","protected":false},"excerpt":{"rendered":"<p>Utworzenie IPN by\u0142o i jest &#8211; de facto &#8211; najwi\u0119kszym osi\u0105gni\u0119ciem instytucjonalnym wolnej Polski., Du\u017co wi\u0119kszym, ni\u017c powo\u0142anie CBA, czy rozwi\u0105zanie WSI. Zniszczenie tej instytucji jest podkre\u015bleniem symbiozy, jak\u0105 mo\u017cna dostrzec pomi\u0119dzy PO i SLD z dodatkiem PSL. Trudno oprze\u0107 si\u0119 wra\u017ceniu, \u017ce jest to zemsta za ksi\u0105\u017ck\u0119 Cenckiewicza i Gontarczyka o Wa\u0142\u0119sie. Jeszcze trudniej [&hellip;]<\/p>\n","protected":false},"author":2,"featured_media":0,"comment_status":"open","ping_status":"open","sticky":false,"template":"","format":"standard","meta":[],"categories":[3],"tags":[],"_links":{"self":[{"href":"https:\/\/sporek.com\/blog\/index.php?rest_route=\/wp\/v2\/posts\/225"}],"collection":[{"href":"https:\/\/sporek.com\/blog\/index.php?rest_route=\/wp\/v2\/posts"}],"about":[{"href":"https:\/\/sporek.com\/blog\/index.php?rest_route=\/wp\/v2\/types\/post"}],"author":[{"embeddable":true,"href":"https:\/\/sporek.com\/blog\/index.php?rest_route=\/wp\/v2\/users\/2"}],"replies":[{"embeddable":true,"href":"https:\/\/sporek.com\/blog\/index.php?rest_route=%2Fwp%2Fv2%2Fcomments&post=225"}],"version-history":[{"count":0,"href":"https:\/\/sporek.com\/blog\/index.php?rest_route=\/wp\/v2\/posts\/225\/revisions"}],"wp:attachment":[{"href":"https:\/\/sporek.com\/blog\/index.php?rest_route=%2Fwp%2Fv2%2Fmedia&parent=225"}],"wp:term":[{"taxonomy":"category","embeddable":true,"href":"https:\/\/sporek.com\/blog\/index.php?rest_route=%2Fwp%2Fv2%2Fcategories&post=225"},{"taxonomy":"post_tag","embeddable":true,"href":"https:\/\/sporek.com\/blog\/index.php?rest_route=%2Fwp%2Fv2%2Ftags&post=225"}],"curies":[{"name":"wp","href":"https:\/\/api.w.org\/{rel}","templated":true}]}}