{"id":228,"date":"2010-04-14T14:39:35","date_gmt":"2010-04-14T18:39:35","guid":{"rendered":"http:\/\/sporek.com\/blog\/?p=228"},"modified":"2010-04-15T20:02:33","modified_gmt":"2010-04-16T00:02:33","slug":"czesc-ich-pamieci","status":"publish","type":"post","link":"https:\/\/sporek.com\/blog\/?p=228","title":{"rendered":"Cze\u015b\u0107 Ich Pami\u0119ci"},"content":{"rendered":"<p><font size=\"2\" style=\"font-family: Verdana\"><img decoding=\"async\" loading=\"lazy\" height=\"419\" width=\"285\" src=\"http:\/\/sporek.com\/blog\/imagesanduploads\/Kaczynscy.jpg\" align=\"left\" vspace=\"5\" hspace=\"5\" style=\"width: 285px; height: 419px\" \/>&#8222;Kwiaty Polskie&#8221;, jeden z najpi\u0119kniejszych i najcz\u0119\u015bciej cytowanych wierszy. Polonijne ch\u00f3ry \u015bpiewaj\u0105 ten wiersz, jako pie\u015b\u0144 pe\u0142n\u0105 t\u0119sknoty za krajem, bliskimi. W straszliwej katastrofie, najwi\u0119kszej w dziejach polskiej polityki zgin\u0119\u0142y &#8222;Kwiaty&#8221;, kt\u00f3rych nie da si\u0119 zast\u0105pi\u0107, kt\u00f3re by\u0142y niepowtarzalne. Ludzi nie odbudowuje si\u0119, jak budynki, ulice, koleje.<\/font><!--more--><br \/>\n<font size=\"2\" style=\"font-family: Verdana\">Polskie spo\u0142ecze\u0144stwo da\u0142o dow\u00f3d kolejnej solidarno\u015bci i m\u00f3dlmy si\u0119, aby trwa\u0142o to jak najd\u0142u\u017cej. Usun\u0105\u0142em poprzedni zartyku\u0142, bo nie chodzi\u0142o mi o wszcz\u0119\u015bcie dyskusji &#8222;kto ma wi\u0119cej podejrze\u0144&#8221;. Apelowa\u0142em, \u017ce to nie ten czas. Zgin\u0105\u0142 Prezydent, kt\u00f3ry w oczach milion\u00f3w, dopiero po \u015bmierci doczeka\u0142 si\u0119 nieprawdopodobnego uznania. Nagle, ludzie pocz\u0119li pyta\u0107 &#8211; dlaczego pokazywano nam Jego karykatur\u0119? Dlaczego tak potwornie Go o\u015bmieszano? Jak czuj\u0105 si\u0119 teraz ci wszyscy, kt\u00f3rzy tak bole\u015bnie ranili tego cz\u0142owieka?<br \/>\nTrwa\u0142ym pomnikiem Prezydenta Lecha Kaczy\u0144skiego pozostanie Muzeum Powstania Warszawskiego. Dokona\u0142 czego\u015b dla historii Polski i \u015bwiadomo\u015bci &#8211; szczeg\u00f3lnie m\u0142odzie\u017cy &#8211; czego nie uda\u0142o si\u0119 dokona\u0107 ani w komuni\u017amie, ani w poprzednich, przed Jego kadencj\u0105 pi\u0119tnastu latach Wolnej Polski.<br \/>\nTak wielkie poruszenie spo\u0142eczne notowane by\u0142o tylko podczas pogrzebu Stefana, Kardyna\u0142a Wyszy\u0144skiego, Marsza\u0142ka Pi\u0142sudzkiego i Ksi\u0119dza Popie\u0142uszki. Tak wreszcie by\u0142o, gdy zmar\u0142 Jan Pawe\u0142 II.<br \/>\nCzy Polska by\u0142a u\u015bpiona? Nie, &#8211; by\u0142a zalana jednostronnymi opiniami medi\u00f3w, kt\u00f3re podchwytywa\u0142y z obcych kraj\u00f3w, bulwarowych gazet kpi\u0105ce opinie o naszym Prezydencie. Niesprawiedliwie oceniali Go dziennikarze, cz\u0119\u015b\u0107 \u015bwiata artystycznego, nie m\u00f3wi\u0105c o zwyk\u0142ych ludziach id\u0105cych \u015blepo za TVN24, Wyborcz\u0105 itp. Szli \u015blepo za politykami Platformy, kt\u00f3rzy najbardziej nie szcz\u0119dzili drwiny, poni\u017cenia, o\u015bmieszania.<br \/>\nWszyscy apeluj\u0105 o spok\u00f3j, ale wszyscy zdali sobie spraw\u0119, \u017ce nie ma ju\u017c cz\u0142owieka, kt\u00f3ry by\u0142 ostoj\u0105 polsko\u015bci, patriotyzmu. Jak\u017cesz cudowne s\u0105 wypowiedzi m\u0142odych ludzi o Prezydencie Kaczy\u0144skim. Wielu z nich przyznaje si\u0119, \u017ce pob\u0142\u0105dzili w swoich ocenach. Zostawmy pytania na p\u00f3\u017aniej. Pozw\u00f3lmy Prezydentowi spocz\u0105<\/font><font face=\"verdana\" size=\"2\" style=\"font-family: Verdana\">\u0107<\/font><font size=\"2\" style=\"font-family: Verdana\"> na Wawelu obok najwi\u0119kszych patriot\u00f3w. Ju\u017c s\u0105 k\u0142\u00f3tnie na ten temat. Ale, czy\u017c nie by\u0142o ich, gdy chowano marsza\u0142ka? By\u0142y &#8211; a to, czy w krypcie Leonarda, a to, czy w krypcie Srebrnych Dzwon\u00f3w&#8230; My zawsze musimy znale\u017a<\/font><font face=\"verdana\" size=\"2\" style=\"font-family: Verdana\">\u0107<\/font><font size=\"2\" style=\"font-family: Verdana\"> pow\u00f3d do swady. Uciszmy si\u0119 i oddajmy ho\u0142d najwi\u0119kszemu Prezydentowi Wolnej Polski. Bo takim by\u0142, czy kto\u015b chce w to wierzv<\/font><font face=\"verdana\" size=\"2\" style=\"font-family: Verdana\">\u0107<\/font><font size=\"2\" style=\"font-family: Verdana\">, czy nie.<br \/>\n<\/font><\/p>\n<p style=\"font-family: Verdana\"><font size=\"2\">Polsk\u0119 dotkn\u0119\u0142a najwi\u0119ksza tragedia w historii. Wystarczy tej tragedii<\/font><font size=\"2\">. Ja chc\u0119 w tym dostrzec, co\u015b, czego Polska nie do\u015bwiadczy\u0142a dotychczas. <\/font><\/p>\n<p style=\"font-family: Verdana\"><font size=\"2\">Oto Holandia nazwa\u0142a najnowszy gatunek tulipan\u00f3w imieniem Marii Kaczy\u0144skiej.<\/font><\/p>\n<p style=\"font-family: Verdana\"><font size=\"2\">Kwiaty pod polskimi ambasadami na ca\u0142ym \u015bwiecie.<\/font><\/p>\n<p style=\"font-family: Verdana\"><font size=\"2\">Minuty ciszy w parlamentach.<\/font><\/p>\n<p style=\"font-family: Verdana\"><font size=\"2\">Ameryka\u0144ski Senat ma ju\u017c propozycj\u0119 rezolucji upami\u0119tniaj\u0105cej pami\u0119<\/font><font size=\"2\">\u0107<\/font><font size=\"2\"> Ofiar katastrofy pod Smole\u0144skiem.<\/font><\/p>\n<p style=\"font-family: Verdana\"><font size=\"2\">Cze\u015b<\/font><font size=\"2\">\u0107<\/font><font size=\"2\"> Ofiarom oddali \u017co\u0142nierze Gwardii Narodowej stanu Illinoi; Genera\u0142 Tadeusz Buk by\u0142 ich dow\u00f3dc\u0105 w Iraku. <\/font><\/p>\n<p style=\"font-family: Verdana\"><font size=\"2\">Ameryka\u0144scy \u017co\u0142nierze dopi\u0119li czarne wst\u0105\u017cki do swoich mundur\u00f3w na znak \u017ca\u0142oby.<\/font><\/p>\n<p style=\"font-family: Verdana\"><font size=\"2\">Polscy \u017co\u0142nierze w bazie Gazy, w Afganistanie oddali ho\u0142d genera\u0142owi Kwiatkowskiemu, ktory by\u0142 u nich z wizyt\u0105 w \u015awi\u0119ta Wielkanocne.<\/font><\/p>\n<p style=\"font-family: Verdana\"><font size=\"2\">W Tbilisi, w Gruzji zorganizowano specjaln\u0105 wystaw\u0119 po\u015bwi\u0119con\u0105 polskiemu prezydentowi, a jedna z ulic b\u0119dzie nosi<\/font><font size=\"2\">\u0107<\/font><font size=\"2\"> Jego imi\u0119, za\u015b ogromne zdj\u0119cie polskiej pary prezydenckiej zawis\u0142o na fasadzie budynku w centralnym miejscu stolicy.<\/font><\/p>\n<p style=\"font-family: Verdana\"><font size=\"2\">Parlament i rz\u0105d Litwy opr\u00f3cz minuty ciszy po\u015bwi\u0119ci\u0142 ca\u0142\u0105 sentencj\u0119 w j\u0119zyku polskim, wypowiedzia\u0142a je pani prezydent Litwy, Dalla Grybauskaite, a premier tego kraju, Andrius Kubilius upomnia\u0142 sie o polsk\u0105 pisowni\u0119 nazwisk naszych rodak\u00f3w i wyrazi\u0142 uczucie wstydu, \u017ce nie zrobiono tego wtedy, gdy Lech Kaczy\u0144ski odbywa\u0142 ostatni\u0105 swoj\u0105 podr\u00f3\u017c zagraniczn\u0105 w\u0142a\u015bnie na Litw\u0119, gdy tamtejszy parlament nie zgodzi\u0142 si\u0119 na polsk\u0105 pisowni\u0119, nazwisk polskich obywateli. Kubilius powiedzia\u0142: \u201eMam nadziej\u0119, \u017ce znajdziemy si\u0142\u0119, aby naprawi<\/font><font size=\"2\">\u0107<\/font><font size=\"2\"> ten b\u0142\u0105d i oczy\u015bci<\/font><font size=\"2\">\u0107<\/font><font size=\"2\"> nasze sumienia z niestosownego sposobu po\u017cegnania si\u0119 z Prezydentem Lechem Kaczy\u0144skim\u201d<\/font><\/p>\n<p style=\"font-family: Verdana\"><font size=\"2\">Brazylia i Litwa w\u0142a\u015bnie ko\u0144cz\u0105 trzydniow\u0105 \u017ca\u0142ob\u0119. <\/font><\/p>\n<p style=\"font-family: Verdana\"><font size=\"2\">Dni \u017ca\u0142oby og\u0142osi\u0142o wiele innych kraj\u00f3w.<\/font><\/p>\n<p style=\"font-family: Verdana\"><font size=\"2\">S\u0142owacja otworzy\u0142a specjaln\u0105 stron\u0119 Internetow\u0105 na wpisywanie kondolencji i ju\u017c po 24 godzinach by\u0142o w niej kilkadziesi\u0105t tysi\u0119cy wpis\u00f3w.<\/font><\/p>\n<p style=\"font-family: Verdana\"><font size=\"2\">Nawet w indyjskim New Dehli odby\u0142a si\u0119 uroczysta msza \u015bwi\u0119ta.<\/font><\/p>\n<p style=\"font-family: Verdana\"><font size=\"2\">Kondolencje z\u0142o\u017cyli r\u00f3wnie\u017c przebywajacy w kosmosie astronauci.<\/font><\/p>\n<p style=\"font-family: Verdana\"><font size=\"2\">\u017bycie w Polsce obserwuj\u0105 setki dziennikarzy z ca\u0142ego \u015bwiata.<\/font><\/p>\n<p style=\"font-family: Verdana\"><font size=\"2\">Niemiecki dziennikarz powiedzia\u0142 niesamowite zdanie: \u201eCa\u0142a droga \u017cyciowa Prezydenta Kaczy\u0144skiego by\u0142a drog\u0105 do Katynia\u201d<\/font><\/p>\n<p style=\"font-family: Verdana\"><font size=\"2\">Z kolei producent Eurowizji Olivier Lalo o\u015bwiadczy\u0142: \u201erelacjonowa\u0142em ogromn\u0105 ilo\u015b<\/font><font size=\"2\">\u0107<\/font><font size=\"2\"> r\u00f3\u017cnych tragedii ostatnich lat, ale takiego dramatu sobie nie przypominam&#8221;.<\/font><\/p>\n<p style=\"font-family: Verdana\"><font size=\"2\">Niekt\u00f3rzy reporterzy por\u00f3wnuj\u0105 to, co dzieje si\u0119 w Polsce, do tragedii World Trade Center, albo \u015bmierci Ksi\u0119\u017cnej Diany, ale przepi\u0119knie uj\u0105\u0142 to ameryka\u0144ski sprawozdawca: \u201eTo raczej nieporozumienie, bo to, co si\u0119 tu dzieje, ma swoje pod\u0142o\u017ce w historii Polski, i dobitnie pokazuje, jacy jeste\u015bcie, jako nar\u00f3d\u201d.<\/font><\/p>\n<p style=\"font-family: Verdana\"><font size=\"2\">Przyszed\u0142 czas skruchy:<\/font><\/p>\n<p style=\"font-family: Verdana\"><font size=\"2\">Ks. Andrzej Augusty\u0144ski dla Gazety Wyborczej: \u201eByc mo\u017ce po raz pierwszy w Lechu Kaczy\u0144skim widzimy nie politycznego przeciwnika, ale polskiego patriot\u0119 i nasz symbol narodowy\u201d.<br \/>\n<\/font><\/p>\n<p style=\"font-family: Verdana\"><font size=\"2\">Oddajmy cze\u015b<\/font><font size=\"2\">\u0107<\/font><font size=\"2\"> Lechowi Kaczy\u0144skiemu, Jego Ma\u0142\u017conce, ostatniemu Prezydentowi na uchod\u017actwie, Ryszardowi Kaczorowskiemu, oraz wszystkim, wielkim i wspania\u0142y ludziom, kt\u00f3rzy po\u0142\u0105czyli si\u0119 z Ofiarami stalinizmu w tym \u015bwi\u0119tym dla Polski miejscu. CZE\u015a<\/font><font size=\"2\">\u0106<\/font><font size=\"2\"> ICH PAMI\u0118CI<\/font><\/p>\n","protected":false},"excerpt":{"rendered":"<p>&#8222;Kwiaty Polskie&#8221;, jeden z najpi\u0119kniejszych i najcz\u0119\u015bciej cytowanych wierszy. Polonijne ch\u00f3ry \u015bpiewaj\u0105 ten wiersz, jako pie\u015b\u0144 pe\u0142n\u0105 t\u0119sknoty za krajem, bliskimi. W straszliwej katastrofie, najwi\u0119kszej w dziejach polskiej polityki zgin\u0119\u0142y &#8222;Kwiaty&#8221;, kt\u00f3rych nie da si\u0119 zast\u0105pi\u0107, kt\u00f3re by\u0142y niepowtarzalne. Ludzi nie odbudowuje si\u0119, jak budynki, ulice, koleje.<\/p>\n","protected":false},"author":2,"featured_media":0,"comment_status":"open","ping_status":"open","sticky":false,"template":"","format":"standard","meta":[],"categories":[1],"tags":[],"_links":{"self":[{"href":"https:\/\/sporek.com\/blog\/index.php?rest_route=\/wp\/v2\/posts\/228"}],"collection":[{"href":"https:\/\/sporek.com\/blog\/index.php?rest_route=\/wp\/v2\/posts"}],"about":[{"href":"https:\/\/sporek.com\/blog\/index.php?rest_route=\/wp\/v2\/types\/post"}],"author":[{"embeddable":true,"href":"https:\/\/sporek.com\/blog\/index.php?rest_route=\/wp\/v2\/users\/2"}],"replies":[{"embeddable":true,"href":"https:\/\/sporek.com\/blog\/index.php?rest_route=%2Fwp%2Fv2%2Fcomments&post=228"}],"version-history":[{"count":0,"href":"https:\/\/sporek.com\/blog\/index.php?rest_route=\/wp\/v2\/posts\/228\/revisions"}],"wp:attachment":[{"href":"https:\/\/sporek.com\/blog\/index.php?rest_route=%2Fwp%2Fv2%2Fmedia&parent=228"}],"wp:term":[{"taxonomy":"category","embeddable":true,"href":"https:\/\/sporek.com\/blog\/index.php?rest_route=%2Fwp%2Fv2%2Fcategories&post=228"},{"taxonomy":"post_tag","embeddable":true,"href":"https:\/\/sporek.com\/blog\/index.php?rest_route=%2Fwp%2Fv2%2Ftags&post=228"}],"curies":[{"name":"wp","href":"https:\/\/api.w.org\/{rel}","templated":true}]}}