{"id":229,"date":"2010-04-16T00:10:41","date_gmt":"2010-04-16T04:10:41","guid":{"rendered":"http:\/\/sporek.com\/blog\/?p=229"},"modified":"2010-04-16T00:10:41","modified_gmt":"2010-04-16T04:10:41","slug":"polskie-skrajnosci","status":"publish","type":"post","link":"https:\/\/sporek.com\/blog\/?p=229","title":{"rendered":"Polskie skrajno\u015bci"},"content":{"rendered":"<p><font face=\"verdana\" size=\"2\">Miliony Polak\u00f3w  zje\u017cd\u017caj\u0105 do stolicy, aby odda\u0107 ho\u0142d polskiemu Prezydentowi. Setki  tysi\u0119cy mieszka\u0144c\u00f3w Warszawy do\u0142\u0105czaj\u0105 do ogromnej kolejki. Polska \u017cegna  najlepszego prezydenta swojej wolno\u015bci. Ujmuj\u0105 wypowiedzi m\u0142odych  ludzi, ujmuj\u0105 harcerze, a ogromny szacunek budz\u0105 wypowiedzi ludzi,  kt\u00f3rzy przyznaj\u0105, \u017ce wprawdzie nie g\u0142osowali na Lecha Kaczy\u0144skiego, ale  chc\u0105 odda\u0107 Mu ho\u0142d, jako cz\u0142owiekowi i jako glowie pa\u0144stwa. <\/font><!--more--><font face=\"verdana\" size=\"2\">To  nieprawdopodobne &#8222;ruszenie&#8221; spo\u0142ecze\u0144stwa albo jest nie na r\u0119k\u0119  &#8222;Nast\u0119pcy&#8221; i jego partii, albo on i Platforma chc\u0105 za wszelk\u0105 cen\u0119  skr\u00f3ci\u0107 ten niebywa\u0142y poch\u00f3d serdeczno\u015bci, mi\u0142o\u015bci i sympatii. Jaka\u015b  gor\u0105czka z nominacjami; ju\u017c jest nowy szef Kancelarii Prezydenta. Musial  by\u0107 nominowany ju\u017c teraz? Przecie\u017c akurat Prezydnet nie kieruje ani  gospodark\u0105, ani \u017cadn\u0105 inn\u0105 dziedzin\u0105, od kt\u00f3rej zale\u017cy ci\u0105g\u0142o\u015b\u0107 \u017cycia  kraju. A mo\u017ce chodzi o co innego? Kancelaria, to archiwum. Tam jest  raport Macierewicza, tam s\u0105 informacje o latach komunizmu, o walce z  ko\u015bcio\u0142em. Komu\u015b ju\u017c bardzo si\u0119 spieszy. Ale dziwne, \u017ce ta nominacja  nast\u0105pi\u0142a w kilkana\u015bcie godzin po tym, jak i premier Tusk i marsza\u0142ek  Komorowski og\u0142osili, \u017ce nominacji nie b\u0119dzie conajmniej w okresie  \u017ca\u0142oby. Odsuni\u0119cie w czasie og\u0142oszenia daty wybor\u00f3w musieli marsza\u0142kowi  Komorowskiemu argumentowa\u0107 dopiero pos\u0142owie trzech pozosta\u0142ych  ugrupowa\u0144. Nar\u00f3d w g\u0142\u0119bokiej \u017ca\u0142obie i wreszcie zapada decyzja: Para  Prezydencka b\u0119dzie pochowana w krypcie Srebrnych Dzwon\u00f3w, na Wawelu. Z  milionami ludzi w tle; p\u0142acz\u0105cych, czekaj\u0105cych w kolejce, by odda\u0107 ho\u0142d  zmar\u0142emu Prezydentowi, wybucha sp\u00f3r o Wawel. Grupki wym\u0105drzaj\u0105cej si\u0119  m\u0142odzie\u017cy w Krakowie i ten fatalny, kr\u00f3tki list Andrzeja Wajdy  opublikowany w Gazecie Wyborczej (a gdzie\u017cby indziej&#8230;?), list do  Kardyna\u0142a Dziwisza, aby zmieni\u0142 decyzj\u0119. Wajda, kt\u00f3rego film przez t\u0119  straszn\u0105 tragedi\u0119 ma szans\u0119 sta\u0107 si\u0119 filmem og\u00f3lno\u015bwiatowym, s\u0105dz\u0105c z  komunikatu Telewizji o p\u0142yn\u0105cych z r\u00f3\u017cnych stron \u015bwiata pro\u015bbach o  licencj\u0119 na pokazywanie &#8222;Katynia&#8221;; Wajda, kt\u00f3ry zrobi\u0142 tyle film\u00f3w o  polskiej tragedii zwi\u0105zanej z II Wojn\u0105 \u015awiatow\u0105 dzi\u015b popisuje si\u0119 smutn\u0105  retoryk\u0105 &#8222;m\u0119drca&#8221; i zabrania najbardziej patriotycznemu Prezydentowi  Wolnej Polski by\u0107 pochowanym na Wawelu. Wyg\u0142up, czy wielkiemu re\u017cyserowi  odebra\u0142o chwilowo umiej\u0119tno\u015b\u0107 oceny sytuacji? \u015awiat b\u0119dzie w najbli\u017cszy  weekend patrzy\u0142 na Polsk\u0119 milionami oczu, setkami kamer telewizyjnych.  Polska b\u0119dzie komentowana tysi\u0105cami reporterskich ust. Nie wyobra\u017camu  sobie i nie chc\u0119 sobie wyobrazi\u0107, jakie komentarze b\u0119d\u0105 wysy\u0142ane, je\u015bli w  Krakowie przeciwnicy poch\u00f3wku Pary Prezydenckiej na Wawelu zdecyduj\u0105  si\u0119 na jakie\u015b uliczne manifestacje.<br \/>\nLech Kaczy\u0144ski i wszyscy  towarzysz\u0105cy Mu politycy odnie\u015bli najwi\u0119ksze zwyci\u0119stwo  moralno-polityczne po swojej \u015bmierci: Katy\u0144 zosta\u0142 &#8222;odkryty&#8221; dla \u015bwiata.  Natomiast sam Lech Kaczy\u0144ski otrzyma\u0142 po\u015bmiertn\u0105 nagrod\u0119 o niebywa\u0142ym  odd\u017awi\u0119ku: zosta\u0142 uznany przez miliony rodak\u00f3w za wielkiego patriot\u0119, za  Prezydenta wszystkich Polak\u00f3w, czlowieka prawego, kt\u00f3ry ca\u0142\u0105 swoj\u0105  prezydentur\u0119 po\u015bwi\u0119ci\u0142 polsko\u015bci, walce o polsko\u015b\u0107 na arenie  mi\u0119dzynarodowej. Dlatego w pe\u0142nych szacunku s\u0142owach\u00a0 wypowiada si\u0119 o Nim  Angela Merkel, Kanclerz Niemiec, dodaj\u0105c -&#8222;twardy przeciwnik, nie mo\u017cna  Go nie szanowa\u0107&#8221;. Siedemdziesi\u0105t g\u0142\u00f3w pa\u0144stw i przedstawicieli NATO, UE  wybiera si\u0119 na uroczysto\u015bci pogrzebowe. To wielkie uznanie dla zmar\u0142ego  Prezydenta Polski jest g\u0142\u0119bokim uk\u0142onem dla naszej Ojczyzny, dla nas,  Polak\u00f3w. Nie zmarnujmy tego. Bia\u0142o-czerwona flaga sta\u0142a si\u0119 symbolem  polskiego b\u00f3lu, ale i polskiej dumy i solidarno\u015bci. Rosjanie sk\u0142adaj\u0105 j\u0105  z kwiatami na cz\u0119\u015bciach rozbitego samolotu, a w Polsce zaklady szyj\u0105ce  flagi nie nad\u0105\u017caj\u0105 z realizacj\u0105 zam\u00f3wie\u0144.<br \/>\nA Greenpoint? Na palcach  jednej r\u0119ki mo\u017cna policzy\u0107 miejsca, gdzie wisz\u0105 flagi. W oknie mojej  szko\u0142y jest flaga z czarn\u0105 wst\u0105\u017ck\u0105, pod ni\u0105 zdj\u0119ci\u0119 Prezydenta  Kaczy\u0144skiego, a na parapecie p\u0142onie niewielki znicz.<br \/>\nDzi\u015b zatrzyma\u0142  si\u0119 przy tym oknie Amerykanin, kt\u00f3ry zawsze zagaduje ze mn\u0105 o muzyce.  Tym razem zapyta\u0142:<br \/>\n-Was the President of Poland your personal friend?  &#8211; <em>Czy Prezydent Polski by\u0142 twoim osobistym przyjacielem?<\/em><br \/>\n-No,  why you&#8217;re asking? &#8211; <em>Nie, sk\u0105d to pytanie?<\/em><br \/>\n-Because I don&#8217;t  see any flag on Humboldt Street except for the one on the church. &#8211; <em>Bo  nie widz\u0119 \u017cadnej flagi na Humboldt Street opr\u00f3cz tej na ko\u015bciele.<\/p>\n<p><\/em>No  i to jest, niestety prawda. Na corocznej Paradzie Pu\u0142askiego  wymachujemy bia\u0142o-czerwon\u0105, owijamy j\u0105 wok\u00f3l siebie, jak narzutk\u0119,  pi\u0119knie powiewa z okien samochod\u00f3w, dom\u00f3w. Dzi\u015b, w tych tragicznych dla  Ojczyzny dniach jej nie ma. Nie p\u0142on\u0105 znicze w oknach Greenpointu.  Bo&#8230;?<\/font><\/p>\n","protected":false},"excerpt":{"rendered":"<p>Miliony Polak\u00f3w zje\u017cd\u017caj\u0105 do stolicy, aby odda\u0107 ho\u0142d polskiemu Prezydentowi. Setki tysi\u0119cy mieszka\u0144c\u00f3w Warszawy do\u0142\u0105czaj\u0105 do ogromnej kolejki. Polska \u017cegna najlepszego prezydenta swojej wolno\u015bci. Ujmuj\u0105 wypowiedzi m\u0142odych ludzi, ujmuj\u0105 harcerze, a ogromny szacunek budz\u0105 wypowiedzi ludzi, kt\u00f3rzy przyznaj\u0105, \u017ce wprawdzie nie g\u0142osowali na Lecha Kaczy\u0144skiego, ale chc\u0105 odda\u0107 Mu ho\u0142d, jako cz\u0142owiekowi i jako glowie [&hellip;]<\/p>\n","protected":false},"author":2,"featured_media":0,"comment_status":"open","ping_status":"open","sticky":false,"template":"","format":"standard","meta":[],"categories":[1],"tags":[],"_links":{"self":[{"href":"https:\/\/sporek.com\/blog\/index.php?rest_route=\/wp\/v2\/posts\/229"}],"collection":[{"href":"https:\/\/sporek.com\/blog\/index.php?rest_route=\/wp\/v2\/posts"}],"about":[{"href":"https:\/\/sporek.com\/blog\/index.php?rest_route=\/wp\/v2\/types\/post"}],"author":[{"embeddable":true,"href":"https:\/\/sporek.com\/blog\/index.php?rest_route=\/wp\/v2\/users\/2"}],"replies":[{"embeddable":true,"href":"https:\/\/sporek.com\/blog\/index.php?rest_route=%2Fwp%2Fv2%2Fcomments&post=229"}],"version-history":[{"count":0,"href":"https:\/\/sporek.com\/blog\/index.php?rest_route=\/wp\/v2\/posts\/229\/revisions"}],"wp:attachment":[{"href":"https:\/\/sporek.com\/blog\/index.php?rest_route=%2Fwp%2Fv2%2Fmedia&parent=229"}],"wp:term":[{"taxonomy":"category","embeddable":true,"href":"https:\/\/sporek.com\/blog\/index.php?rest_route=%2Fwp%2Fv2%2Fcategories&post=229"},{"taxonomy":"post_tag","embeddable":true,"href":"https:\/\/sporek.com\/blog\/index.php?rest_route=%2Fwp%2Fv2%2Ftags&post=229"}],"curies":[{"name":"wp","href":"https:\/\/api.w.org\/{rel}","templated":true}]}}