{"id":230,"date":"2010-04-19T00:43:45","date_gmt":"2010-04-19T04:43:45","guid":{"rendered":"http:\/\/sporek.com\/blog\/?p=230"},"modified":"2010-04-19T01:17:02","modified_gmt":"2010-04-19T05:17:02","slug":"ostatnie-przemowienie","status":"publish","type":"post","link":"https:\/\/sporek.com\/blog\/?p=230","title":{"rendered":"Ostatnie przem\u00f3wienie"},"content":{"rendered":"<p>Prezydent Kaczy\u0144ski zwyk\u0142 przemawia\u0107 z pami\u0119ci, ale swoje wyst\u0105pienia przygotowywa\u0142 niezwykle pieczo\u0142owicie, zapisuj\u0105c g\u0142\u00f3wne ich tezy i przemy\u015blenia. Kiedy dzisiaj telewizja pokazywa\u0142a Jego dawne przem\u00f3wienia odnios\u0142em wra\u017cenie, \u017ce chyba celowo zniekszta\u0142cano g\u0142os, dykcj\u0119 i intonacj\u0119 Lecha Kaczy\u0144skiego. <!--more-->Z cytowanych przem\u00f3wie\u0144 jawi\u0142 si\u0119 polityk niezwykle wyra\u017anie artykuuj\u0105cy swoje teksty; wyra\u017anie, p\u0142ynnie z r\u00f3\u017cnicami dynamicznymi. Do jakiej perfidii mog\u0105 posun\u0105\u0107 si\u0119 nieprzychylni politykowi dziennikarze, do jakiego stopnia da\u0142o si\u0119 og\u0142upi\u0107 spo\u0142ecze\u0144stwo? &#8222;Wystarczy\u0142a&#8221; ta bezsensowna i najtragiczniejsza w polskiej historii katastrofa, by okaza\u0142o si\u0119, \u017ce pi\u0119cioletni trud medi\u00f3w poszed\u0142 na marne. By okaza\u0142o si\u0119, \u017ce spo\u0142eczna intuicja jest najm\u0105drzejsza, najsprawiedliwsza. Czy media i politycy wyci\u0105gn\u0105 z tego wnioski?<\/p>\n<p>Oto tre\u015b\u0107 przem\u00f3wienia, kt\u00f3re tragicznie zmar\u0142y Pezydent  Lech Kaczy\u0144ski mia\u0142 wyg\u0142osi\u0107 10 kwietnia na Polskim Cmentarzu Wojennym w  Katyniu podczas uroczysto\u015bci w 70. rocznic\u0119 zbrodni katy\u0144skiej:<!--more--><\/p>\n<p>&#8222;Szanowni Przedstawiciele Rodzin Katy\u0144skich!  Szanowni Pa\u0144stwo! W kwietniu 1940 roku ponad 21 tysi\u0119cy polskich je\u0144c\u00f3w z  oboz\u00f3w i wi\u0119zie\u0144 NKWD zosta\u0142o zamordowanych. Tej zbrodni ludob\u00f3jstwa  dokonano z woli Stalina, na rozkaz najwy\u017cszych w\u0142adz Zwi\u0105zku  Sowieckiego. Sojusz III Rzeszy i ZSRR, pakt Ribbentrop-Mo\u0142otow i agresja  na Polsk\u0119 17 wrze\u015bnia 1939 roku znalaz\u0142y swoj\u0105 wstrz\u0105saj\u0105c\u0105 kulminacj\u0119 w  zbrodni katy\u0144skiej. Nie tylko w lasach Katynia, tak\u017ce w Twerze,  Charkowie i w innych, znanych i jeszcze nieznanych miejscach strace\u0144  wymordowano obywateli II Rzeczypospolitej, ludzi tworz\u0105cych podstaw\u0119  naszej pa\u0144stwowo\u015bci, nieugi\u0119tych w s\u0142u\u017cbie ojczyzny. W tym samym czasie  rodziny pomordowanych i tysi\u0105ce mieszka\u0144c\u00f3w przedwojennych Kres\u00f3w by\u0142y  zsy\u0142ane w g\u0142\u0105b Zwi\u0105zku Sowieckiego, gdzie ich niewypowiedziane  cierpienia znaczy\u0142y drog\u0119 polskiej Golgoty Wschodu.<br \/>\nNajbardziej  tragiczn\u0105 stacj\u0105 tej drogi by\u0142 Katy\u0144. Polskich oficer\u00f3w, duchownych,  urz\u0119dnik\u00f3w, policjant\u00f3w, funkcjonariuszy stra\u017cy granicznej i s\u0142u\u017cby  wi\u0119ziennej zg\u0142adzono bez proces\u00f3w i wyrok\u00f3w. Byli ofiarami  niewypowiedzianej wojny. Zostali zamordowani z pogwa\u0142ceniem praw i  konwencji cywilizowanego \u015bwiata. Zdeptano ich godno\u015b\u0107 jako \u017co\u0142nierzy,  Polak\u00f3w i ludzi. Do\u0142y \u015bmierci na zawsze mia\u0142y ukry\u0107 cia\u0142a pomordowanych i  prawd\u0119 o zbrodni. \u015awiat mia\u0142 si\u0119 nigdy nie dowiedzie\u0107. Rodzinom ofiar  odebrano prawo do publicznej \u017ca\u0142oby, do op\u0142akania i godnego  upami\u0119tnienia najbli\u017cszych. Ziemia przykry\u0142a \u015blady zbrodni, a k\u0142amstwo  mia\u0142o wymaza\u0107 j\u0105 z ludzkiej pami\u0119ci. Ukrywanie prawdy o Katyniu &#8211; efekt  decyzji tych, kt\u00f3rzy do zbrodni doprowadzili &#8211; sta\u0142o si\u0119 jednym z  fundament\u00f3w polityki komunist\u00f3w w powojennej Polsce: za\u0142o\u017cycielskim  k\u0142amstwem PRL. By\u0142 to czas, kiedy za pami\u0119\u0107 i prawd\u0119 o Katyniu p\u0142aci\u0142o  si\u0119 wysok\u0105 cen\u0119. Jednak bliscy pomordowanych i inni, odwa\u017cni ludzie  trwali wiernie przy tej pami\u0119ci, bronili jej i przekazywali kolejnym  pokoleniom Polak\u00f3w. Przenie\u015bli j\u0105 przez czas komunistycznych rz\u0105d\u00f3w i  powierzyli rodakom wolnej, niepodleg\u0142ej Polsce.<br \/>\nDlatego im  wszystkim, a zw\u0142aszcza Rodzinom Katy\u0144skim, jeste\u015bmy winni szacunek i  wdzi\u0119czno\u015b\u0107. W imieniu Rzeczypospolitej sk\u0142adam najg\u0142\u0119bsze podzi\u0119kowanie  za to, \u017ce broni\u0105c pami\u0119ci o swoich bliskich, ocalili\u015bcie Pa\u0144stwo jak\u017ce  wa\u017cny wymiar naszej polskiej \u015bwiadomo\u015bci i to\u017csamo\u015bci.<\/p>\n<p>Katy\u0144  sta\u0142 si\u0119 bolesn\u0105 ran\u0105 polskiej historii, ale tak\u017ce na d\u0142ugie  dziesi\u0119ciolecia zatru\u0142 relacje mi\u0119dzy Polakami i Rosjanami. Sprawmy, by  katy\u0144ska rana mog\u0142a si\u0119 wreszcie w pe\u0142ni zagoi\u0107 i zabli\u017ani\u0107. Jeste\u015bmy  ju\u017c na tej drodze. My, Polacy, doceniamy dzia\u0142ania Rosjan z ostatnich  lat. T\u0105 drog\u0105, kt\u00f3ra zbli\u017ca nasze narody, powinni\u015bmy i\u015b\u0107 dalej, nie  zatrzymuj\u0105c si\u0119 na niej ani nie cofaj\u0105c.<\/p>\n<p>Wszystkie okoliczno\u015bci  zbrodni katy\u0144skiej musz\u0105 zosta\u0107 do ko\u0144ca zbadane i wyja\u015bnione. Wa\u017cne  jest, by zosta\u0142a potwierdzona prawnie niewinno\u015b\u0107 ofiar, by ujawnione  zosta\u0142y wszystkie dokumenty dotycz\u0105ce tej zbrodni. Aby k\u0142amstwo  katy\u0144skie znikn\u0119\u0142o na zawsze z przestrzeni publicznej. Domagamy si\u0119 tych  dzia\u0142a\u0144 przede wszystkim ze wzgl\u0119du na pami\u0119\u0107 ofiar i szacunek dla  cierpienia ich rodzin. Ale domagamy si\u0119 ich tak\u017ce w imi\u0119 wsp\u00f3lnych  warto\u015bci, kt\u00f3re musz\u0105 tworzy\u0107 fundament zaufania i partnerstwa pomi\u0119dzy  s\u0105siednimi narodami w ca\u0142ej Europie.<br \/>\nOddajmy wsp\u00f3lnie ho\u0142d  pomordowanym i pom\u00f3dlmy si\u0119 nad ich g\u0142owami. Chwa\u0142a bohaterom! Cze\u015b\u0107 Ich  pami\u0119ci!&#8221;<\/p>\n<p>S\u0142owa Prezydenta Kaczy\u0144skiego nie zabrzmia\u0142y tam, gdzie planowa\u0142 je wyg\u0142osi\u0107. Niech wi\u0119c brzmi\u0105 w naszych umys\u0142ach, naszej pami\u0119ci; w umys\u0142ach i pami\u0119ci polityk\u00f3w, jako Testament najbardziej poniewieranego, ale i najwi\u0119kszego Prezydenta Wolnej Polski. Prezydenta, kt\u00f3remu polskie (czy aby na pewno?) media i politycy partii koalicyjnych wyrz\u0105dzili najwi\u0119ksz\u0105 krzywd\u0119 poni\u017cenia, wyszydzania, kpiny i bezszacunku. Oby by\u0142 ostatnim, z kt\u00f3rego urz\u0119du i osoby urz\u0105dzono publiczny pokaz pogardy. Ostatnim, kt\u00f3rego tragiczna \u015bmier\u0107 ukaza\u0142a najwy\u017cszy stopie\u0144 hipokryzji medi\u00f3w i rz\u0105dz\u0105cych. Chwa\u0142a Narodowi Polskiemu, kt\u00f3ry objawi\u0142 wszystkie warto\u015bci, o kt\u00f3re walczy\u0142 i dopomina\u0142 si\u0119 Lech Kaczy\u0144ski: patriotyzm, umi\u0142owanie prawdy, solidarno\u015b\u0107, zjednoczenie w modlitwie i wierze katolickiej. Narodowi, kt\u00f3ry wbrew pi\u0119cioletniej, fa\u0142szywej grze medi\u00f3w i polityk\u00f3w z przeciwnych ugrupowa\u0144 wyrazi\u0142 swoj\u0105 opini\u0119, swoje uczucia bezgranicznej mi\u0142o\u015bci do SWOJEGO PREZYDENTA. Jestem oczarowany wspania\u0142o\u015bci\u0105 polskiej m\u0142odzie\u017cy i niezmiernie z niej dumny. Jestem dumny, \u017ce nale\u017c\u0119 do tego narodu. Jestem dumny, \u017ce jestem Polakiem.<\/p>\n","protected":false},"excerpt":{"rendered":"<p>Prezydent Kaczy\u0144ski zwyk\u0142 przemawia\u0107 z pami\u0119ci, ale swoje wyst\u0105pienia przygotowywa\u0142 niezwykle pieczo\u0142owicie, zapisuj\u0105c g\u0142\u00f3wne ich tezy i przemy\u015blenia. Kiedy dzisiaj telewizja pokazywa\u0142a Jego dawne przem\u00f3wienia odnios\u0142em wra\u017cenie, \u017ce chyba celowo zniekszta\u0142cano g\u0142os, dykcj\u0119 i intonacj\u0119 Lecha Kaczy\u0144skiego.<\/p>\n","protected":false},"author":2,"featured_media":0,"comment_status":"open","ping_status":"open","sticky":false,"template":"","format":"standard","meta":[],"categories":[4],"tags":[],"_links":{"self":[{"href":"https:\/\/sporek.com\/blog\/index.php?rest_route=\/wp\/v2\/posts\/230"}],"collection":[{"href":"https:\/\/sporek.com\/blog\/index.php?rest_route=\/wp\/v2\/posts"}],"about":[{"href":"https:\/\/sporek.com\/blog\/index.php?rest_route=\/wp\/v2\/types\/post"}],"author":[{"embeddable":true,"href":"https:\/\/sporek.com\/blog\/index.php?rest_route=\/wp\/v2\/users\/2"}],"replies":[{"embeddable":true,"href":"https:\/\/sporek.com\/blog\/index.php?rest_route=%2Fwp%2Fv2%2Fcomments&post=230"}],"version-history":[{"count":0,"href":"https:\/\/sporek.com\/blog\/index.php?rest_route=\/wp\/v2\/posts\/230\/revisions"}],"wp:attachment":[{"href":"https:\/\/sporek.com\/blog\/index.php?rest_route=%2Fwp%2Fv2%2Fmedia&parent=230"}],"wp:term":[{"taxonomy":"category","embeddable":true,"href":"https:\/\/sporek.com\/blog\/index.php?rest_route=%2Fwp%2Fv2%2Fcategories&post=230"},{"taxonomy":"post_tag","embeddable":true,"href":"https:\/\/sporek.com\/blog\/index.php?rest_route=%2Fwp%2Fv2%2Ftags&post=230"}],"curies":[{"name":"wp","href":"https:\/\/api.w.org\/{rel}","templated":true}]}}