{"id":231,"date":"2010-04-22T00:36:30","date_gmt":"2010-04-22T04:36:30","guid":{"rendered":"http:\/\/sporek.com\/blog\/?p=231"},"modified":"2010-04-22T00:56:20","modified_gmt":"2010-04-22T04:56:20","slug":"a-mialo-juz-byc-dobrze","status":"publish","type":"post","link":"https:\/\/sporek.com\/blog\/?p=231","title":{"rendered":"A mia\u0142o ju\u017c by\u0107 dobrze"},"content":{"rendered":"<p><font face=\"verdana\" size=\"2\">We wtorek min\u0119\u0142y  dwa dni od poch\u00f3wku Pary Prezydenckiej. Komentatorzy podkre\u015blali, \u017ce  miniony tydzie\u0144 zmieni oblicze polskiej polityki i polityk\u00f3w. Zmieni na  dobre. Jaros\u0142aw Kaczy\u0144ski prze\u017cywa &#8211; to pewne &#8211; najwi\u0119kszy dramat  swojego \u017cycia. Lech i Jaros\u0142aw to bli\u017aniacy jednojajowi. Czucia takich  bli\u017aniak\u00f3w s\u0105 diametralnie inne, ni\u017c rodze\u0144stwa niebli\u017aniaczego. <\/font><!--more--><font face=\"verdana\" size=\"2\">Nie  dziwi\u0119 si\u0119, \u017ce ogranicza swoje publiczne wyst\u0105pienia jedynie do  przem\u00f3wie\u0144 nad trumnami swoich przyjaci\u00f3\u0142. Jest jeszcze Jego, ci\u0119\u017cko  chora matka, kt\u00f3ra, o zgrozo jest jedyn\u0105 osob\u0105 na \u015bwiecie, kt\u00f3ra nie  wie, \u017ce jeden z jej wspania\u0142ych syn\u00f3w zgin\u0105\u0142. Nie dziwi\u0119 si\u0119, \u017ce nie  sk\u0142ada \u017cadnych deklaracji politycznych. Z jakim\u017c zdumieniem zobaczy\u0142em  na ekranie telewizora wyniki b\u0142yskawicznego sonda\u017cu o szansach Jaros\u0142awa  w drugiej turze wybor\u00f3w. Je\u015bli sonda\u017c, to kto\u015b go zleci\u0142, a je\u015bli  zleci\u0142&#8230;, to kto? Na pewno nie by\u0142o to PiS. Komu potrzebne jest  pocieszenie po bezczu\u0142ych przemowach? Z przemowy Komorowskiego w  Krakowie zapami\u0119ta\u0142em g\u0142\u00f3wnie &#8222;Dzwon Zygmunta&#8221;. Dziennikarze ocenili  mowy pogrzebowe Marsza\u0142ka r\u00f3wnie bez entuzjazmu podkre\u015blaj\u0105c brak  haryzmy, brak uczucia, osch\u0142o\u015b\u0107, brak wsp\u00f3\u0142czucia. Tak samo ocenili to niekt\u00f3rzy cz\u0142onkowie Platformy. I zgodnie stwierdzaj\u0105, \u017ce w\u0142a\u015bciwie  mog\u0142y one znacznie os\u0142abi\u0107 pozycj\u0119 kandydata na prezydenta. Jasne jest  wi\u0119c, kt\u00f3ra partia mog\u0142a zleci\u0107 sonda\u017c. Niejasne jest natomiast dlaczego  Marsza\u0142kowi przeciwstawiono Jaros\u0142awa Kaczy\u0144skiego, skoro ten nie  z\u0142o\u017cy\u0142, nawet jednym s\u0142owem, o\u015bwiadczenia o ch\u0119ci kandydowania. Komu  zadawano te pytania, bo z nastroj\u00f3w spo\u0142ecze\u0144stwa do\u015b\u0107 jasno wynika\u0142o,  \u017ce ludzie maj\u0105 dosy\u0107 k\u0142amstw, dosy\u0107 manipulowania i prania m\u00f3zg\u00f3w.  Tymczasem wyniki sonda\u017cu s\u0105 tak przygniataj\u0105ce dla Jaros\u0142awa, \u017ce a\u017c  budz\u0105 podejrzenia; raz uzyska\u0142 18%, potem 32%, ale Komorowski ca\u0142y czas  powy\u017cej 50%. Hurra!!<br \/>\nTrudno oprze\u0107 si\u0119 wra\u017ceniu, \u017ce komu\u015b bardzo  zale\u017cy na umniejszeniu znaczenia brata zmar\u0142ego Prezydenta. Ostrzega\u0142bym  przed takimi metodami. To wy\u0142\u0105cznie odkrywa chor\u0105, niestety twarz  Platformy. Zaczyna si\u0119 ta sama farsa, jak\u0105 prowadzono przez pi\u0119\u0107 lat w  stosunku do Prezydenta, Lecha Kaczy\u0144skiego. Pami\u0119tam, \u017ce na tydzie\u0144  przed wygraniem wybor\u00f3w Lech Kaczy\u0144ski przegrywa\u0142 a\u017c 24-ema punktami  procentowymi. A poza wszystkim komu i czemu ten sonda\u017c mia\u0142 s\u0142u\u017cy\u0107, poza  uderzeniem w szefa PiS-u?<br \/>\nA mia\u0142o ju\u017c by\u0107 dobrze. Zadaj\u0119 wi\u0119c  pytanie &#8211; po co robi si\u0119 wywiady z Lechem Wa\u0142\u0119s\u0105, skoro\u00a0 od dawna nie ma  on ju\u017c nic do powiedzenia poza jak\u0105\u015b ch\u0142opsk\u0105 -nie obra\u017caj\u0105c ch\u0142op\u00f3w  -filozofi\u0105, w dodatku strasznie zagmatwan\u0105. Wa\u0142\u0119sa nie przyjecha\u0142 na pogrzeb L. Kaczy\u0144skiego, ale przyby\u0142 na pogrzeb  \u015bp. pami\u0119ci Anny Walentynowicz. Legendy Solidarno\u015bci, Matki Solidarno\u015bci  &#8211; tak J\u0105 nazywano i taka pozostanie w pami\u0119ci tych, kt\u00f3rzy wtedy byli z  Ni\u0105. W tytule doniesienia o udziale Wa\u0142\u0119sy w mszy i pogrzebie Anny  Walentynowicz znalaz\u0142a si\u0119 sentencja &#8222;Jest mi przykro, przepraszam&#8221;. Ta  w\u0142a\u015bnie sentencja sprowokowa\u0142a mnie do przeczytania tego artyku\u0142u z  nadziej\u0105, \u017ce Lech zrozumia\u0142, jak skrzywdzi\u0142 t\u0119 wspania\u0142\u0105 kobiet\u0119. No i  zn\u00f3w Wa\u0142\u0119sa zrobi\u0142 mnie w balona. Jak kiedy\u015b, gdy agitowa\u0142em do  g\u0142osowania na niego, a potem roztrwoni\u0142 ca\u0142y dorobek przesz\u0142o\u015bci.<br \/>\nOto  cytat z Pana Wa\u0142\u0119sowej filozofii &#8211; fragment artyku\u0142u:<br \/>\n<\/font><font face=\"verdana\" size=\"2\">&#8222;&#8230;<strong>Zastanawia\u0142em si\u0119, czy ten narodowy  bohater dzi\u015b produkowany, na si\u0142\u0119, ma szans\u0119 na ostanie si\u0119&#8221;.<\/strong> Dalej  dodaje, \u017ce sam by wspiera\u0142 budowanie legendy, gdyby tylko <strong>&#8222;by\u0142a cho\u0107  najmniejsza taka szansa (na jej &#8222;ostanie si\u0119&#8221; \u2013 red.)&#8221;. Dlaczego? &#8211; Bo  tak daleko jest taka potrzeba, bo poniszczyli\u015bmy mo\u017cliwe wzory \u2013 <\/strong>wyja\u015bnia  Lech Wa\u0142\u0119sa. Jednak w jego ocenie <strong>&#8222;takiej szansy jednak przed t\u0105  postaci\u0105 nie wida\u0107&#8221;. &#8211; Przykro mi jest, przepraszam. Mia\u0142a tu miejsce za  daleko id\u0105ca hipokryzja.<\/strong><br \/>\nTak m\u00f3wi o tragicznie zmar\u0142ym  Prezydencie, by\u0142y prezydent, bliski wsp\u00f3\u0142pracownik, towarzysz walki o  woln\u0105 Polsk\u0119. (pomijam polszczyzn\u0119). M\u00f3wi tak w kontek\u015bcie niespotykanej manifestacji sympatii,  \u017cyczliwo\u015bci i chyba szczerej mi\u0142o\u015bci ze strony spo\u0142ecze\u0144stwa do  Pierwszej Pary Najja\u015bniejszej Rzeczypospolitej.<br \/>\nA &#8222;przykro&#8221; mu, bo&#8230;inni my\u015bl\u0105 inaczej. S\u0142owo przepraszam jest tu ozdobnikiem. M\u00f3g\u0142 z  powodzeniem u\u017cy<font size=\"2\">\u0107<\/font> przekle\u0144stwa, np:<em> przykro mi,  kurw&#8230;de.<\/em> Jakby tego by\u0142o ma\u0142o nast\u0119pny akapit wali obuchem na  o\u015blep:<br \/>\n&#8222;<font size=\"2\">Jak pisze dalej Wa\u0142\u0119sa, <strong>prawda to: udzia\u0142  nienawi\u015bci, b\u0142\u0119dne decyzje, nieodpowiedzialno\u015b\u0107. \u2013 (One) s\u0105 zbyt  widoczne i za drogo kosztowa\u0142y \u2013 <\/strong>s\u0105dzi by\u0142y prezydent. <strong>&#8211;  Politykierstwo w kiepskim wykonaniu pan\u00f3w Kaczy\u0144skich tak si\u0119 zacz\u0119\u0142o i  tak si\u0119 zako\u0144czy\u0142o. Nie patriotyzm, nie m\u0105dro\u015b\u0107, nie odpowiedzialno\u015b\u0107 tu  le\u017ca\u0142a u podstaw&#8221;.<br \/>\n<\/strong>Czyta\u0142em i nie mog\u0142em uwierzy\u0107. Czu\u0142em, \u017ce  co\u015b mnie parali\u017cuje, ale brn\u0105\u0142em dalej w tym b\u0142ocie i dobrn\u0105\u0142em do  fenomenalnego przyk\u0142adu hipokryzji by\u0142ego prezydenta, a dzi\u015b  europejskiego &#8222;M\u0119drca&#8221;, &#8211; Bo\u017ce zachowaj Europ\u0119 -. Artyku\u0142 ko\u0144czy si\u0119  nast\u0119puj\u0105co:<br \/>\n&#8222;<\/font><\/font><font face=\"verdana\" size=\"2\">Jednocze\u015bnie  polski reprezentant w unijnej Radzie M\u0119drc\u00f3w apeluje o to, aby <strong>&#8222;porozmawia\u0107  spokojnie, bez emocji, patriotycznie, wyci\u0105gaj\u0105c uczciwe prawdziwe  wnioski, by ta ofiara nie posz\u0142a na marne&#8221;.<\/strong><\/font><font face=\"verdana\" size=\"2\"><br \/>\nElektryk-hipokryta o niezwykle prawym profesorze prawa. No, mo\u017cna i  tak.<br \/>\nI jeszcze szczypta o innym hipokrycie: &#8222;The Washington Times&#8221; w  kapitalnym artykule, z 18 kwietnia, czyli dzie\u0144 po pogrzebie w  Krakowie, zatytu\u0142owanym <\/font><font face=\"verdana\" size=\"2\">&#8222;<\/font><font face=\"verdana\" size=\"2\">Obama skips Polish funeral, heads to golf  course&#8221; &#8211; co w lu\u017anym t\u0142umaczeniu znaczy <em>&#8222;Obama opu\u015bci\u0142 pogrzeb i  uda\u0142 si\u0119 na partyjk\u0119 golfa&#8221;<\/em> wytyka swojemu prezydentowi, \u017ce zamieni\u0142  udzia\u0142 w pogrzebie na partyjk\u0119 golfa i, \u017ce nie pofatygowa\u0142 si\u0119 do  polskiej Ambasady, aby wpisa<\/font><font face=\"verdana\" size=\"2\">\u0107<\/font><font face=\"verdana\" size=\"2\"> kondolencje, wysy\u0142aj\u0105c tam Hilary Clinton i  Joe Bidena. Dalej, \u017ce to ju\u017c 32 partyjka golfa za jego kr\u00f3tkiej  kadencji, por\u00f3wnuj\u0105c to z 24 partyjkami G. W. Busha w ci\u0105gu o\u015bmiu lat.  Ujawnia te\u017c, \u017ce ten &#8222;robiony na g\u0142upka Bush&#8221; zrezygnowa\u0142 z golfa, gdy  podczas jednej z partyjek dosz\u0142a go informacja o \u015bmierci kilku \u017co\u0142nierzy  w Iraku. Wtedy postanowi\u0142, w solidarno\u015bci z rodzinami \u017co\u0142nierzy  zrezygnowa<\/font><font face=\"verdana\" size=\"2\">\u0107<\/font><font face=\"verdana\" size=\"2\"> w og\u00f3le z tej rozrywki i nigdy ju\u017c w golfa nie  zagra\u0142. T\u0119 ostatni\u0105 rozgrywk\u0119 golfow\u0105 G. W. rozgrywa\u0142 podczas urlopu w  swojej rezydencji, w Teksasie, nie podczas pracy w Bia\u0142ym Domu. Autor  cytuje fragment rozmowy &#8222;Politico&#8221; z by\u0142ym prezydentem: (cytuj\u0119, \u017ceby mi  nikt nie zarzuci\u0142, \u017ce zmy\u015blam)<\/font><font size=\"2\"> &#8222;&#8230;I feel I owe it to the families to be as \u2014  to be in solidarity as best as I can with them. And I think playing golf  during a war just sends the wrong signal&#8230;.&#8221; &#8211; <em>Czuj\u0119, \u017ce jestem to  winien rodzinom w najlepszy spos\u00f3b, jak tylko mog\u0119. My\u015bl\u0119, \u017ce granie w  golfa podczas wojny, to z\u0142y sygna\u0142. <\/em><br \/>\n<\/font><font face=\"verdana\" size=\"2\">I ostatnie zdanie z tego artyku\u0142u: &#8222;<\/font><font size=\"2\"> &#8230;Since Mr. Obama took  office, 397 soldiers have died in Operation Enduring Freedom in  Afghanistan. Another 151 have died in Operation Iraqi Freedom&#8230; &#8221; <em>Od  kiedy Pan Obama obj\u0105\u0142 urz\u0105d 397 \u017co\u0142nierzy zgin\u0119\u0142o w Operacji Utrwalania  Wolno\u015bci w Afganistanie. Kolejnych 151 zgin\u0119\u0142o w Operacji Wolno\u015b\u0107  Iraku.<\/em><\/font><\/p>\n<p style=\"font-family: Verdana\"><font size=\"2\">To  ostatnie zdanie autor artyku\u0142u, Joseph Curl pozostawia ju\u017c bez  komentarza. Co za paralela: wy\u015bmiewany Bush ukazuj\u0105cy ludzk\u0105 twarz,  wy-pi-arowany Obama objawia si\u0119 w kompletnej indolencji.<\/font><\/p>\n<p style=\"font-family: Verdana\"><font size=\"2\">Czy to ju\u017c takie prawo i  tradycja, \u017ce dobre strony ludzi dostrzegamy dopiero, gdy odchodz\u0105? Poza  wszystkim &#8211; czy s\u0105 szanse, \u017ce b\u0119dzie lepiej?<\/font><\/p>\n<p style=\"font-family: Verdana\"><font size=\"2\">I jeszcze jedno &#8211; Prezydent  Gruzji, <\/font><font size=\"2\">Mikhail Saakashvili<\/font><font size=\"2\"> mia\u0142 t\u0119  sam\u0105 drog\u0119, co Obama i Merkel. Tyle, \u017ce on si\u0119 na t\u0119 drog\u0119  zdecydowa\u0142, wiedz\u0105c, \u017ce jeszcze si\u0119 wyd\u0142u\u017cy. Zmienia\u0142 samoloty,  lotniska, kraje. Delegacja z Maroko przylecia\u0142a ma\u0142\u0105 cessn\u0105. Inni  jechali po kilkana\u015bcie godzin samochodami, poci\u0105gami, w niewygodzie. Inni dojechali dopiero na drugi dzie\u0144 po uroczysto\u015bciach. I to by\u0142o cudowne. A w  samolocie Obamy barki, salony, gabinety, sypialnie, wygodne fotele.  Ci\u0119\u017cko by\u0142o.<br \/>\n<\/font><\/p>\n","protected":false},"excerpt":{"rendered":"<p>We wtorek min\u0119\u0142y dwa dni od poch\u00f3wku Pary Prezydenckiej. Komentatorzy podkre\u015blali, \u017ce miniony tydzie\u0144 zmieni oblicze polskiej polityki i polityk\u00f3w. Zmieni na dobre. Jaros\u0142aw Kaczy\u0144ski prze\u017cywa &#8211; to pewne &#8211; najwi\u0119kszy dramat swojego \u017cycia. Lech i Jaros\u0142aw to bli\u017aniacy jednojajowi. Czucia takich bli\u017aniak\u00f3w s\u0105 diametralnie inne, ni\u017c rodze\u0144stwa niebli\u017aniaczego.<\/p>\n","protected":false},"author":2,"featured_media":0,"comment_status":"open","ping_status":"open","sticky":false,"template":"","format":"standard","meta":[],"categories":[4],"tags":[],"_links":{"self":[{"href":"https:\/\/sporek.com\/blog\/index.php?rest_route=\/wp\/v2\/posts\/231"}],"collection":[{"href":"https:\/\/sporek.com\/blog\/index.php?rest_route=\/wp\/v2\/posts"}],"about":[{"href":"https:\/\/sporek.com\/blog\/index.php?rest_route=\/wp\/v2\/types\/post"}],"author":[{"embeddable":true,"href":"https:\/\/sporek.com\/blog\/index.php?rest_route=\/wp\/v2\/users\/2"}],"replies":[{"embeddable":true,"href":"https:\/\/sporek.com\/blog\/index.php?rest_route=%2Fwp%2Fv2%2Fcomments&post=231"}],"version-history":[{"count":0,"href":"https:\/\/sporek.com\/blog\/index.php?rest_route=\/wp\/v2\/posts\/231\/revisions"}],"wp:attachment":[{"href":"https:\/\/sporek.com\/blog\/index.php?rest_route=%2Fwp%2Fv2%2Fmedia&parent=231"}],"wp:term":[{"taxonomy":"category","embeddable":true,"href":"https:\/\/sporek.com\/blog\/index.php?rest_route=%2Fwp%2Fv2%2Fcategories&post=231"},{"taxonomy":"post_tag","embeddable":true,"href":"https:\/\/sporek.com\/blog\/index.php?rest_route=%2Fwp%2Fv2%2Ftags&post=231"}],"curies":[{"name":"wp","href":"https:\/\/api.w.org\/{rel}","templated":true}]}}