{"id":232,"date":"2010-04-23T12:42:16","date_gmt":"2010-04-23T16:42:16","guid":{"rendered":"http:\/\/sporek.com\/blog\/?p=232"},"modified":"2010-04-23T12:45:32","modified_gmt":"2010-04-23T16:45:32","slug":"10-kwietnia-2010","status":"publish","type":"post","link":"https:\/\/sporek.com\/blog\/?p=232","title":{"rendered":"10 kwietnia, 2010"},"content":{"rendered":"<p>Poni\u017cszy artyku\u0142 napisa\u0142em dzie\u0144 po katastrofie i otrzyma\u0142em mn\u00f3stwo  e-maili z opiniami, \u017ce jest przedwcze\u015bnie &#8222;atakuj\u0105cy&#8221; (je\u015bli zadawanie  pyta\u0144 mo\u017ce by<font face=\"verdana\" size=\"2\">\u0107<\/font> atakowaniem&#8230;),  ale, aby nie zadra\u017cnia<font face=\"verdana\" size=\"2\">\u0107<\/font> czasu  \u017ca\u0142oby wycofa\u0142em go. Postanowi\u0142em go jednak przywr\u00f3ci<font face=\"verdana\" size=\"2\">\u0107<\/font>, bo dziej\u0105 si\u0119 rzeczy, kt\u00f3re dok\u0142adnie  przewidzia\u0142em w moich tezach.<!--more--><br \/>\n-Powiedzcie mi, \u017ce  to nieprawda! &#8211; krzycza\u0142em w telefon do moich przyjaci\u00f3\u0142 w Warszawie.  Pe\u0142ni b\u00f3lu i rozpaczy nie powiedzieli. Pisz\u0119 o czym\u015b, co si\u0119 dokona\u0142o i  nadal nie wierz\u0119. Zaczynam ju\u017c czwarty raz i nie wiem, jak rozwin\u0105<font face=\"verdana\" size=\"2\">\u0107<\/font> ten temat. <font face=\"verdana\" size=\"2\">Unikn\u0105<\/font><font face=\"verdana\" size=\"2\">\u0107<\/font><font face=\"verdana\" size=\"2\"> bezpodstawnych podejrze\u0144, od kt\u00f3rych a\u017c roi si\u0119  \u201eulica\u201d.<\/font> Czy mamy prawo? NIE. Nie wolno nam zamienia<font face=\"verdana\" size=\"2\">\u0107<\/font> tej strasznej tragedii w polityczne  dywagacje. Z szacunku dla zmar\u0142ych Prezydent\u00f3w Kaczy\u0144skiego i  Kaczorowskiego, z szacunku dla Vice Marsza\u0142k\u00f3w Sejmu, z szacunku dla  wszystkich, kt\u00f3rzy ponie\u015bli ofiar\u0119 \u017cycia. Trwa \u015bledztwo i nikt z nas nie  ma moralnego prawa rzuca<font face=\"verdana\" size=\"2\">\u0107<\/font>  oskar\u017ce\u0144.<br \/>\nOkrutn\u0105 sfer\u0105 tego dramatu jest to, \u017ce Prezydent Kaczy\u0144ski  &#8222;musia\u0142&#8221; umrze<font face=\"verdana\" size=\"2\">\u0107<\/font>, aby\u015bmy us\u0142yszeli,  \u017ce by\u0142 wielkim cz\u0142owiekiem, patriot\u0105, wielkim m\u0119\u017cem stanu i wszystkie  te wspania\u0142e s\u0142owa, z ust tych, kt\u00f3rzy do samej &#8222;wigilii&#8221; tego  nieszcz\u0119\u015bcia kl\u0119li Go, bo vetowa\u0142, nazywali &#8222;ma\u0142ym&#8221;, skandowali &#8222;by\u0142y  prezydent Kaczy\u0144ski&#8221; (ohyda), powtarzali, jak ma\u0142py za niemieck\u0105 gazet\u0105,  &#8222;kartofel&#8221;, nazywali &#8222;Kozio\u0142kiem-Mato\u0142kiem&#8221;, (dzi\u015b Wa\u0142\u0119sa m\u00f3wi, \u017ce &#8222;nic  gorszego nie mog\u0142o nas spotka<font face=\"verdana\" size=\"2\">\u0107<\/font>&#8222;,  co za hipokryzja) i w og\u00f3le tylko Jemu przypisywali wszystko, co by\u0142o  z\u0142e, co si\u0119 nie uda\u0142o.<br \/>\nKl\u0105twa nad t\u0105 podr\u00f3\u017c\u0105 zawis\u0142a ju\u017c w dniu,  kiedy Putin zaprosi\u0142 Tuska ignoruj\u0105c Prezydenta RP; w dniu, w kt\u00f3rym  Tusk przyj\u0105\u0142 zaproszenie, ale nie upomnia\u0142 si\u0119 o udzia\u0142 w tym wydarzeniu  g\u0142owy naszego pa\u0144stwa, podkre\u015blaj\u0105c tym samym rozdzia\u0142 pomi\u0119dzy rz\u0105dem i  urz\u0119dem Prezydenta. Je\u015bli s\u0105dzi\u0142, \u017ce \u015bwiat tego nie zauwa\u017cy\u0142, &#8211; myli\u0142  si\u0119. Je\u015bli s\u0105dzi\u0142, \u017ce nie zauwa\u017cy\u0142 tego Nar\u00f3d &#8211; myli\u0142 si\u0119. Od dnia  tragedii Warszawiacy i mieszka\u0144cy wszystkich miast i wsi polskich  pokazali, jak szczerze kochali Prezydenta i Jego Ma\u0142\u017conk\u0119. Dzielili si\u0119  swoimi opiniami, niepewno\u015bciami, a jedn\u0105 z najcz\u0119\u015bciej artyku\u0142owanych  by\u0142a niepewno\u015b<font face=\"verdana\" size=\"2\">\u0107<\/font> zawarta w kr\u00f3tkim  pytaniu: co b\u0119dzie teraz z Polsk\u0105? I chocia\u017c jest przecie\u017c rz\u0105d, jest  Marsza\u0142ek pe\u0142ni\u0105cy obowiazki Prezydenta, to ludziom najzwyczajniej  brakuje Pierwszego Obywatela, brakuje G\u0142owy pa\u0144stwa. Lech Kaczy\u0144ski w  ostatnim czasie nie wdawa\u0142 si\u0119 w \u017cadne konflikty, a przez ca\u0142y okres  swojej prezydentury udowodni\u0142, \u017ce jest bezwarunkowym patriot\u0105, \u017ce Polska  jest Jego najpierwszym obowi\u0105zkiem i warto\u015bci\u0105. Maria Kaczy\u0144ska z kolei  zyskiwa\u0142a sobie coraz wi\u0119cej sympatii i uznania, za prostolinijno\u015b<font face=\"verdana\" size=\"2\">\u0107<\/font>, szczero\u015b<font face=\"verdana\" size=\"2\">\u0107<\/font>,  i wielkie serce. By\u0142a absolutnie nieudawan\u0105, pe\u0142n\u0105 ciep\u0142a Pierwsz\u0105  Dam\u0105.<br \/>\nPytanie &#8222;co teraz z Polsk\u0105&#8221; ma absolutnie sto procent podstaw  do stawiania go. Przecie\u017c nie ma opozycji, a &#8222;zast\u0105pienie&#8221; tych  wspania\u0142ych ludzi, kt\u00f3rych zabra\u0142 nam los jest wr\u0119cz niemo\u017cliwe.<br \/>\nKaty\u0144  sta\u0142 si\u0119 polskim fatum. Z czterech, tragicznych wydarze\u0144 znacz\u0105cych  polsk\u0105 histori\u0119 potwornym dramatem dwa wydarzy\u0142y si\u0119 w czasie II Wojny,  dwa w czasie pokoju. Ale maj\u0105 strasznie du\u017co ze sob\u0105 wsp\u00f3lnego:<br \/>\nGibraltar:\u00a0  &#8211; samolot i do dzi\u015b nie wyja\u015bniona \u015bmier<font face=\"verdana\" size=\"2\">\u0107<\/font>  Genera\u0142a Sikorskiego; Smole\u0144sk: samolot i niewiadomo kiedy dowiemy si\u0119  wszystkich szczeg\u00f3\u0142\u00f3w i prawdy, ale Smole\u0144sk, to Katy\u0144. I wreszcie  katastrofa lotnicza z g\u0142\u00f3wnym dow\u00f3dztwem lotnictwa: samolot, a w nim  komplet najwy\u017cszych oficer\u00f3w, zupe\u0142nie, jak w TU-154 &#8211; kwiat polityk\u00f3w, w  tym rdze\u0144 opozycji. Mn\u00f3stwo b\u0142\u0119d\u00f3w, kt\u00f3re dzi\u015b rodz\u0105 pytania. No,  w\u0142a\u015bnie, &#8211; o ile nie wolno nam rzuca<font face=\"verdana\" size=\"2\">\u0107<\/font>  oskar\u017ce\u0144 bez pokrycia, o tyle wolno nam zadawa<font face=\"verdana\" size=\"2\">\u0107<\/font> pytania i domaga<font face=\"verdana\" size=\"2\">\u0107<\/font>  sie konkretnych i wyczerpuj\u0105cych odpowiedzi i wyja\u015bnie\u0144.<br \/>\n-Przede  wszystkim dlaczego nie mo\u017cna by\u0142o postawi<font face=\"verdana\" size=\"2\">\u0107<\/font>  Putinowi stanowczego warunku: to jest polska, patriotyczna uroczysto\u015b<font face=\"verdana\" size=\"2\">\u0107<\/font> i chcemy tam by<font face=\"verdana\" size=\"2\">\u0107<\/font> w komplecie: premier i prezydent. Przyjmuj\u0105c  zaproszenie bez Prezydenta stworzono dwuznaczn\u0105 sytuacj\u0119: chcemy sobie o  czym\u015b pogada<font face=\"verdana\" size=\"2\">\u0107<\/font>, ale bez prezydenta.  Co by nie powiedzie<font face=\"verdana\" size=\"2\">\u0107<\/font>, to by\u0142o  wstr\u0119tne, niedyplomatyczne, niepatriotyczne.<br \/>\n-Dlaczego tak znamienita  delegacja polecia\u0142a jednym samolotem?<br \/>\n-Gdzie by\u0142o Biuro  Bezpiecze\u0144stwa Narodowego, \u017ceby w\u0142a\u015bnie do takiej sytuacji nie dopu\u015bci<font face=\"verdana\" size=\"2\">\u0107<\/font>?<br \/>\n-Dlaczego pilot zdecydowa\u0142 o  l\u0105dowaniu, skoro mu tego zabraniano? (je\u015bli zabraniano?)<br \/>\n-Dlaczego  samolot by\u0142 przechylony na pasem startowym?<br \/>\n-Co z tymi &#8222;dwoma  hukami&#8221;, o kt\u00f3rych m\u00f3wili \u015bwiadkowie?<br \/>\n-Jak to mo\u017cliwe, \u017ce reporter  telewizyjny widzia\u0142 spadaj\u0105cy samolot z 300 metr\u00f3w, a pilot podobno nie  widzia\u0142 na pi\u0119<font face=\"verdana\" size=\"2\">\u0107<\/font> metr\u00f3w, bo by\u0142a  mg\u0142a?<br \/>\n-Dlaczego D. Tusk nie chcia\u0142 wsi\u0105\u015b<font face=\"verdana\" size=\"2\">\u0107<\/font> do TU-154 i wzi\u0105\u0142 samolot wojskowy?<br \/>\n-Dlaczego w  og\u00f3le Tupolew by\u0142 jeszcze na wyposa\u017ceniu transportu powietrznego rz\u0105du,  zamiast goli<font face=\"verdana\" size=\"2\">\u0107<\/font> miliony m\u0119skich br\u00f3d,  jako \u017cyletki marki &#8222;go\u0142odupcew&#8221;.<br \/>\n-Zwykly GPS, za 250 dolar\u00f3w podaje  mi zjazd z autostrady na odleg\u0142o\u015b<font face=\"verdana\" size=\"2\">\u0107<\/font>  dw\u00f3ch mil, a potem zakr\u0119t z precyzj\u0105 do dziesi\u0119ciu jard\u00f3w, wi\u0119c jak to  si\u0119 sta\u0142o, \u017ce wojskowy GPS nie m\u00f3g\u0142 namierzy<font face=\"verdana\" size=\"2\">\u0107<\/font> drogi l\u0105dowania?<br \/>\nA okoliczno\u015bci? Prezydent  Kaczy\u0144ski mia\u0142 og\u0142osi<font face=\"verdana\" size=\"2\">\u0107<\/font> decyzje o  reelekcji, mia\u0142 podja<font face=\"verdana\" size=\"2\">\u0107<\/font> decyzj\u0119 w  sprawie Ustawy o IPN&#8230;<br \/>\nZ rozm\u00f3w z r\u00f3\u017cnymi ludzmi przed msz\u0105, po  mszy, w dzie\u0144 katastrofy, na drugi dzie\u0144, na Greenpoincie, przy  Katedrze, w Manhattanie wynika, \u017ce wszyscy maj\u0105 ogromnie du\u017co  w\u0105tpliwo\u015bci i pyta\u0144. Ale wynika\u0142o te\u017c, \u017ce podsk\u00f3rnie boimy si\u0119  drastycznych os\u0105d\u00f3w, skrajnych werdykt\u00f3w. I niech tak zostanie. Ale sa i  inne wnioski, na przyk\u0142ad, \u017ce PO ma tak &#8222;wysprz\u0105tane&#8221; pole, jak mia\u0142a  chyba tylko PZPR&#8230;<br \/>\nPoczekajmy. Poczekajmy na nominacj\u0119 nowego  prezesa NBP i na jego decyzje na przyk\u0142ad o przekazaniu kapita\u0142u  rz\u0105dowi, (8 miliard\u00f3w), na co nie chcia\u0142 si\u0119 zgodzi<font face=\"verdana\" size=\"2\">\u0107<\/font> \u015bp. prezes Skrzypek. Poczekajmy co stanie si\u0119 z gazem  \u0142upkowym, czy p\u00f3jdzie pod zarz\u0105dzanie Rosji, czy b\u0119dziemy go wydobywa<font face=\"verdana\" size=\"2\">\u0107<\/font> z Amerykanami. Poczekajmy, jaki los  spotka IPN. Poczekajmy, bo bardzo by\u015bmy nie chcieli, aby nowe bajki  zaczyna\u0142y si\u0119 od s\u0142\u00f3w: &#8222;Raz-Putin powiedzia\u0142 Tuskowi&#8221;&#8230; A je\u015bli moje  w\u0105tpliwo\u015bci oka\u017c\u0105 si\u0119 prawdziwe, to 20 czerwca mamy ostatni\u0105 szans\u0119, aby  ocali<font face=\"verdana\" size=\"2\">\u0107<\/font> Polsk\u0119 przed PO.<br \/>\nPi\u0119<font face=\"verdana\" size=\"2\">\u0107<\/font> lat po \u015bmierci najwiekszego Polaka,  Jana Paw\u0142a II, zgin\u0105\u0142 kolejny, wielki Polak, patriota. Cze\u015b<font face=\"verdana\" size=\"2\">\u0107<\/font> Jego pami\u0119ci. Cze\u015b<font face=\"verdana\" size=\"2\">\u0107<\/font> pami\u0119ci wszystkich, kt\u00f3rzy zgin\u0119li.<br \/>\n<strong>Dopisane 22  kwietnia, 2010:<\/strong><br \/>\nNa zagadkowo\u015b\u0107 katastrofy zwr\u00f3ci\u0142 uwag\u0119 dwa dni  temu John Hamby, rzecznik Universal Avionics Systems of Tucson &#8211;  producenta urz\u0105dzenia, zwanego Terrain Awareness and Warning System  (TAWS). TAWS zawiera skomputeryzowane mapy \u015bwiata i ostrzega pilot\u00f3w za  ka\u017cdym razem, gdy za bardzo zbli\u017c\u0105 si\u0119 do szczytu, wie\u017cy radiowej lub  innej przeszkody &#8211; a tak\u017ce w przypadku zbyt ma\u0142ej odleg\u0142o\u015bci do ziemi.  To bowiem w\u0142a\u015bnie k\u0142opoty przy l\u0105dowaniu s\u0105 najcz\u0119stsz\u0105 przyczyn\u0105  wypadk\u00f3w samolotowych. Od 2005 r. urz\u0105dzenia TAWS s\u0105 obowi\u0105zkowo  montowane we wszystkich nowo wyprodukowanych samolotach linii  komercyjnych. Je\u015bli samolot jest na zbyt ma\u0142ej wysoko\u015bci, TAWS reaguje  g\u0142o\u015bnym sygna\u0142em d\u017awi\u0119kowym. Dzi\u0119ki temu doprowadzono do <strong>ca\u0142kowitego  wyeliminowania katastrof lotniczych przy l\u0105dowaniu. <\/strong>Wystarczy  powiedzie\u0107, \u017ce od ko\u0144ca lat 90., gdy zacz\u0119to montowa\u0107 TAWS w starych i  nowych maszynach, \u017bADEN samolot z tym systemem nie uleg\u0142 katastrofie.  \u017baden &#8211; do 10 kwietnia 2010 r. Ani rosyjscy, ani polscy \u015bledczy badaj\u0105cy  spraw\u0119 katastrofy pod Smole\u0144skiem ni razu nie wspomnieli o systemie  TAWS. Nie wiadomo te\u017c, czy z zapisu czarnych skrzynek uda\u0142o si\u0119 uzyska\u0107  informacj\u0119 o aktywno\u015bci urz\u0105dzenia.<\/p>\n","protected":false},"excerpt":{"rendered":"<p>Poni\u017cszy artyku\u0142 napisa\u0142em dzie\u0144 po katastrofie i otrzyma\u0142em mn\u00f3stwo e-maili z opiniami, \u017ce jest przedwcze\u015bnie &#8222;atakuj\u0105cy&#8221; (je\u015bli zadawanie pyta\u0144 mo\u017ce by\u0107 atakowaniem&#8230;), ale, aby nie zadra\u017cnia\u0107 czasu \u017ca\u0142oby wycofa\u0142em go. Postanowi\u0142em go jednak przywr\u00f3ci\u0107, bo dziej\u0105 si\u0119 rzeczy, kt\u00f3re dok\u0142adnie przewidzia\u0142em w moich tezach.<\/p>\n","protected":false},"author":2,"featured_media":0,"comment_status":"open","ping_status":"open","sticky":false,"template":"","format":"standard","meta":[],"categories":[1,4],"tags":[],"_links":{"self":[{"href":"https:\/\/sporek.com\/blog\/index.php?rest_route=\/wp\/v2\/posts\/232"}],"collection":[{"href":"https:\/\/sporek.com\/blog\/index.php?rest_route=\/wp\/v2\/posts"}],"about":[{"href":"https:\/\/sporek.com\/blog\/index.php?rest_route=\/wp\/v2\/types\/post"}],"author":[{"embeddable":true,"href":"https:\/\/sporek.com\/blog\/index.php?rest_route=\/wp\/v2\/users\/2"}],"replies":[{"embeddable":true,"href":"https:\/\/sporek.com\/blog\/index.php?rest_route=%2Fwp%2Fv2%2Fcomments&post=232"}],"version-history":[{"count":0,"href":"https:\/\/sporek.com\/blog\/index.php?rest_route=\/wp\/v2\/posts\/232\/revisions"}],"wp:attachment":[{"href":"https:\/\/sporek.com\/blog\/index.php?rest_route=%2Fwp%2Fv2%2Fmedia&parent=232"}],"wp:term":[{"taxonomy":"category","embeddable":true,"href":"https:\/\/sporek.com\/blog\/index.php?rest_route=%2Fwp%2Fv2%2Fcategories&post=232"},{"taxonomy":"post_tag","embeddable":true,"href":"https:\/\/sporek.com\/blog\/index.php?rest_route=%2Fwp%2Fv2%2Ftags&post=232"}],"curies":[{"name":"wp","href":"https:\/\/api.w.org\/{rel}","templated":true}]}}