{"id":233,"date":"2010-04-25T13:16:29","date_gmt":"2010-04-25T17:16:29","guid":{"rendered":"http:\/\/sporek.com\/blog\/?p=233"},"modified":"2010-04-25T13:35:58","modified_gmt":"2010-04-25T17:35:58","slug":"znowu-ci-sami","status":"publish","type":"post","link":"https:\/\/sporek.com\/blog\/?p=233","title":{"rendered":"Znowu ci sami"},"content":{"rendered":"<p>Wygl\u0105da na to, \u017ce Polska nie ma szans na  jakikolwiek post\u0119p i popraw\u0119 swojej sytuacji. Je\u015bli spojrze\u0107 wstecz i  przypomnie\u0107 sobie np. &#8222;Nocn\u0105 zmian\u0119&#8221;, z pocz\u0105tk\u00f3w czerwca, 1992 roku, to  stwierdzimy, \u017ce &#8222;aktorzy&#8221; si\u0119 nie zmieniaj\u0105. <!--more-->Wa\u0142\u0119sa z grupk\u0105  poplecznik\u00f3w doszed\u0142 do wniosku, \u017ce Olszewski idzie za daleko, (cho\u0107 to  w\u0142a\u015bnie Solidarno\u015b\u0107 chcia\u0142a ko\u0144ca komunizmu, a on, z wielkim d\u0142ugopisem i  Matk\u0105 Bosk\u0105 w klapie te\u017c podobno o to walczy\u0142), postanowili pozby\u0107 sie  wprowadzaj\u0105cego dekomunizacj\u0119 premiera Olszewskiego. Kt\u00f3\u017c tam wtedy gra\u0142  w tym &#8222;filmie&#8221;? A no, wspomniany w\u0105sacz, (czy d\u0142ugopis by\u0142 potrzebny,  aby pokaza<font face=\"verdana\" size=\"2\">\u0107<\/font>, \u017ce cho<font face=\"verdana\" size=\"2\">\u0107<\/font> pisa<font face=\"verdana\" size=\"2\">\u0107<\/font>  umie&#8230;?), dalej Mazowiecki, ten od grubej kreski, Pawlak, Tusk, po  korytarzach biega\u0142 rozhisteryzowany redaktor Lis. I c\u00f3\u017c mamy dzisiaj?  Wa\u0142\u0119sa &#8211; M\u0119drzec Europy, Tusk &#8211; pierwszy minister obecnego rz\u0105du &#8211; wtedy  Wa\u0142\u0119sa nie da\u0142 mu jeszcze \u017cadnej funkcji, ale obecny wice-premier Pawlak  dosta\u0142 od Wa\u0142\u0119sy podarunek w postaci formu\u0142ki: &#8222;b\u0119dziesz premierem&#8221;.  Redaktor Lis &#8222;wyszed\u0142&#8221; na rzekomo najlepszego polskiego dziennikarza  (w\/g jakich\u015b tam wydawnictw). Wszyscy maj\u0105 si\u0119 dobrze. Sprzedali ju\u017c p\u00f3\u0142  Polski, teraz za bezcen oddaj\u0105 to, co Matka Ziemia ulokowa\u0142a pod nasz\u0105  Ojczyzn\u0105, czyli gaz z \u0142upk\u00f3w skalnych. Nawet Amerykanie oznajmiaj\u0105, \u017ce  ceny w Polsce na wydobycie tego gazu s\u0105 najta\u0144sze na \u015bwiecie, a  transakcja biznesowa niewiarygodnie korzystna w\u0142a\u015bnie dla nich,  -Amerykan\u00f3w. Wi\u0119c zn\u00f3w sprzedali\u015bmy kawa\u0142 znakomitego biznesu, ale  przede wszystkim sprzedali\u015bmy niezale\u017cno\u015b\u0107 Polski.<br \/>\nTusk b\u0119dzie nadal  pierwszym ministrem, a Pawlak i Komorowski (te\u017c z tamtych czas\u00f3w, -by\u0142  ju\u017c ministrem obrony) chc\u0105 zamieszka<font face=\"verdana\" size=\"2\">\u0107<\/font>  w Pa\u0142acu Prezydenckim. Ta\u015bma filmowa zaci\u0119\u0142a si\u0119 na roku 1992 i troszk\u0119  p\u00f3\u017aniej te\u017c. Dzi\u015b puszcza si\u0119 j\u0105 od nowa, tyle, \u017ce z mocno zmienionym  scenariuszem.<br \/>\nPolski \u015bwiat nauki i techniki dysponuje \u015brodkami  (technologi\u0105) do wydobycia najcenniejszego obecnie bogactwa naturalnego  naszego kraju, ale rz\u0105dz\u0105cy zamiast u\u017cy<font face=\"verdana\" size=\"2\">\u0107<\/font>  ten atut do wygrania jak najwi\u0119cej, gdy o pozycj\u0119 Polski chodzi, oddaj\u0105  pole i m\u00f3wi\u0105, \u017ce najlepiej b\u0119dzie mie<font face=\"verdana\" size=\"2\">\u0107<\/font>  chocia\u017c jeden procent (1%) z ameryka\u0144skich zysk\u00f3w.<br \/>\nLecha  Kaczy\u0144skiego krytykowali za walk\u0119 o Polsk\u0119, walk\u0119 o jej si\u0142\u0119,  krytykowali za nieznajomo\u015b<font face=\"verdana\" size=\"2\">\u0107<\/font> j\u0119zyk\u00f3w  itd. Teraz pozbawili Polsk\u0119 najmocniejszej karty przetargowej &#8211; gazu,  kt\u00f3ry na 120 lat m\u00f3g\u0142 uczyni<font face=\"verdana\" size=\"2\">\u0107<\/font> nasz  kraj niezale\u017cnym od nikogo. A j\u0119zyki, aby poznali? Kompleks bycia za wszelk\u0105 cen\u0119 pod czyim\u015b  zaborem jest w naszych rz\u0105dcach bezmierny, jak widok oceanu z deptaka na  Coney Island. Rechot \u015bwiata biznesu z talent\u00f3w ekonomiczno-finansowych  polskich w\u0142adc\u00f3w bolesny, jak uderzenia biczem.<br \/>\nPod spodem tych  &#8222;m\u0105drych&#8221; decyzji jest Nar\u00f3d. Wyko\u0142owany przez 20 lat wolno\u015bci,  rz\u0105dz\u0105cych i niepolskie media. Nar\u00f3d, kt\u00f3rego przedstawiciele w sejmie  stan\u0105 si\u0119 niebawem jedynie realizatorami unijnych dyrektyw. Nar\u00f3d,  kt\u00f3rego spora cz\u0119\u015b<font face=\"verdana\" size=\"2\">\u0107<\/font> ogromnie si\u0119  cieszy, bo mo\u017ce bez przeszk\u00f3d poje\u017adzi<font face=\"verdana\" size=\"2\">\u0107<\/font>  sobie po Europie.<br \/>\nI zn\u00f3w b\u0119dziemy czeka<font face=\"verdana\" size=\"2\">\u0107<\/font>  na jaki\u015b kataklizm, tragedi\u0119, jak\u0105\u015b ogromn\u0105 strat\u0119, aby by<font face=\"verdana\" size=\"2\">\u0107<\/font> z sob\u0105 przez&#8230;dwa tygodnie.<br \/>\nA mo\u017ce by tak w niewol\u0119 enegretyczn\u0105&#8230;?<\/p>\n","protected":false},"excerpt":{"rendered":"<p>Wygl\u0105da na to, \u017ce Polska nie ma szans na jakikolwiek post\u0119p i popraw\u0119 swojej sytuacji. Je\u015bli spojrze\u0107 wstecz i przypomnie\u0107 sobie np. &#8222;Nocn\u0105 zmian\u0119&#8221;, z pocz\u0105tk\u00f3w czerwca, 1992 roku, to stwierdzimy, \u017ce &#8222;aktorzy&#8221; si\u0119 nie zmieniaj\u0105.<\/p>\n","protected":false},"author":2,"featured_media":0,"comment_status":"open","ping_status":"open","sticky":false,"template":"","format":"standard","meta":[],"categories":[3],"tags":[],"_links":{"self":[{"href":"https:\/\/sporek.com\/blog\/index.php?rest_route=\/wp\/v2\/posts\/233"}],"collection":[{"href":"https:\/\/sporek.com\/blog\/index.php?rest_route=\/wp\/v2\/posts"}],"about":[{"href":"https:\/\/sporek.com\/blog\/index.php?rest_route=\/wp\/v2\/types\/post"}],"author":[{"embeddable":true,"href":"https:\/\/sporek.com\/blog\/index.php?rest_route=\/wp\/v2\/users\/2"}],"replies":[{"embeddable":true,"href":"https:\/\/sporek.com\/blog\/index.php?rest_route=%2Fwp%2Fv2%2Fcomments&post=233"}],"version-history":[{"count":0,"href":"https:\/\/sporek.com\/blog\/index.php?rest_route=\/wp\/v2\/posts\/233\/revisions"}],"wp:attachment":[{"href":"https:\/\/sporek.com\/blog\/index.php?rest_route=%2Fwp%2Fv2%2Fmedia&parent=233"}],"wp:term":[{"taxonomy":"category","embeddable":true,"href":"https:\/\/sporek.com\/blog\/index.php?rest_route=%2Fwp%2Fv2%2Fcategories&post=233"},{"taxonomy":"post_tag","embeddable":true,"href":"https:\/\/sporek.com\/blog\/index.php?rest_route=%2Fwp%2Fv2%2Ftags&post=233"}],"curies":[{"name":"wp","href":"https:\/\/api.w.org\/{rel}","templated":true}]}}