{"id":234,"date":"2010-05-09T22:28:47","date_gmt":"2010-05-10T02:28:47","guid":{"rendered":"http:\/\/sporek.com\/blog\/?p=234"},"modified":"2010-05-09T22:32:12","modified_gmt":"2010-05-10T02:32:12","slug":"234","status":"publish","type":"post","link":"https:\/\/sporek.com\/blog\/?p=234","title":{"rendered":"Czy b\u0119dzie m\u0105drzej&#8230;?"},"content":{"rendered":"<p>Mia\u0142o by\u0107 lepiej, &#8211; nie jest. Czy zatem b\u0119dzie  m\u0105drzej? To pytanie jest w\u0142a\u015bciwie konsekwencj\u0105 odpowiedzi na  poprzednie pytanie. Dlaczego nie jest lepiej? G\u0142\u00f3wnie z powodu marsza\u0142ka  sejmu, kt\u00f3ry nie maj\u0105c spo\u0142ecznego mandatu do pe\u0142nienia funkcji  prezydenta, a jedynie argumenty wynikaj\u0105ce z zapis\u00f3w konstytucyjnych  wzi\u0105\u0142 si\u0119 za pe\u0142nienie roli g\u0142owy pa\u0144stwa w spos\u00f3b do\u015b\u0107 zach\u0142anny. <!--more-->Nie  bacz\u0105c na \u017ca\u0142ob\u0119 narodow\u0105, mianowa\u0142 szefa kancelarii prezydenta,  ignoruj\u0105c pracuj\u0105cego aktywnie zast\u0119pc\u0119 zmar\u0142ego ministra Stasiaka.<br \/>\nW  wywiadzie dla Newseeka zapowiedzia\u0142, \u017ce nie ma zamiaru cacka\u0107 si\u0119 z  ustaw\u0105 o IPN-ie, czyli wype\u0142nia\u0107 plan\u00f3w tragicznie zmar\u0142ego Prezydenta  Kaczy\u0144skiego, poniewa\u017c Trybuna\u0142 Konstytucyjny nie jest miejscem na  przechowywanie ustaw, kt\u00f3re w\/g niego nie budz\u0105 zastrze\u017ce\u0144 co do  zgodno\u015bci z konstytucj\u0105. Tymczasem okazuje si\u0119, \u017ce budz\u0105 i to w oczach  konstytucjonalist\u00f3w, nie m\u00f3wi\u0105c o intelektualistach, kt\u00f3rzy nawet  wystosowali apel do p. Komorowskigo, aby tej ustawy nie podpisywa\u0142.<br \/>\nNic  by si\u0119 nie sta\u0142o, gdyby sprawa poczeka\u0142a do wybor\u00f3w i dosta\u0142a si\u0119 w  gesti\u0119 nowo-wybranego prezydenta. Zachowano by \u201etwarz\u201d, a tak wychodzi,  \u017ce Platforma albo si\u0119\u00a0 czego\u015b boi, albo w zamiataniu przesz\u0142o\u015bci pod  dywan tak si\u0119 ju\u017c zapami\u0119ta\u0142a, \u017ce IPN te\u017c chce schowa\u0107 g\u0142\u0119boko. No i  Komorowski podpisa\u0142.<br \/>\nZnalezione na \u201elotniczym cmentarzysku\u201d rzeczy  osobiste polskich ofiar, jak i urz\u0105dzenia do wysuwania podwozia,  komorowski &#8211; kandydat na prezydenta nazywa \u201eniewiele znacz\u0105cymi  sprawami\u201d. Pomijam wypowied\u017a pani Kopacz, kt\u00f3ra &#8211; nomen omen &#8211; og\u0142osi\u0142a,  \u017ce przekopano i przesiano grunt do metra w d\u00f3\u0142.<br \/>\nTymczasem  spo\u0142ecze\u0144stwo w\u0119gierskie okazuje sie by\u0107 najtrze\u017awiejsze ze wszystkich  wyzwolonych \u201edemolud\u00f3w\u201d i nie do\u015b\u0107, \u017ce pora\u017caj\u0105c\u0105 wi\u0119kszo\u015bci\u0105 g\u0142os\u00f3w  odsun\u0119\u0142a postkomunist\u00f3w od w\u0142adzy, to od nowych rz\u0105dc\u00f3w swojego kraju  \u017c\u0105da stanowczo rozliczenia ich za ca\u0142y okres pe\u0142nienia rz\u0105d\u00f3w, czyli  prawie 20 lat. Wi\u0119c ju\u017c nie wy\u0142\u0105cznie komunistyczna przesz\u0142o\u015b\u0107 z czas\u00f3w  Zwi\u0105zku zdRadzieckiego, ale rozliczenia z tego, \u017ce kraj jest zad\u0142u\u017cony, a  spo\u0142ecze\u0144stwo \u017cyje w n\u0119dzy.<br \/>\nW jednym z artyku\u0142\u00f3w w niedalekiej  przesz\u0142o\u015bci pyta\u0142em, jakie s\u0105 sposoby rozliczania ludzi z kr\u0119g\u00f3w w\u0142adzy  za b\u0142\u0119dy. W Polsce takiej odpowiedzi nie dosta\u0142em. Mam nadzieje, \u017ce  dadz\u0105 t\u0119 odpowied\u017a nasi Bratankowie od szabli i szklanki.<br \/>\nJest w  Polsce ogrom nierozliczonych afer i wyliczanie ich zaj\u0119\u0142oby zbyt du\u017co  miejsca, czy nasze spo\u0142ecze\u0144stwo sta\u0107 na otwarcie oczu i zaprzestanie  ho\u0142dowaniu teorii, \u017ce potrzebny mu jest tzw. \u201e\u015bwi\u0119ty spok\u00f3j\u201d, czy te\u017c  za\u017c\u0105da wiedzy na temat fabryki osocza, afery hazardowej, afery  oddlu\u017cenia kraju i wielu innych, kt\u00f3re przynios\u0142y pa\u0144stwu niepowetowane  straty, a personalnie ludziom ze sfer rz\u0105dz\u0105cych niebotyczne dochody.  Je\u015bli spo\u0142ecze\u0144stwo godzi si\u0119 na niekaranie korupcji to znaczy, \u017ce da\u0142o  si\u0119 omota\u0107 \u0142adnym s\u0142\u00f3wkami i zg\u0142upia\u0142o do reszty. Innego t\u0142umaczenia nie  mam. Przecie\u017c nawet gdy PiS chcia\u0142o rozlicza\u0107, to spo\u0142ecze\u0144stwo og\u00f3lnie  \u00f3w \u201e\u015bwi\u0119ty spok\u00f3j\u201d mia\u0142o. Niespokojnie czuli si\u0119 jedynie winni i  podejrzani. Ale dysponowali tak\u0105 si\u0142\u0105 medialn\u0105, \u017ce uda\u0142o im si\u0119 wm\u00f3wi\u0107  ludziom, \u017ce ich niepok\u00f3j jest r\u00f3wnie\u017c niepokojem przeci\u0119tnego  Kowalskiego.<br \/>\nSt\u0105d np. odzywka mojego przyjaciela z lat szkolnych,  kt\u00f3ry tu\u017c przed poprzednimi wyborami oznajmi\u0142 mi, \u017ce b\u0119dzie g\u0142osowa\u0142 na  Platform\u0119, bo przynajmniej \u201enikt mu o sz\u00f3stej rano nie zapuka do drzwi\u201d.  Zapyta\u0142em: &#8211; A ty masz co\u015b na sumieniu, \u017ce boisz si\u0119 o takie pukanie?<br \/>\n-Nie,  &#8211; odpar\u0142 natychmiast-, ale przecie\u017c pukali.<br \/>\nCzy jest w tym cho\u0107  odrobina logiki?<br \/>\nWyobra\u017amy sobie, \u017ce jeste\u015bmy w naszym domu  regularnie okradani. Mamy pewne podejrzenia, zg\u0142aszamy je na policji i  od tego momentu policja nachodzi podejrzanych. Czy b\u0119dziemy si\u0119 tym  niepokoi\u0107? Czy b\u0119dziemy mie\u0107 pretensje do policji, \u017ce wykonuje swoj\u0105  robot\u0119? Co\u015b z tym my\u015bleniem jest nie halo, bo sensu w nim ani za grosz.<\/p>\n<p>Id\u0105 wybory &#8211; czy b\u0119dzie m\u0105drzej&#8230;?<\/p>\n","protected":false},"excerpt":{"rendered":"<p>Mia\u0142o by\u0107 lepiej, &#8211; nie jest. Czy zatem b\u0119dzie m\u0105drzej? To pytanie jest w\u0142a\u015bciwie konsekwencj\u0105 odpowiedzi na poprzednie pytanie. Dlaczego nie jest lepiej? G\u0142\u00f3wnie z powodu marsza\u0142ka sejmu, kt\u00f3ry nie maj\u0105c spo\u0142ecznego mandatu do pe\u0142nienia funkcji prezydenta, a jedynie argumenty wynikaj\u0105ce z zapis\u00f3w konstytucyjnych wzi\u0105\u0142 si\u0119 za pe\u0142nienie roli g\u0142owy pa\u0144stwa w spos\u00f3b do\u015b\u0107 zach\u0142anny.<\/p>\n","protected":false},"author":2,"featured_media":0,"comment_status":"open","ping_status":"open","sticky":false,"template":"","format":"standard","meta":[],"categories":[4],"tags":[],"_links":{"self":[{"href":"https:\/\/sporek.com\/blog\/index.php?rest_route=\/wp\/v2\/posts\/234"}],"collection":[{"href":"https:\/\/sporek.com\/blog\/index.php?rest_route=\/wp\/v2\/posts"}],"about":[{"href":"https:\/\/sporek.com\/blog\/index.php?rest_route=\/wp\/v2\/types\/post"}],"author":[{"embeddable":true,"href":"https:\/\/sporek.com\/blog\/index.php?rest_route=\/wp\/v2\/users\/2"}],"replies":[{"embeddable":true,"href":"https:\/\/sporek.com\/blog\/index.php?rest_route=%2Fwp%2Fv2%2Fcomments&post=234"}],"version-history":[{"count":0,"href":"https:\/\/sporek.com\/blog\/index.php?rest_route=\/wp\/v2\/posts\/234\/revisions"}],"wp:attachment":[{"href":"https:\/\/sporek.com\/blog\/index.php?rest_route=%2Fwp%2Fv2%2Fmedia&parent=234"}],"wp:term":[{"taxonomy":"category","embeddable":true,"href":"https:\/\/sporek.com\/blog\/index.php?rest_route=%2Fwp%2Fv2%2Fcategories&post=234"},{"taxonomy":"post_tag","embeddable":true,"href":"https:\/\/sporek.com\/blog\/index.php?rest_route=%2Fwp%2Fv2%2Ftags&post=234"}],"curies":[{"name":"wp","href":"https:\/\/api.w.org\/{rel}","templated":true}]}}