{"id":236,"date":"2010-05-17T16:22:58","date_gmt":"2010-05-17T20:22:58","guid":{"rendered":"http:\/\/sporek.com\/blog\/?p=236"},"modified":"2010-05-17T22:52:11","modified_gmt":"2010-05-18T02:52:11","slug":"kom-promitacja-orowski","status":"publish","type":"post","link":"https:\/\/sporek.com\/blog\/?p=236","title":{"rendered":"Kom-(promitacja)-orowski"},"content":{"rendered":"<p>Po raz pierwszy tak wyra\u017anie dostrzeg\u0142em  zaskoczenie, ale i w\u015bcieklo\u015b\u0107 w oczach i na twarzy Donalda Tuska, a to  za spraw\u0105 nie-kr\u00f3lewskiego spotkania tzw. honorowego komitetu wyborczego  B. Komorowskiego, ali\u015bci zorganizowanego w kr\u00f3lewskich \u0141azienkach.<!--more--><br \/>\nTusk  chc\u0105c podkre\u015bli\u0107 swoje poparcie podarowa\u0142 Komorowskiemu szalik, kt\u00f3ry  by\u0142 pono\u0107 jego &#8211; Tuska, pami\u0119tnym trofeum po poprzednich wyborach.  Bronis\u0142aw Kandydat Komorowski wypali\u0142 po swojemu z najgrubszej rury, \u017ce  zaraz wida\u0107, i\u017c premier nie jest ani z Poznania, ani z Krakowa, skoro  sta\u0107 go na tak\u0105 szczodro\u015b\u0107. Niezwykle m\u0105dra odpowied\u017a, a najgorsze, \u017ce  Jego Wysoko\u015b\u0107 Bronis\u0142aw Kandydat Komorowski sprawia\u0142 wra\u017cenie niezwykle  ubawionego swoim poczuciem humoru i ani na moment nie pojmuj\u0105cego, \u017ce  w\u0142a\u015bnie zarzuci\u0142 Krakusom i Poznaniakom sk\u0105pstwo. Ciekaw jestem ilorazu  IQ tego kandydata. Mo\u017ce iloraz IQ powinien by\u0107 jednym z element\u00f3w zatwierdzania  kandydat\u00f3w? W ko\u0144cu inteligencja, to rzecz niezwykle w polityce  przydatna. Przy obecnie reprezentyowanym poczuciu humoru i elokwencji marsza\u0142ka \u0142atwo sobie wyobrazi\u0107 mow\u0119 powitaln\u0105 Bronis\u0142awa Prezydenta  Kmorowskiego sk\u0142adaj\u0105cego wizyt\u0119 Prezydentowi Obamie:<em> Szanowny  panie prezydencie, jest mi ogromnie mi\u0142o pozna\u0107 pana osobi\u015bcie, bo  zna\u0142em pana jedynie z mojego Elementarza, gdzie mia\u0142 pan na imi\u0119 Bambo.<\/em><br \/>\nElitarny  komitet poparcia j\u0105\u0142 si\u0119 wi\u0119c na wy\u015bcigi licytowa\u0107, kto te\u017c najbardziej  do\u0142o\u017cy rywalowi z PiS-u w imi\u0119 (&#8222;W tych trudnych chwilach b\u0105d\u017amy razem&#8221;  &#8211; (cytat z expose marsza\u0142ka Sejmu w dzie\u0144 katastrofy) i has\u0142a  wyborczego PO: &#8222;Zgoda buduje&#8221;.<br \/>\nI tak Andrzej Wajda, kolejny ju\u017c raz w  ci\u0105gu miesi\u0105ca da\u0142 dow\u00f3d, \u017ce nienawi\u015b\u0107, za\u015blepienie i kompletny brak  rozeznania w tym, co si\u0119 Polsce sta\u0142o mog\u0105 by\u0107 przypad\u0142o\u015bciami starszego  wieku, tyle, \u017ce w jego przypadku nie wierz\u0119, w &#8222;wiekowe&#8221;  przej\u0119zyczenia. A powiedzia\u0142 ni mniej, nie wi\u0119cej, \u017ce tegoroczne wybory,  to &#8222;wojna domowa&#8221;. Niebywa\u0142e to mo\u017cliwo\u015bci wielkiego sk\u0105din\u0105d rezysera, do  wypowiadania bzdur, co jedynie potwierdza mi fakt, \u017ce spora cz\u0119\u015b\u0107 jego  dorobku filmowego, to podobny be\u0142kot nie maj\u0105cy pokrycia w realiach:  Polscy \u017co\u0142nierze, jako \u0142achudry w armii napoleo\u0144skiej, czy &#8222;tatu\u015b&#8221; w  Katyniu).<br \/>\nAzali\u017c mistrzem \u0142azienkowego spotkania zosta\u0142 inny wiekowy  pan, by\u0142y minister spraw zagranicznych, tym bardziej zapluwaj\u0105cy si\u0119  przy ka\u017cdym zdaniu, im bardziej to zdanie nacechowane jest w\u015bciek\u0142o\u015bci\u0105 i  nienawi\u015bci\u0105, Tym razem dodatkowo i straszliwie wymachiwa\u0142 lew\u0105 \u0142ap\u0105 -W\u0142adys\u0142aw Profesor Bartoszewski. Upust swoim nienawistnym  uczuciom, obecny minister od czego\u015b tam w rz\u0105dzie Tuska da\u0142 w nie\u017ale  z\u0142o\u017conym zdaniu brzmi\u0105cym nast\u0119puj\u0105co:\u201eJe\u015bli Polska mia\u0142aby spa\u015b\u0107 do  rangi zainteresowania jak\u0105 w \u015bwiecie jest obdarzona Ruanda, Burundi, to  by\u0142by najlepszy argument za wybraniem cz\u0142owieka, kt\u00f3ry ma do\u015bwiadczenie  w hodowli zwierz\u0105t futerkowych, a nie ma do\u015bwiadczenia bycia ojcem czegokolwiek i czyimkolwiek\u201d.  Pomijaj\u0105c fakt, \u017ce by\u0142y szef d\/s zagranicznych obrazi\u0142  Ruand\u0119 &#8211; kraj niezwykle do\u015bwiadczony wojn\u0105 domow\u0105 i ludob\u00f3jstwem, co  stawia tego pana w rz\u0119dzie absolutnie niekompetentnych os\u00f3b w sferach  rz\u0105dowych, to przy okazji obrazi\u0142 wszystkich tych Polak\u00f3w, kt\u00f3rzy s\u0105  kawalerami i -nie daj Bo\u017ce &#8211; maj\u0105 w domu kota, albo psa. Takie  wyk\u0142adniki predyspozycji prezydenckich, jakie g\u0142osi Bartoszewski  wyci\u0105gni\u0119te s\u0105 z jakiego\u015b przed\u015bredniowiecznego lamusa i my\u015bl\u0119, \u017ce ten pan  powinien mie\u0107 raczej zakaz publicznego wypowiadania si\u0119, ni\u017c bycia  obiektem zach\u0142ystywania si\u0119 medi\u00f3w jego &#8222;zaci\u0119ciem&#8221; kabaretowym &#8211; nie  obra\u017caj\u0105c ludzi kabaret\u00f3w.<\/p>\n<p>Oczywi\u015bcie zachodz\u0105ca gwiazda  rocka, Kora, z\u017cerana przez korniki czasu, wybaczy\u0142a Kandydatowi  centusiowo-pozna\u0144sk\u0105 wpadk\u0119, ale jej wypowied\u017a jeszcze bardziej  podkre\u015bli\u0142a, \u017ce Komorowski si\u0119 po prostu waln\u0105\u0142, dok\u0142adaj\u0105c do swoich  kompromituj\u0105cych wypowiedzi t\u0119 kolejn\u0105 wsyp\u0119.<\/p>\n<p>Na  stukilkudziesi\u0119ciu &#8222;wielkich&#8221;, popieraj\u0105cych go, Komorowski otrzyma\u0142  dw\u00f3ch, kt\u00f3rzy zaprzeczyli wiod\u0105cemu has\u0142u o zgodzie, co to niby buduje, a  on sam na w\u0142asne \u017cyczenie zaryzykowa\u0142 g\u0142osy setek tysi\u0119cy Poznaniak\u00f3w i  Krakus\u00f3w. Dyplomacja pierwszej wody, ale i zak\u0142amanie te\u017c na najwy\u017cszym  poziomie. Mimo pr\u00f3\u015bb D. Tuska, aby nie wykorzystywa\u0107 katastrofy smole\u0144skiej, ani \u017ca\u0142oby do cel\u00f3w politycznych, B. Komorowski co i rusz z Tomaszem Lisem &#8222;na \u017cywo&#8221; wmawia\u0142 telewidzom, \u017ce Jaros\u0142aw Kaczy\u0144ski u\u017cywa swojej osobistej tragedii do rozgrywek politycznych. Ale konkretnego przyk\u0142adu, opr\u00f3cz be\u0142kotu swojego aparatu mowy nie przytoczy\u0142. Nie zdziwi\u0142bym si\u0119, gdyby Komorowski przegra\u0142 z&#8230;Lepperem, bo ten przynajmniej jest szczery w tym, co m\u00f3wi.<\/p>\n","protected":false},"excerpt":{"rendered":"<p>Po raz pierwszy tak wyra\u017anie dostrzeg\u0142em zaskoczenie, ale i w\u015bcieklo\u015b\u0107 w oczach i na twarzy Donalda Tuska, a to za spraw\u0105 nie-kr\u00f3lewskiego spotkania tzw. honorowego komitetu wyborczego B. Komorowskiego, ali\u015bci zorganizowanego w kr\u00f3lewskich \u0141azienkach.<\/p>\n","protected":false},"author":2,"featured_media":0,"comment_status":"open","ping_status":"open","sticky":false,"template":"","format":"standard","meta":[],"categories":[4],"tags":[],"_links":{"self":[{"href":"https:\/\/sporek.com\/blog\/index.php?rest_route=\/wp\/v2\/posts\/236"}],"collection":[{"href":"https:\/\/sporek.com\/blog\/index.php?rest_route=\/wp\/v2\/posts"}],"about":[{"href":"https:\/\/sporek.com\/blog\/index.php?rest_route=\/wp\/v2\/types\/post"}],"author":[{"embeddable":true,"href":"https:\/\/sporek.com\/blog\/index.php?rest_route=\/wp\/v2\/users\/2"}],"replies":[{"embeddable":true,"href":"https:\/\/sporek.com\/blog\/index.php?rest_route=%2Fwp%2Fv2%2Fcomments&post=236"}],"version-history":[{"count":0,"href":"https:\/\/sporek.com\/blog\/index.php?rest_route=\/wp\/v2\/posts\/236\/revisions"}],"wp:attachment":[{"href":"https:\/\/sporek.com\/blog\/index.php?rest_route=%2Fwp%2Fv2%2Fmedia&parent=236"}],"wp:term":[{"taxonomy":"category","embeddable":true,"href":"https:\/\/sporek.com\/blog\/index.php?rest_route=%2Fwp%2Fv2%2Fcategories&post=236"},{"taxonomy":"post_tag","embeddable":true,"href":"https:\/\/sporek.com\/blog\/index.php?rest_route=%2Fwp%2Fv2%2Ftags&post=236"}],"curies":[{"name":"wp","href":"https:\/\/api.w.org\/{rel}","templated":true}]}}