{"id":237,"date":"2010-05-18T01:58:19","date_gmt":"2010-05-18T05:58:19","guid":{"rendered":"http:\/\/sporek.com\/blog\/?p=237"},"modified":"2010-05-18T02:17:49","modified_gmt":"2010-05-18T06:17:49","slug":"szlachta-xxi-wieku","status":"publish","type":"post","link":"https:\/\/sporek.com\/blog\/?p=237","title":{"rendered":"Szlachta XXI wieku"},"content":{"rendered":"<p>Zgoda buduje&#8230;niezgoda rujnuje. Has\u0142o PO zamiast \u0142agodzi\u0107 atmosfer\u0119 wprowadza potworny ferment, sieje wrogo\u015b\u0107 i nadal pluje po konkurentach, w szczeg\u00f3lno\u015bci za\u015b po Jaros\u0142awie Kaczy\u0144skim. <!--more-->Spotkanie ponad stu osobowej grupy wspieraj\u0105cej Komorowskiego w \u0141azienkach zawiera\u0142o tak\u0105 dawk\u0119 pod\u0142o\u015bci i \u201ewojny\u201d, \u017ce chyba tylko \u015blepi i g\u0142usi mog\u0105 uwierzy\u0107 w dobre intencje tak Komorowskiego, Tuska, jak i ca\u0142ej Paltformy.<br \/>\nOto wypowiedzi komentator\u00f3w politycznych:<br \/>\nAndrzej Stankiewicz, z \u201eNewsweeka\u201d: &#8222;To, co opowiada\u0142 W\u0142adys\u0142aw Bartoszewski, to co opowiada\u0142 Andrzej Wajda, to s\u0105 rzeczy absolutnie niedopuszczalne. Nie ma w Polsce wojny domowej i bez wzgl\u0119du na to, kto te wybory wygra, nie b\u0119dzie \u017cadnej wojny domowej&#8221;.<br \/>\nRafa\u0142 Ziemkiewicz &#8211; \u201eRzeczpospolita\u201d: &#8222;To, co wydarzy\u0142o si\u0119 wczoraj to reanimacja Unii Demokratycznej. Wr\u00f3ci\u0142a do nas partia ludzi, kt\u00f3rzy si\u0119 uwa\u017caj\u0105 za jedyn\u0105 elit\u0119 w Polsce, ludzi, kt\u00f3rzy uwa\u017caj\u0105, \u017ce je\u017celi oni cokolwiek powiedz\u0105, to ca\u0142y nar\u00f3d tego powinien s\u0142ucha\u0107, bo oni s\u0105 &#8211; jak to uj\u0105\u0142 D. Tusk &#8211; \u201edum\u0105 szlachty polskiej\u201d, wi\u0119c ja\u015bnie panami, kt\u00f3rych nar\u00f3d niedocywilizowany s\u0142ucha\u0107 powinien&#8221;. Znamienne, \u017ce PiS przywo\u0142uje pami\u0119\u0107 i przyk\u0142ady bohater\u00f3w narodowych, kt\u00f3rzy po\u015bwi\u0119cili swoje \u017cycie Ojczy\u017anie i na ich przyk\u0142adach chce budowa\u0107 patriotyzm i umi\u0142owanie Polski. Tuskowi t\u0119skno do feudalizmu, do szlachty. Istotnie znamienne.<\/p>\n<p>Komorowski usprawiedliwia, a jak\u017ce ten be\u0142kot szlachty XXI wieku i m\u00f3wi, \u017ce niekt\u00f3rzy prelegenci \u201ewci\u0105\u017c s\u0105 zranieni tym, co us\u0142yszeli przed laty\u201d.<br \/>\nA, \u017ce intelektem i elokwencj\u0105 jednak nie grzeszy, to wysz\u0142o takie zabeb\u0142ane usprawiedliwienie: \u201eWida\u0107, \u017ce s\u0105 to zadawnione obawy, zadawnione tak\u017ce poczucie, czasami krzywdy osobistej. My\u015bl\u0119, \u017ce nie warto tego tematu rozwija\u0107\u201d.<br \/>\nPo pierwsze &#8211; c\u00f3\u017c takiego i kiedy us\u0142ysza\u0142 Wajda, co strasznego i kiedyus\u0142ysza\u0142\u00a0 Bartoszewski? Poza wszystkim pan Komorowski swoim zwyczajem informuje, \u017ce \u201enie warto tego tematu rozwija\u0107\u201d. Niedawno o\u015bwiadczy\u0142, \u017ce znajdywanie szcz\u0105tk\u00f3w samolotu, cia\u0142 ofiar na smole\u0144skim cmentarzysku, to te\u017c niewa\u017cne sprawy. Dla niego teraz wa\u017cne jest udawa\u0107 prezydenta, spieszy\u0107 si\u0119 z decyzjami.<br \/>\nIle\u017c us\u0142ysza\u0142 tragicznie zmar\u0142y Prezydent Kaczy\u0144ski? Ile\u017c us\u0142ysza\u0142 Jego brat?<br \/>\nTrudno za wspomnienie zadawnionych ran uzna\u0107 s\u0142owa Andrzeja Wajdy, wyg\u0142oszone w pozie conajmniej Hamleta, ale g\u0142osem kpi\u0105cego kabareciarza:<br \/>\n\u201eJe\u017celi ksi\u0105dz biskup przemyski m\u00f3wi &#8211; no, je\u017celi Pan B\u00f3g musia\u0142 ten samolot koniecznie zrzuci\u0107, to nie m\u00f3g\u0142 7-ego? A ja 7-ego lecia\u0142em w\u0142a\u015bnie z panem premierem. No&#8230;\u201d<br \/>\nAkurat Wajda by\u0142 w przesz\u0142o\u015bci bardzo skrzywdzony. \u015awi\u0119ta krowa wyhodowana na komunistycznym cycku, kt\u00f3remu nikt marnego s\u0142owa nie powiedzia\u0142 po reformacji. Ale w\/g Marsza\u0142ka Komorowskiego on ma \u201ezadawnione krzywdy\u201d. C\u00f3\u017c za hipokryzja&#8230;<br \/>\nA kiedy biskup przemyski wypowiedzia\u0142 te s\u0142owa? NIGDY!!!<br \/>\nTrudno si\u0119 dziwi\u0107, \u017ce reakcj\u0105 by\u0142o natychmiastowe \u017c\u0105danie od Wajdy sprostowania i Komunikat Kurii Metropolitalnej w Przemy\u015blu:<br \/>\n\u201eTego rodzaju nieodpowiedzialna wypowied\u017a Cz\u0142onka Komitetu Honorowego jest niegodna ludzi kultury politycznej (&#8230;) Fa\u0142szywie przedstawia nauczanie przemyskich Ksi\u0119\u017cy Biskup\u00f3w, kt\u00f3rzy, jak s\u0142yszeli\u015bmy to wielokrotnie, z wielk\u0105 trosk\u0105 i b\u00f3lem wypowiadali si\u0119 na temat tragedii pod Smole\u0144skiem.\u201d<br \/>\nOczywi\u015bcie do gry wr\u00f3ci\u0142 Palikot, a jak\u017ce i na swoim blogu oznajmi\u0142, jak na filozofa przysta\u0142o: \u201ePRZESTA\u0143MY P\u0141ACI\u0106 ABONAMENT, je\u017celi jeszcze z jakiego\u015b powodu p\u0142acili\u015bmy. Dzisiejsza TVP nie ma tak\u017ce nic wsp\u00f3lnego z innym poj\u0119ciem \u201epubliczny\u201d.<br \/>\nW domach publicznych dostaje si\u0119 to za co si\u0119 p\u0142aci. Za TVP si\u0119 p\u0142aci, ale dostaje co\u015b, czego nie chce si\u0119 s\u0142ysze\u0107, oglada\u0107, czy uczestniczy\u0107\u201d.<br \/>\nAtak platformerskiego \u201esta\u0144czyka\u201d na telewizj\u0119 publiczn\u0105 stawia definitywn\u0105 kropk\u0119 nad \u201ei\u201d, je\u015bli chodzi o zamkni\u0119cie niezale\u017cnych \u017ar\u00f3de\u0142 informacji dla spo\u0142ecze\u0144stwa. Filozof Palikot wypowiada si\u0119 w imieniu ca\u0142ego spo\u0142ecze\u0144stwa, kt\u00f3re miesi\u0105c temu da\u0142o wyraz oburzenia w stosunku do preferowanych przez niego medi\u00f3w za k\u0142amstwa, manipulowanie opini\u0105 publiczn\u0105 i ca\u0142e to b\u0142oto, kt\u00f3rym karmiono je, bo zgodzi\u0142o si\u0119 na \u201espok\u00f3j i mi\u0142o\u015b\u0107\u201d. Elita atakuje, wracaj\u0105 czasy starego, &#8222;dobrego&#8221; komunizmu-zamordyzmu. Tylko r\u00f3\u017cnica mi\u0119dzy obecnie panuj\u0105c\u0105 \u201eszlacht\u0105\u201d, a tamtymi kacykami jest taka, \u017ce \u201etamci\u201d przynajmniej czego\u015b si\u0119 bali. Wbrew pozorom byli w du\u017cym strachu, aby nie pope\u0142ni\u0107 b\u0142\u0119du typu dwie wille, dwa samochody itp. Chcieli zachowa\u0107 pozory. Oni z za\u0142o\u017cenia trzymali cenzur\u0119, z za\u0142o\u017cenia chcieli mie\u0107 spo\u0142ecze\u0144stwo wymanipulowane i zakneblowane. Obecna \u201eszlachta\u201d ogranicza w imi\u0119 demokracji, k\u0142amie w imi\u0119 og\u00f3lnego \u201edobra\u201d i \u201erozwoju Polski w duchu europejskim\u201d<br \/>\nMamy wi\u0119c \u201ezgod\u0119, co buduje\u201d, tyle \u017ce budowniczy do luftu.<\/p>\n","protected":false},"excerpt":{"rendered":"<p>Zgoda buduje&#8230;niezgoda rujnuje. Has\u0142o PO zamiast \u0142agodzi\u0107 atmosfer\u0119 wprowadza potworny ferment, sieje wrogo\u015b\u0107 i nadal pluje po konkurentach, w szczeg\u00f3lno\u015bci za\u015b po Jaros\u0142awie Kaczy\u0144skim.<\/p>\n","protected":false},"author":2,"featured_media":0,"comment_status":"open","ping_status":"open","sticky":false,"template":"","format":"standard","meta":[],"categories":[4],"tags":[],"_links":{"self":[{"href":"https:\/\/sporek.com\/blog\/index.php?rest_route=\/wp\/v2\/posts\/237"}],"collection":[{"href":"https:\/\/sporek.com\/blog\/index.php?rest_route=\/wp\/v2\/posts"}],"about":[{"href":"https:\/\/sporek.com\/blog\/index.php?rest_route=\/wp\/v2\/types\/post"}],"author":[{"embeddable":true,"href":"https:\/\/sporek.com\/blog\/index.php?rest_route=\/wp\/v2\/users\/2"}],"replies":[{"embeddable":true,"href":"https:\/\/sporek.com\/blog\/index.php?rest_route=%2Fwp%2Fv2%2Fcomments&post=237"}],"version-history":[{"count":0,"href":"https:\/\/sporek.com\/blog\/index.php?rest_route=\/wp\/v2\/posts\/237\/revisions"}],"wp:attachment":[{"href":"https:\/\/sporek.com\/blog\/index.php?rest_route=%2Fwp%2Fv2%2Fmedia&parent=237"}],"wp:term":[{"taxonomy":"category","embeddable":true,"href":"https:\/\/sporek.com\/blog\/index.php?rest_route=%2Fwp%2Fv2%2Fcategories&post=237"},{"taxonomy":"post_tag","embeddable":true,"href":"https:\/\/sporek.com\/blog\/index.php?rest_route=%2Fwp%2Fv2%2Ftags&post=237"}],"curies":[{"name":"wp","href":"https:\/\/api.w.org\/{rel}","templated":true}]}}