{"id":238,"date":"2010-05-20T03:39:15","date_gmt":"2010-05-20T07:39:15","guid":{"rendered":"http:\/\/sporek.com\/blog\/?p=238"},"modified":"2010-05-20T09:53:07","modified_gmt":"2010-05-20T13:53:07","slug":"wybory-w-psfuk","status":"publish","type":"post","link":"https:\/\/sporek.com\/blog\/?p=238","title":{"rendered":"Wybory w PSFUK"},"content":{"rendered":"<p>Nie od dzi\u015b wiadomo, \u017ce \u017caden scenarzysta, czy pisarz  nie by\u0142by w stanie wymy\u015ble\u0107 takiego scenariusza, jaki czasem pisze  \u017cycie. Straszliwa katastrofa pod Smole\u0144skiem przyspieszy\u0142a w Polsce  wybory prezydenckie i ni st\u0105d, ni zow\u0105d data wybor\u00f3w w Polsce zbieg\u0142a  si\u0119 z dat\u0105 wybor\u00f3w do rady dyrektor\u00f3w Polsko-S\u0142owia\u0144skiej Federalnej  Unii Kredytowej. <!--more-->Poniewa\u017c \u017cyjemy i mieszkamy w USA wybory prezydenckie  obowi\u0105zuj\u0105 nas na dzie\u0144 przed wyborami w Polsce, czyli w sobot\u0119, 19  czerwca, a \u017cycie tak jako\u015b pokierowa\u0142o losami wybor\u00f3w, \u017ce gdy w Polsce  nasi rodacy p\u00f3jd\u0105 do urn, my b\u0119dziemy uczestniczy\u0107 w walnym zebraniu  Unii Kredytowej, na kt\u00f3rym og\u0142oszone zostan\u0105 wyniki wybor\u00f3w do rady  dyrektor\u00f3w. Dziwny zbieg okoliczno\u015bci, ale, jak wszystkie zrz\u0105dzenia  losu i to trzeba przyj\u0105\u0107. Jak to wygl\u0105da teraz? Ot\u00f3\u017c mamy 15 kandydat\u00f3w;  siedmioro z nominacji, o\u015bmioro z petycji podpisanych przez cz\u0142onk\u00f3w.  Troje spo\u015br\u00f3d &#8222;pi\u0119tnastki&#8221;, to dyrektorzy z tzw. sta\u017cem w radzie &#8211;  minimum jednej kadencji, ale jest i jeden, kt\u00f3ry w tej radzie zasiada  ju\u017c od 1998 roku. Ja si\u0119 nieraz zastanawia\u0142em, co tak trzyma tych  dyrektor\u00f3w w tej radzie, \u017ce przez tyle lat chc\u0105 spo\u0142ecznie w niej  pracowa\u0107. No, ale nie b\u0119d\u0119 si\u0119 nad tym rozwodzi\u0142. Teraz wa\u017cne jest to,  co zadecyduj\u0105 wyborcy, czyli Cz\u0142onkowie, wsp\u00f3\u0142w\u0142a\u015bciciele naszego banku.<br \/>\nUnia  ma si\u0119 dobrze. Pierwsze w historii jej instnienia dywidendy specjalne  zosta\u0142y wyp\u0142acone i cho\u0107 nie wszyscy s\u0105 z tego zadowoleni do ko\u0144ca, to  jednak pocz\u0105tek zosta\u0142 zrobiony. Teraz b\u0119dziemy wiedzie\u0107, jakim kluczem  rozwi\u0105zywa\u0107 ten problem, ile przeznacza\u0107 na to pieni\u0119dzy. Celowo u\u017cy\u0142em  okre\u015blenia &#8222;specjalne&#8221;, bo te zwyk\u0142e dywidendy &#8211; odsetki naliczane s\u0105  ka\u017cdego dnia, ka\u017cdego miesi\u0105ca. Mo\u017cna to doskonale sprawdza\u0107 w  bankowo\u015bci Internetowej, czy wpisach w ksi\u0105\u017ceczkach oszcz\u0119dno\u015bciowych.  My\u015bl\u0119, \u017ce nast\u0119pnym krokiem powinno by\u0107 rozwa\u017cenie cho\u0107by minimalnego  podwy\u017cszenia oprocentowania. Na pewno b\u0119dziemy si\u0119 stara\u0107 jak najlepiej  s\u0142u\u017cy\u0107 polonijnem spo\u0142eczno\u015bci. Odbywaj\u0105 si\u0119 teraz spotkania z  kandydatami. W minion\u0105 niedziel\u0119 mia\u0142o miejsce drugie chyba z kolei i  musz\u0119 przyzna\u0107, \u017ce poczu\u0142em si\u0119 potwornie rozczarowany poziomem dyskusji  i argument\u00f3w. Na przyk\u0142ad kandydatka Beata Jakubowska ma problem, czy i  ile dostaj\u0119 za moje piatkowe pi\u0119ciominut\u00f3wki w US Polsat; &#8211; a co to ma  wsp\u00f3lnego z tym, \u017ce p. Jakubowska chce wej\u015b\u0107 do rady dyrektor\u00f3w? Jaki\u015b  facet, kt\u00f3ry si\u0119 nie przedstawi\u0142 te\u017c ma problem, \u017ce nie podobaj\u0105 mu si\u0119  tematy, o kt\u00f3rych m\u00f3wi\u0119, ale poszed\u0142 jeszcze dalej, bo zarzuci\u0142 mi, \u017ce  robi\u0119 -cytuj\u0119: &#8222;jakie\u015b koncerty, gdzie graj\u0105 na skrzypeczkach&#8221;. Mam dla  niego prosta odpowied\u017a: Po co ogl\u0105da te moje pi\u0105tkowe pi\u0119\u0107 minut i\u00a0 po  co czyta afisze, na kt\u00f3rych anonsuj\u0119 &#8222;koncerty na skrzypeczkach&#8221;?  Przecie\u017c nie ma przymusu.<br \/>\nPani Wierzbowska oczywi\u015bcie starym swoim  zwyczajem oskar\u017ca\u0142a obecnego prezesa RD o wydawanie pieni\u0119dzy  cz\u0142onkowskich, oskar\u017ca\u0142a CPS o zamykanie program\u00f3w, ale ju\u017c zapomnia\u0142a,  \u017ce g\u0142osowa\u0142a za wstrzymaniem sk\u0142adek dla Centrum. W og\u00f3le ta pani  wygadywa\u0142a niesamowite g\u0142upstwa, a to jej ci\u0105g\u0142e podkre\u015blanie swojej  spo\u0142ecznikowskiej misji i po\u015bwi\u0119cenia dla Polonii robi si\u0119 nudnawe,  szczerze m\u00f3wi\u0105c. Poniewa\u017c na temat swoich plan\u00f3w, za\u0142o\u017ce\u0144 i cel\u00f3w, jako  kandydatka do ponownego wyboru niewiele mia\u0142a do powiedzenia, podj\u0119\u0142a z  ch\u0119ci\u0105 temat Centrum i tak na zmian\u0119 z pani\u0105 Jakubowsk\u0105 o tym Centrum  gl\u0119dzi\u0142y i cho\u0107 nie by\u0142o z Centrum ani pani prezes, ani wice-prezesa,  ani dyrektora wykonawczego, zatem nikogo, kto m\u00f3g\u0142by podj\u0105\u0107 si\u0119  odpowiedzi na pytania, czy broni\u0107 przed zarzutami dyskutanci poszli w t\u0119  w\u0142asnie stron\u0119. I szli w zaparte. Kandydaci do rady dyrektor\u00f3w Unii  siedzieli, jak na tureckim kazaniu, bo nikt ich na dobr\u0105 spraw\u0119 nie  zapyta\u0142 o nic. Prowadz\u0105cy zebranie p. Jacek B\u0105kowski robi\u0142 co m\u00f3g\u0142, aby  skierowa\u0107 dyskusj\u0119 na sprawy banku, a ludziska ci\u0119giem o Centrum. To nie  jest \u015bmieszne, bo poziom tych dyskusji by\u0142 momentami tak \u017cenuj\u0105cy, \u017ce  a\u017c zatyka\u0142o. Po zebraniu doszed\u0142em do wniosku, \u017ce ci kandydaci, kt\u00f3rzy  nie przyszli podj\u0119li chyba s\u0142uszn\u0105 decyzj\u0119, bo by\u0142o to stracone  popo\u0142udnie. A szkoda, bo wida\u0107, \u017ce po\u015br\u00f3d kandydat\u00f3w jest kilka  ciekawych os\u00f3b i dobrze by\u0142oby pos\u0142ucha\u0107, jak odpowiadaliby na rozs\u0105dne  pytania z sali. Mo\u017ce jeszcze bed\u0105 mieli okazj\u0119.<\/p>\n","protected":false},"excerpt":{"rendered":"<p>Nie od dzi\u015b wiadomo, \u017ce \u017caden scenarzysta, czy pisarz nie by\u0142by w stanie wymy\u015ble\u0107 takiego scenariusza, jaki czasem pisze \u017cycie. Straszliwa katastrofa pod Smole\u0144skiem przyspieszy\u0142a w Polsce wybory prezydenckie i ni st\u0105d, ni zow\u0105d data wybor\u00f3w w Polsce zbieg\u0142a si\u0119 z dat\u0105 wybor\u00f3w do rady dyrektor\u00f3w Polsko-S\u0142owia\u0144skiej Federalnej Unii Kredytowej.<\/p>\n","protected":false},"author":2,"featured_media":0,"comment_status":"open","ping_status":"open","sticky":false,"template":"","format":"standard","meta":[],"categories":[3],"tags":[],"_links":{"self":[{"href":"https:\/\/sporek.com\/blog\/index.php?rest_route=\/wp\/v2\/posts\/238"}],"collection":[{"href":"https:\/\/sporek.com\/blog\/index.php?rest_route=\/wp\/v2\/posts"}],"about":[{"href":"https:\/\/sporek.com\/blog\/index.php?rest_route=\/wp\/v2\/types\/post"}],"author":[{"embeddable":true,"href":"https:\/\/sporek.com\/blog\/index.php?rest_route=\/wp\/v2\/users\/2"}],"replies":[{"embeddable":true,"href":"https:\/\/sporek.com\/blog\/index.php?rest_route=%2Fwp%2Fv2%2Fcomments&post=238"}],"version-history":[{"count":0,"href":"https:\/\/sporek.com\/blog\/index.php?rest_route=\/wp\/v2\/posts\/238\/revisions"}],"wp:attachment":[{"href":"https:\/\/sporek.com\/blog\/index.php?rest_route=%2Fwp%2Fv2%2Fmedia&parent=238"}],"wp:term":[{"taxonomy":"category","embeddable":true,"href":"https:\/\/sporek.com\/blog\/index.php?rest_route=%2Fwp%2Fv2%2Fcategories&post=238"},{"taxonomy":"post_tag","embeddable":true,"href":"https:\/\/sporek.com\/blog\/index.php?rest_route=%2Fwp%2Fv2%2Ftags&post=238"}],"curies":[{"name":"wp","href":"https:\/\/api.w.org\/{rel}","templated":true}]}}