{"id":239,"date":"2010-05-26T00:14:41","date_gmt":"2010-05-26T04:14:41","guid":{"rendered":"http:\/\/sporek.com\/blog\/?p=239"},"modified":"2010-05-26T00:24:19","modified_gmt":"2010-05-26T04:24:19","slug":"co-jest-wazne-dla-po","status":"publish","type":"post","link":"https:\/\/sporek.com\/blog\/?p=239","title":{"rendered":"Co jest wa\u017cne dla PO?"},"content":{"rendered":"<p><font face=\"verdana\" size=\"2\">Chcia\u0142em pisa\u0107 o kampanii wyborczej w Uii Kredytowej, ale po tym, jak mi kto\u015b \u017cyczliwy przeczyta\u0142 przez telefon &#8222;odpowiednie&#8221; dla mnie fragmenty wywiadu z jak\u0105\u015b pust\u0105 bab\u0105 w pewnym p\u00f3\u0142nocno-biegunowym szmat\u0142awcu, wspieranym sk\u0105dnin\u0105d przez pewnego zacnego biznesmena z Wielkiego Jab\u0142ka, stwierdzilem, \u017ce szkoda czasu. <!--more-->Skupi\u0119 si\u0119 na Ojczy\u017anie. Wi\u0119c co jest wa\u017cne dla PO? Wyniki \u015bledztwa w\/s katastrofy w Smole\u0144sku? Nie, na pewno nie. Odnosz\u0119 wra\u017cenie, \u017ce nawet wa\u017cniejsze to jest dla w\u0142adz rosyjskich, cho\u0107by dla zachowania twarzy, ni\u017c dla rz\u0105dz\u0105cej naszym krajem partii, kt\u00f3ra przyzwyczai\u0142a si\u0119 przez te lata rz\u0105dzenia, \u017ce nar\u00f3d mo\u017cna wodzi\u0107 za nos.<br \/>\nPow\u00f3d\u017a? Chyba nie za bardzo. &#8222;Pierwsza odpowied\u017a si\u0119 liczy&#8221;, jakby powiedzieli w Wielkiej Grze. A PeO-wski kandydat na prezydenta wyra\u017anie oznajmi\u0142, \u017ce &#8222;woda ma to do siebie, \u017ce wzbiera, potem opada&#8221;.<br \/>\nSpokojna kampania wyborcza? Te\u017c chyba nie. &#8222;To wojna domowa&#8221; -powiedzia\u0142 przecie\u017c jeden z najwybitniejszych wspieraczy szlachetnie urodzonego p. Komorowskiego.<br \/>\nGaz \u0142upkowy? &#8211; A sk\u0105d\u017ce! Najlepiej, jak si\u0119 tym zajm\u0105 Amerykanie. Odpal\u0105 nam jeden procent i niech si\u0119 nar\u00f3d cieszy. Du\u017co lepiej uzale\u017cni\u0107 si\u0119 od Rosji, a jeszcze lepiej na kilkadziesi\u0105t lat. Gaz \u0142upkowy to b\u0119dzie jeden z tzw. megaprzekr\u0119t\u00f3w.<br \/>\nA mo\u017ce Polska jest dla PO wa\u017cna? No, nie, bez \u017cart\u00f3w. Nie mo\u017cna Rosjanom odebra\u0107 \u015bledztwa, bo to by\u0142by policzek&#8230; Co z tego, \u017ce ponad 90% sondowanych \u017c\u0105da powo\u0142ania mi\u0119dzynarodowej komisji. Co z tego, \u017c\u0119 zgin\u0105\u0142 Prezydent, \u017ce zgin\u0105\u0142 kwiat polskich polityk\u00f3w? Nie wolno dra\u017cni\u0107 Kremla. <\/font><\/p>\n<p><font face=\"verdana\" size=\"2\">Religia? Eee, gdzie tam? Przecie\u017c wszystko, co religijne, to ju\u017c mocherowe, g\u0142upie i niewarte partnerstwa. Dzi\u015b &#8222;elita&#8221; mo\u017ce m\u00f3wi\u0107 co chce i dalej jest najm\u0105drzejsza. Jak kto\u015b m\u00f3wi nie po my\u015bli, to jest psychopat\u0105 i prostakiem. Czekam na ci\u0105g dalszy filmu &#8222;Solidarni 2010&#8221;. Bo to jest o zwyklych ludziach i ich odczuciach. Nie lubie okre\u015blenia &#8222;prawdziwy Polak&#8221;, -wszyscy jeste\u015bmy prawdziwymi Polakami. Mamy tylko r\u00f3\u017cne spojrzenia na to, co dzieje si\u0119 w Ojczy\u017anie. <\/font><\/p>\n<p><font face=\"verdana\" size=\"2\">Patriotyzm? Chyba id\u0119 za daleko. Komorowski dopiero teraz odwiedzi\u0142 Muzeum Powstania i bredzi\u0142 o przyw\u0142aszczaniu historii przez PiS. Czy kto\u015b mu zabrania\u0142 wst\u0119pu do tego wielopi\u0119trowego pomnika Powstania Warszawskiego, czy poczucie<br \/>\npatriotyzmu by\u0142o w nim za ma\u0142e? A te zagrywki dla WSI i z WSI&#8230;? Ej, panie hrabio&#8230;<br \/>\nWygl\u0105da na to, \u017ce powinni\u015bmy sobie, jako spo\u0142ecze\u0144stwo wymy\u015ble\u0107 nowe marzenia. Marzyli\u015bmy, \u017ceby szlag trafi\u0142 komunizm i marzyli\u015bmy o dziurze w ruskim bucie. Wydawa\u0142o si\u0119 nam, \u017ce przez t\u0119 dziur\u0119 uciekli\u015bmy. Marzenie si\u0119 spe\u0142ni\u0142o, ale niestety, nie uciekli\u015bmy daleko. Lechu wymy\u015bli\u0142, \u017c\u0119 najlepszym prezydentem b\u0119dzie \u015bwietnie przygotowany w ZSRR facet w generalskiej czapce i ciemnych okularach. Potem tak si\u0119 Lechu wyg\u0142upia\u0142, \u017ce nar\u00f3d wybra\u0142 postkomunist\u0119, bo Lecha mia\u0142 powy\u017cej dziurek w nosie.<br \/>\nWi\u0119c oczym marzy\u0107? A mo\u017ce o tym, co zafundowali sobie W\u0119grzy? \u017beby przyszed\u0142 czas, gdy w\u0142adz\u0119 b\u0119dzie si\u0119 rozlicza\u0142o za b\u0142\u0119dy i zaniedbania konsekwencjami prawno-karnymi, a nie tylko tym, \u017ce si\u0119 jej nie wybierze ponownie. Rzecz w tym, \u017ce takie ustawy winien wprowadzi\u0107 sejm. Podobno jest przepowiednia, \u017ce naszego sejmu Wis\u0142a nie zaleje &#8211; wa\u0142y tam pono\u0107 najwi\u0119ksze.<br \/>\nCzy s\u0105 mo\u017ce ch\u0119tni do zawi\u0105zania komitetu wspierania Jaros\u0142awa Kaczy\u0144skiego? Dzwo\u0144cie Pa\u0144stwo, co\u015b trzeba zrobi\u0107. Przypominam, \u017ce powsta\u0142 ju\u017c Klub Gazety Polskiej &#8211; jest nas kilkoro, czekamy na dalszych sympatyk\u00f3w tego znakomitego<br \/>\ntygodnika. A co si\u0119 tyczy powodzi, to jutro, czyli w \u015brod\u0119 -ups, to ju\u017c dzi\u015b -postawi\u0119 wniosek na zebraniu Rady Dyrektor\u00f3w, aby otworzy\u0107 specjalne konto w Unii Kredytowej, na kt\u00f3re b\u0119dzie mo\u017cna wp\u0142aca\u0107 pieni\u0105dze dla powodzian.<br \/>\nPolska i Polacy s\u0105 ci\u0105gle najwa\u017cniejsi.<\/font><\/p>\n","protected":false},"excerpt":{"rendered":"<p>Chcia\u0142em pisa\u0107 o kampanii wyborczej w Uii Kredytowej, ale po tym, jak mi kto\u015b \u017cyczliwy przeczyta\u0142 przez telefon &#8222;odpowiednie&#8221; dla mnie fragmenty wywiadu z jak\u0105\u015b pust\u0105 bab\u0105 w pewnym p\u00f3\u0142nocno-biegunowym szmat\u0142awcu, wspieranym sk\u0105dnin\u0105d przez pewnego zacnego biznesmena z Wielkiego Jab\u0142ka, stwierdzilem, \u017ce szkoda czasu.<\/p>\n","protected":false},"author":2,"featured_media":0,"comment_status":"open","ping_status":"open","sticky":false,"template":"","format":"standard","meta":[],"categories":[1,3],"tags":[],"_links":{"self":[{"href":"https:\/\/sporek.com\/blog\/index.php?rest_route=\/wp\/v2\/posts\/239"}],"collection":[{"href":"https:\/\/sporek.com\/blog\/index.php?rest_route=\/wp\/v2\/posts"}],"about":[{"href":"https:\/\/sporek.com\/blog\/index.php?rest_route=\/wp\/v2\/types\/post"}],"author":[{"embeddable":true,"href":"https:\/\/sporek.com\/blog\/index.php?rest_route=\/wp\/v2\/users\/2"}],"replies":[{"embeddable":true,"href":"https:\/\/sporek.com\/blog\/index.php?rest_route=%2Fwp%2Fv2%2Fcomments&post=239"}],"version-history":[{"count":0,"href":"https:\/\/sporek.com\/blog\/index.php?rest_route=\/wp\/v2\/posts\/239\/revisions"}],"wp:attachment":[{"href":"https:\/\/sporek.com\/blog\/index.php?rest_route=%2Fwp%2Fv2%2Fmedia&parent=239"}],"wp:term":[{"taxonomy":"category","embeddable":true,"href":"https:\/\/sporek.com\/blog\/index.php?rest_route=%2Fwp%2Fv2%2Fcategories&post=239"},{"taxonomy":"post_tag","embeddable":true,"href":"https:\/\/sporek.com\/blog\/index.php?rest_route=%2Fwp%2Fv2%2Ftags&post=239"}],"curies":[{"name":"wp","href":"https:\/\/api.w.org\/{rel}","templated":true}]}}