{"id":24,"date":"2007-08-12T20:36:08","date_gmt":"2007-08-13T00:36:08","guid":{"rendered":"http:\/\/sporek.com\/blog\/?p=24"},"modified":"2007-09-22T12:42:33","modified_gmt":"2007-09-22T16:42:33","slug":"polska-po-latach-odc-4","status":"publish","type":"post","link":"https:\/\/sporek.com\/blog\/?p=24","title":{"rendered":"Polska po latach. Odc. 4"},"content":{"rendered":"<p goog_ds_charIndex=\"33\"><span goog_ds_charIndex=\"34\" style=\"font-family: Arial\" lang=\"PL\">Wybra\u0142em si\u0119 do ojczyzny po czterech latach i jak zwykle oczekiwa\u0142em szokuj\u0105cych zjawisk, jak wtedy, gdy lecia\u0142em tam pierwszy raz po trzynastu latach. Szoku nie by\u0142o. Mo\u017ce tylko niekt\u00f3re centra handlowe zadziwi\u0142y mnie ameryka\u0144skim rozmachem, mo\u017ce Polacy zrobili si\u0119 barwniejsi, weselsi. <\/span><span goog_ds_charIndex=\"326\" style=\"font-family: Arial\" lang=\"PL\">Ale&#8230;Pobyt w mojej ukochanej Rajczy, to zawsze ogrome podwy\u017cszenie adrenaliny. Tu jest wszystko, co by\u0142o \u015bwiadkiem mojego dzieci\u0144stwa; przede wszystkim rodzinny dom, w kt\u00f3rego pokoju przyszli\u015bmy na ten zwariowany \u015bwiat. W tym pokoju i na tych samych, nigdy nie wymienionych \u0142\u00f3\u017ckach \u015bpi\u0119 teraz, kiedykolwiek tam przyjad\u0119.<!--more--><\/span><\/p>\n<p goog_ds_charIndex=\"33\"><span goog_ds_charIndex=\"326\" style=\"font-family: Arial\" lang=\"PL\"><\/span><span goog_ds_charIndex=\"655\" style=\"font-family: Arial\" lang=\"PL\">Moja serdeczna przyjaci\u00f3\u0142ka z telewizji katowickiej, <\/span><span goog_ds_charIndex=\"712\" style=\"font-family: Arial\" lang=\"PL\">Dagmara Drzazga<\/span><span goog_ds_charIndex=\"731\" style=\"font-family: Arial\" lang=\"PL\">, kt\u00f3ra odwiedzi\u0142a mnie razem ze swoimi dwoma kolegami, Mietkiem Chudzikiem, znakomitym operatorem i Zdzisiem S\u0142u\u017cy\u0144skim, kierownikiem d\/s produkcji, zajrza\u0142a tylko na dwie minuty do tego pokoju i stwierdzi\u0142a, \u017ce jest to po prostu pok\u00f3j-historia. Zaledwie dwuminutowy pobyt w tym pokoju zrobi\u0142 na niej niezwyk\u0142e wra\u017cenie. <\/span><span goog_ds_charIndex=\"1057\" style=\"font-family: Arial\" lang=\"PL\">Daga jest re\u017cyserk\u0105, laureatk\u0105 Grand Prix jednego ze \u015bwiatowych festiwali film\u00f3w dokumentalnych, &#8211; \u015bwietny re\u017cyser, naprawd\u0119. Uwielbiam pods\u0142uchiwa<span goog_ds_charIndex=\"1207\" class=\"postbody\">\u0107<\/span>, kiedy ustala z\u00a0Mieciem szczeg\u00f3\u0142y filmowania, obserwowa<span goog_ds_charIndex=\"1268\" class=\"postbody\">\u0107<\/span>, jak patrzy na miejsca, kt\u00f3re b\u0119d\u0105 filmowane. Jest cholernie tw\u00f3rcza, a ja uwielbiam ludzi tw\u00f3rczych. Daga w\u0142a\u015bnie rozpocz\u0119\u0142a w Nowym Jorku prac\u0119 nad kr\u00f3tkomatra\u017cowym filmem o mnie, a potem doko\u0144czy\u0142 Filip Kapsa, r\u00f3wnie\u017c m\u00f3j wspania\u0142y przyjaciel, dzi\u015b mieszkaj\u0105cy w Phoenix, w Arizonie i tam pracuj\u0105cy w telewizji ameryka\u0144skiej.\u00a0 Podobne refleksje i fanastyczne cztery godziny prze\u017cy\u0142em i u\u015bwiadamia\u0142em sobie, gdy dziewi\u0119<span goog_ds_charIndex=\"1695\" class=\"postbody\">\u0107 lat temu przyjecha\u0142a do mojego studia ameryka\u0144ska re\u017cyserka, Sascha Oster, aby przeprowadzi\u0107 ze mn\u0105 wst\u0119pn\u0105 rozmow\u0119 o filmie, kt\u00f3ry robi\u0142a i muzyce, kt\u00f3r\u0105 po prostu chcia\u0142a ode mnie. <\/span><\/span><\/p>\n<p goog_ds_charIndex=\"1884\"><span goog_ds_charIndex=\"1885\" class=\"postbody\"><span goog_ds_charIndex=\"1886\" style=\"font-family: Arial\" lang=\"PL\">Wr\u00f3\u0107my do Rajczy. Niestety, opr\u00f3cz domu rodzinnego jest tam rodzinny grobowiec. Ojciec spocz\u0105\u0142 w nim, kiedy my &#8211; Bli\u017aniacy, mieli\u015bmy po dwa i p\u00f3\u0142 roczku. Nie pami\u0119tamy go, ale wiemy o nim wszystko. Opowiadania naszej Matki by\u0142y niezwykle piekne. W naszej wyobra\u017ani wyrasta\u0142 z nich cz\u0142owiek o niezwyk\u0142ym sercu i wewn\u0119trznej dobroci. Kilka, d\u0142ugich lat po jego \u015bmierci, Matka zalewa\u0142a si\u0119 \u0142zami na samo jego imi\u0119 wym\u00f3wione przez kt\u00f3r\u0105\u015b z ciotek, lub wujk\u00f3w. Nigdy nie zwi\u0105za\u0142a si\u0119 jednak z nikim. Heroizm tej kobiety oceni\u0142em tak naprawd\u0119 dopiero w \u017cyciu doros\u0142ych, kiedy obserwuj\u0105c m\u0142ode matki, z jednym, najwy\u017cej dwojgiem dzieci, maj\u0105ce m\u0119\u017c\u00f3w zarabiaj\u0105cych niez\u0142e pieni\u0105dze,\u00a0ustawicznie zm\u0119czone i nie do \u017cycia. Matka nasza mia\u0142a nas czworo Gdy rodzi\u0142y si\u0119 Bli\u017aniaki siostra mia\u0142a osiem, a brat dziesi\u0119\u0107 lat. Do tego gospodarstwo i praca w Gminnej Sp\u00f3\u0142dzielni. Do tego wy\u017cywienie, ubranie, oprasowanie, wychowanie, czyli dyscyplinowanie, uczenie \u017cycia czw\u00f3rki, kt\u00f3ra ze wzgl\u0119du na tak r\u00f3\u017cny wiek mia\u0142a wr\u0119cz kalejdoskopowo r\u00f3\u017cne potrzeby. Wszystko robi\u0142a z mi\u0142o\u015bci\u0105. Mia\u0142a do perfekcji opanowan\u0105 zasad\u0119: trzymaj kr\u00f3tko, bo bezkrytyczna mi\u0142o\u015b\u0107 i ust\u0119pstwa poprowadz\u0105 t\u0119 czw\u00f3rk\u0119 nie w t\u0119, co trzeba stron\u0119. S\u0142ynne by\u0142y na ca\u0142\u0105 Rajcz\u0119 \u201ekarteczki pani Wali\u201d. Wychodz\u0105c do pracy zostawia\u0142a na stole obok przygotowanego \u015bniadania kartk\u0119 z zapisanymi do wykonania poleceniami. Nie wa\u017cne ile by\u0142o tych polece\u0144,- mia\u0142y by\u0107 skre\u015blone, jako wykonane.<\/span><\/span><span goog_ds_charIndex=\"3334\" class=\"postbody\"><span goog_ds_charIndex=\"3335\" style=\"font-family: Arial\" lang=\"PL\">By\u0142o \u017ale, czasami bardzo ci\u0119\u017cko. Ale ju\u017c w si\u00f3dmej klasie mogli\u015bmy jej pom\u00f3c. Zatrudnilismy si\u0119 na sk\u0142adnicy drzewa, obok dworca w W\u0119gierskiej G\u00f3rce i obstrugiwali\u015bmy metrowej d\u0142ugo\u015bci kawa\u0142ki, tzw. papier\u00f3wki, z kory, a\u017c do bia\u0142ego. Za ka\u017cdy by\u0142a z\u0142ot\u00f3wka. C\u00f3\u017c za rado\u015b\u0107, gdy pierwszego dnia przynie\u015bli\u015bmy po pi\u0119\u0107dziesi\u0105t z\u0142otych. Ale Matka, mimo rado\u015bci z naszych pierwszych pieni\u0119dzy, rozp\u0142aka\u0142a si\u0119 na widok odciskowych bombli na naszych d\u0142oniach. My jednak uparli\u015bmy si\u0119, \u017ce nie zrezygnujemy. Bomble stward\u0142y, a ka\u017cdy dzie\u0144 utwardza\u0142 nasze charaktery.<\/span><\/span><span goog_ds_charIndex=\"3896\" class=\"postbody\"><span goog_ds_charIndex=\"3897\" style=\"font-family: Arial\" lang=\"PL\">By\u0142a pedantk\u0105. Dom musia\u0142 l\u015bni\u0107. Zawsze pracowa\u0142a z nami, kiedy mia\u0142a na to czas, czyli po pracy w biurze, a potem w sklepie. Razem szli\u015bmy w pole, razem sprz\u0105tali\u015bmy dom, ale te\u017c sz\u0142a z nami do lasu na grzyby, nawet bywa\u0142o, \u017ce sz\u0142a na poblisk\u0105 g\u00f3rk\u0119, gdzie uczyli\u015bmy si\u0119 je\u017adzi\u0107 na nartach, cho\u0107 by\u0142o\u00a0 nam troch\u0119 g\u0142upio, bo inni koledzy byli bez rodzic\u00f3w. Taki dzieci\u0119cy wstyd, ale zupe\u0142nie w odwrotn\u0105 stron\u0119. To nie nam mia\u0142o by\u0107 g\u0142upio. Cz\u0142owiek widzi pewne rzeczy dopiero po latach. <\/span><\/span><span goog_ds_charIndex=\"4391\" class=\"postbody\"><span goog_ds_charIndex=\"4392\" style=\"font-family: Arial\" lang=\"PL\">Uczy\u0142a nas gotowa\u0107, robi\u0107 na drutach (zrobilimy sobie po szaliku na zim\u0119), wyszywa\u0107, cerowa\u0107, a nawet szy\u0107 na starym Singerze. <\/span><\/span><span goog_ds_charIndex=\"4524\" class=\"postbody\"><span goog_ds_charIndex=\"4525\" style=\"font-family: Arial\" lang=\"PL\">Ogromnie du\u017co nam czyta\u0142a, a gdy my poj\u0119li\u015bmy t\u0119 sztuk\u0119, poleca\u0142a czyta\u0107 g\u0142o\u015bno i uczy\u0107 si\u0119 niekt\u00f3rych tekst\u00f3w na pami\u0119\u0107, jak wiersze Kochanowskiego, Reja, Mickiewicza, czy S\u0142owackiego.<\/span><\/span><span goog_ds_charIndex=\"4715\" class=\"postbody\"><span goog_ds_charIndex=\"4716\" style=\"font-family: Arial\" lang=\"PL\">Uczy\u0142a si\u0119 z nami, okazuj\u0105c ogromne zainteresowanie geografi\u0105, histori\u0105 (w tym by\u0142a \u015bwietna) i oczywi\u015bcie matematyk\u0105. Biegle m\u00f3wi\u0142a po niemiecku i mia\u0142a cudowny charakter pisma. Po swoim ojcu, a naszym wspania\u0142ym dziadku, kt\u00f3ry by\u0142 sekretarzem gminnym przed woj\u0105 i pisa\u0142 prawie gotykiem. Jezyk polski by\u0142 tak oczywistym obowi\u0105zkiem, \u017ce tu jedynie pyta\u0142a, czy nie ma b\u0142\u0119d\u00f3w ortograficznych. Nauczy\u0142a mnie pisa\u0107 na maszynie i by\u0142em w tym do\u015b\u0107 bieg\u0142y, co\u00a0szalenie mi si\u0119 przyda\u0142o na studiach, a potem w pracy. Wbrew pozorom nie lubi\u0142em mie\u0107 sekretarki, no, chyba \u017ce do&#8230;towarzystwa.<\/span><\/span><span goog_ds_charIndex=\"5301\" class=\"postbody\"><span goog_ds_charIndex=\"5302\" style=\"font-family: Arial\" lang=\"PL\">Wspiera\u0142a moje poetyckie wysi\u0142ki, cho\u0107, je\u015bli mam by\u0107 szczery, nie pokazywa\u0142em jej wszystkich moich wierszy; tu palm\u0119 pierwsze\u0144stwa dzier\u017cy\u0142a moja polonistka z Liceum Pedagogicznego w \u017bywcu. <\/span><\/span><span goog_ds_charIndex=\"5498\" class=\"postbody\"><span goog_ds_charIndex=\"5499\" style=\"font-family: Arial\" lang=\"PL\">Dziwne mo\u017ce, ale to do Matki poszed\u0142em po tym, jak moja \u201ePierwsza Mi\u0142o\u015b\u0107\u201d zerwa\u0142a ze mn\u0105. Obj\u0119\u0142a mnie i z najpowa\u017cniejsz\u0105 min\u0105 powiedzia\u0142a: to by\u0142a pierwsza mi\u0142o\u015b\u0107, zawsze co\u015b jest pierwszy raz, a potem s\u0105 nast\u0119pne. Id\u017a pograj teraz tysi\u0119czny raz w siatk\u00f3wk\u0119 (wiedzia\u0142a, \u017ce to uwielbia\u0142em), zobaczysz, ile tam dziewcz\u0105t do kolejnej \u2018pierwszej mi\u0142o\u015bci\u201d. Ta prawdziwa, dopiero do ciebie przyjdzie. <\/span><\/span><span goog_ds_charIndex=\"5910\" class=\"postbody\"><span goog_ds_charIndex=\"5911\" style=\"font-family: Arial\" lang=\"PL\">Ufa\u0142em jej, ale obawiam si\u0119, z perspektywy lat, \u017ce niewiele da\u0142em jej w zamian. Zawsze m\u00f3wi\u0142a mi i pisa\u0142a, gdy by\u0142em ju\u017c w Stanach, \u017ce moje \u017cycie, moje dzia\u0142anie jest dla niej najwi\u0119ksz\u0105 nagrod\u0105. Po jej \u015bmierci, kiedy z braku mo\u017cliwo\u015bci wyjazdu nie mog\u0142em by\u0107 na pogrzebie, pisz\u0119 w ka\u017cdym programie koncertu, \u017ce prac\u0119 moj\u0105 dedykuj\u0119 mojej ukochanej Matce. <\/span><\/span><span goog_ds_charIndex=\"6271\" class=\"postbody\"><span goog_ds_charIndex=\"6272\" style=\"font-family: Arial\" lang=\"PL\">Listy. Uwielbia\u0142a czyta\u0107 moje listy i na ka\u017cdy odpisywa\u0142a. <\/span><\/span><span goog_ds_charIndex=\"6336\" class=\"postbody\"><span goog_ds_charIndex=\"6337\" style=\"font-family: Arial\" lang=\"PL\">Pozostanie bohaterk\u0105 w mojej dozgonnej pami\u0119ci.<\/span><\/span><\/p>\n<p goog_ds_charIndex=\"6390\"><span goog_ds_charIndex=\"6391\" class=\"postbody\"><span goog_ds_charIndex=\"6392\" style=\"font-family: Arial\" lang=\"PL\">To cudowne spa\u0107 na \u0142\u00f3\u017cku, na kt\u00f3rym przysz\u0142o si\u0119 na ten \u015bwiat. Strasznie chcia\u0142em, aby tym razem przyjecha\u0142a do Rajczy kobieta, kt\u00f3ra jest moim \u017cyciem. Nie mog\u0142a, niestety. Poczu\u0142em to, jak odbierany mi oddech. Mi\u0142o\u015b\u0107&#8230;Szukamy jej ca\u0142e \u017cycie. <\/span><\/span><span goog_ds_charIndex=\"6641\" class=\"postbody\"><span goog_ds_charIndex=\"6642\" style=\"font-family: Arial\" lang=\"PL\">Spotkania z moj\u0105 m\u0142odo\u015bci\u0105 kontynuowa\u0142y spotkania z moimi przyjaci\u00f3\u0142mi, ale nigdzie nie czu\u0142em si\u0119 tak dobrze, jak u syna mojej najbli\u017cszej kuzynki, Marka, jego cudownej \u017cony, Wiesi i fantastycznej tr\u00f3jki latorosli: \u015blicznej Karoliny i zapowiadajacych si\u0119 na super przystojniak\u00f3w Sebastiana i Patryka. Oczywi\u015bcie, &#8211; bli\u017aniacy. <\/span><\/span><span goog_ds_charIndex=\"6974\" class=\"postbody\"><span goog_ds_charIndex=\"6975\" style=\"font-family: Arial\" lang=\"PL\">Ich dom ma tyle ciep\u0142a, tyle cudownej atmosfery, \u017ce w\u0142a\u015bciwie m\u00f3g\u0142bym si\u0119 tam przeprowadzi\u0107 w ka\u017cdej chwili, nawet rzucaj\u0105c t\u0119 \u201ewymarzon\u0105\u201d Ameryk\u0119. Markowie s\u0105 tak\u0105 rzadko\u015bci\u0105 w \u015bwiecie, kt\u00f3ry obserwuj\u0119, \u017ce modl\u0119 si\u0119, aby tacy pozostali, \u017ceby nic nie zepsu\u0142o ich relacji, charakter\u00f3w, ich mi\u0142o\u015bci. Czu\u0107 w tym domu, \u017ce tu kochaj\u0105 si\u0119 wszyscy. Ja czuj\u0119 tam takie oderwanie od problem\u00f3w, \u017ce dysponuj\u0105c kluczem, danym mi przez Wiesi\u0119, przychodzi\u0142em tam, gdy oni byli w pracy, \u017ceby zaczerpn\u0105\u0107 spokoju, na\u0142adowa\u0107 ducha t\u0105 b\u0142ogo\u015bci\u0105, kt\u00f3ra &#8211; wierzy\u0142em &#8211; powybija wszystkie stresy w moim wn\u0119trzu. Wiesia nawet nie wie, co czu\u0142em, gdy daj\u0105c mi klucz, powiedzia\u0142a: \u00a0wujaszku, tu masz klucze, czuj si\u0119, jak u siebie i id\u017a tam kiedykolwiek zechcesz. <\/span><\/span><span goog_ds_charIndex=\"7720\" class=\"postbody\"><span goog_ds_charIndex=\"7721\" style=\"font-family: Arial\" lang=\"PL\">Chodzi\u0142em codziennie. Maj\u0105 pianino, wi\u0119c uko\u0144czy\u0142em rozpocz\u0119t\u0105&#8230;na koncercie muzyki Kilara w Katedrze Chrystusa Kr\u00f3la i rozwijan\u0105 w samochodzie w drodze powrotnej,\u00a0\u201eWokaliz\u0119\u201d \u00a0I jako\u015b tam wysz\u0142o, \u017ce nazwa\u0142em j\u0105 po angielsku: \u201eVocalize for Anna K\u201d.<\/span><\/span><\/p>\n<p goog_ds_charIndex=\"7981\" style=\"margin: 0in 0in 0pt; text-align: justify\" class=\"MsoNormal\"><span goog_ds_charIndex=\"7982\" class=\"postbody\"><span goog_ds_charIndex=\"7983\" style=\"font-family: Arial\" lang=\"PL\">Moich koleg\u00f3w z dzieci\u0144stwa jest w Rajczy niewielu. Z b\u00f3lem musz\u0119 stwierdzi\u0107, \u017ce kilku z nich po prostu stan\u0119\u0142o w miejscu, czyli cofn\u0119\u0142o si\u0119. Alkohol. By\u0142 i pozostanie zgub\u0105 ludzko\u015bci. Nie dlatego, \u017ce jest, ale, \u017ce nie umiemy go pi\u0107.<\/span><\/span><\/p>\n<p><span goog_ds_charIndex=\"8223\" class=\"postbody\"><span goog_ds_charIndex=\"8224\" style=\"font-family: Arial\" lang=\"PL\"><span goog_ds_charIndex=\"8225\" class=\"postbody\"><span goog_ds_charIndex=\"8226\" style=\"font-family: Arial\" lang=\"PL\">Pogl\u0105dy polityczne moich ziomk\u00f3w s\u0105 tak rozstrzelone, \u017ce mo\u017cna by za\u0142o\u017cy\u0107 tam ma\u0142y sejmik. Ale chyba tylko po to, aby si\u0119 dobrze pok\u0142\u00f3ci\u0107. Wi\u0119kszos\u0107 moich adwersa\u017cy wyra\u017ca bardzo jednoznaczne NIE w stosunku do obecnie rz\u0105dz\u0105cych, ale argumenty s\u0105 dziwnie pokrywaj\u0105ce si\u0119 z polsk\u0105 pras\u0105 opozycyjn\u0105, kt\u00f3ra, nie czarujmy si\u0119 polsk\u0105 pras\u0105 nie jest. Problemem dla nich jest, \u017ce Kaczy\u0144scy si\u0119 \u017ale prezentuj\u0105, \u017ce zadzieraj\u0105 z Zachodem i Wschodem, \u017ce \u015bwiat si\u0119 z nich \u015bmieje i tego rodzaju bzdety. Ani raz nie us\u0142ysza\u0142em, \u017ce Kaczy\u0144scy nareszcie, pytaj\u0105 g\u0142o\u015bno o Polsk\u0119, albo, co Polska b\u0119dzie z tego mia\u0142a, \u017ce ust\u0105pi. Nie ma takich stwierdze\u0144. <\/span><\/span><\/span><\/span><span goog_ds_charIndex=\"8869\" class=\"postbody\"><span goog_ds_charIndex=\"8870\" style=\"font-family: Arial\" lang=\"PL\"><span goog_ds_charIndex=\"8871\" class=\"postbody\"><span goog_ds_charIndex=\"8872\" style=\"font-family: Arial\" lang=\"PL\">Na og\u00f3\u0142 s\u0105 zaj\u0119ci swoimi biznesami. O polityce niezbyt ch\u0119tnie m\u00f3wi\u0105. Kilku z nich przyzna\u0142o si\u0119, \u017ce nie g\u0142osowali, a powodem by\u0142 brak konkretnego kandydata, czy partii. <\/span><\/span><span goog_ds_charIndex=\"9047\" class=\"postbody\"><span goog_ds_charIndex=\"9048\" style=\"font-family: Arial\" lang=\"PL\">Mnie dziwi\u0142o, \u017ce nie poszli na oczyszczenie pa\u0144stwa, na rozliczenie przesz\u0142o\u015bci. <\/span><\/span><span goog_ds_charIndex=\"9134\" class=\"postbody\"><span goog_ds_charIndex=\"9135\" style=\"font-family: Arial\" lang=\"PL\">Z pa\u0144stwem jest, jak z ma\u0142\u017ce\u0144stwem, albo par\u0105 kochank\u00f3w. Gdy nadejd\u0105 kryzysy, a oni nadal chc\u0105 by\u0107 z sob\u0105, nale\u017cy wyczy\u015bci\u0107 wszelkie zadry, podejrzenia i niedom\u00f3wienia, nawet, albo szczeg\u00f3lnie, z tej najbli\u017cszej przesz\u0142o\u015bci, kiedy nadszed\u0142 kryzys. Ludzie tego nie rozumiej\u0105. Oni chc\u0105 mie\u0107 \u015bwi\u0119ty spok\u00f3j. T\u0119sknota za komunizmem? Tam by\u0142 \u015bwi\u0119ty spok\u00f3j. W takim razie po co by\u0142o walczy\u0107 i go rozwala\u0107? A czy o taki spok\u00f3j chodzi? <\/span><\/span><span goog_ds_charIndex=\"9567\" class=\"postbody\"><span goog_ds_charIndex=\"9568\" style=\"font-family: Arial\" lang=\"PL\">Spo\u0142ecze\u0144stwo w du\u017cej mierze nie doros\u0142o do demokracji, kapitalizmu, czyli samodzielno\u015bci. St\u0105d tak wielu b\u0142ogos\u0142awi \u201etamte\u201d czasy. <\/span><\/span><span goog_ds_charIndex=\"9705\" class=\"postbody\"><span goog_ds_charIndex=\"9706\" style=\"font-family: Arial\" lang=\"PL\">Rajcza jest zaniedbana. Mog\u0119 \u015bmia\u0142o powiedzie\u0107, \u017ce jej w\u0142adze te\u017c nie doros\u0142y do obecnych czas\u00f3w. Prosz\u0119 sobie wyobrazi\u0107, \u017ce dotacj\u0119 unijn\u0105, kt\u00f3ra mia\u0142a by\u0107 na zapowiadany od stu lat basen, przekazano s\u0105siedniej wiosce Golc\u00f3w, Mil\u00f3wce. Park zaniedbany, So\u0142a nie ma\u00a0k\u0105pieliska do p\u0142ywania. Na Rynku s\u0105 dwa kosze na \u015bmieci. Brak \u015bcie\u017cek i dr\u00f3\u017cek dla rowerzyst\u00f3w. za to tu\u017c przed dojazdem do centrum, czyli Rynku stoi co\u015b na kszta\u0142t\u00a0dziwnej areny, a jest podobno przysz\u0142ym budynkiem liceum. Tyle, \u017ce gdy by\u0142em tam cztery lata temu to &#8222;co\u015b&#8221; sta\u0142o tam w tym samym stanie, co teraz. Nied\u0142ugo si\u0119 zwali samo. Podobno nie ma\u00a0pieni\u0119dzy na wyko\u0144czeni, podobno projekt by\u0142 od Francuz\u00f3w, podobno, podobno, podobno. Nie zdziwi\u0142bym si\u0119, gdyby zacz\u0119to budow\u0119 mostu nad Rynkiem.\u00a0A teren jest przepi\u0119kny. Przyje\u017cd\u017ca\u0142o tam tysi\u0105ce \u015al\u0105zak\u00f3w, Warszawiak\u00f3w, Krakus\u00f3w &#8211; ka\u017cdego roku kolonie w szkole. <\/span><\/span><span goog_ds_charIndex=\"10590\" class=\"postbody\"><span goog_ds_charIndex=\"10591\" style=\"font-family: Arial\" lang=\"PL\">Teraz, wracaj\u0105c od Mark\u00f3w o 22:30 uderzy\u0142a mnie cisza; pozamykane restauracje, \u201eparasole\u201d; cisza w parku, cisza nad rzek\u0105. Co u licha? Gdzie moja t\u0119tni\u0105ca wakacyjnym \u017cyciem Rajcza? Nie ma. W\u00f3jt jest z Rycerki. Jak to si\u0119 sta\u0142o? Nikt nie wie. <\/span><\/span><span goog_ds_charIndex=\"10838\" class=\"postbody\"><span goog_ds_charIndex=\"10839\" style=\"font-family: Arial\" lang=\"PL\">Szkoda. Ongi\u015b by\u0142a to jedna z najatrakcyjniejszych miejscowo\u015bci wakacyjnych w Polsce. A je\u015bli si\u0119gn\u0105\u0107 jeszcze bardziej do przesz\u0142o\u015bci, to w Zamku Ksi\u0119cia Lubomirskiego, gdzie dzi\u015b znajduje si\u0119 szpital dla niesprawnych ludzi, koncertowali Rubinstein i Szymanowski, a jeszcze dalej, sam kr\u00f3l Jan Kazimierz sprezentowa\u0142 grunt pod ko\u015bci\u00f3\u0142 i cudowny obraz Matki Boskiej (z dwoma ranami na policzku). Obraz, kt\u00f3ry uczyni\u0142 z tego ko\u015bcio\u0142a pod wezwaniem \u015aw. Wawrzy\u0144ca,\u00a0Sanktuarium namaszczone przez Watykan.<\/span><\/span><\/span><\/span><br \/>\n<span goog_ds_charIndex=\"11346\" class=\"postbody\"><span goog_ds_charIndex=\"11347\" style=\"font-family: Arial\" lang=\"PL\"><\/span><\/span><span goog_ds_charIndex=\"11346\" class=\"postbody\"><span goog_ds_charIndex=\"11347\" style=\"font-family: Arial\" lang=\"PL\"><\/p>\n<p goog_ds_charIndex=\"11350\" style=\"margin: 0in 0in 0pt; text-align: justify\" class=\"MsoNormal\"><span goog_ds_charIndex=\"11351\" class=\"postbody\"><span goog_ds_charIndex=\"11352\" style=\"font-family: Arial\" lang=\"PL\">W\u0142adzom Rajczy, jakby nie zale\u017ca\u0142o na jej rozwoju. Jest, jak jest. A szkoda, bo to jedna z pere\u0142 Beskidu \u017bywieckiego.<\/span><\/span><\/p>\n<p goog_ds_charIndex=\"11350\" style=\"margin: 0in 0in 0pt; text-align: justify\" class=\"MsoNormal\"><span goog_ds_charIndex=\"11351\" class=\"postbody\"><span goog_ds_charIndex=\"11352\" style=\"font-family: Arial\" lang=\"PL\"><\/span><\/span><\/p>\n<p goog_ds_charIndex=\"11476\" style=\"margin: 0in 0in 0pt; text-align: justify\" class=\"MsoNormal\"><span goog_ds_charIndex=\"11477\" class=\"postbody\"><span goog_ds_charIndex=\"11478\" style=\"font-family: Arial\" lang=\"PL\">I to jest w\u0142a\u015bnie to &#8222;Ale&#8230;&#8221;\u00a0z pierwszego akapitu tego artyku\u0142u.<\/span><\/span><\/p>\n<p><\/span><\/span><\/p>\n","protected":false},"excerpt":{"rendered":"<p>Wybra\u0142em si\u0119 do ojczyzny po czterech latach i jak zwykle oczekiwa\u0142em szokuj\u0105cych zjawisk, jak wtedy, gdy lecia\u0142em tam pierwszy raz po trzynastu latach. Szoku nie by\u0142o. Mo\u017ce tylko niekt\u00f3re centra handlowe zadziwi\u0142y mnie ameryka\u0144skim rozmachem, mo\u017ce Polacy zrobili si\u0119 barwniejsi, weselsi. Ale&#8230;Pobyt w mojej ukochanej Rajczy, to zawsze ogrome podwy\u017cszenie adrenaliny. Tu jest wszystko, co [&hellip;]<\/p>\n","protected":false},"author":2,"featured_media":0,"comment_status":"open","ping_status":"open","sticky":false,"template":"","format":"standard","meta":[],"categories":[1],"tags":[],"_links":{"self":[{"href":"https:\/\/sporek.com\/blog\/index.php?rest_route=\/wp\/v2\/posts\/24"}],"collection":[{"href":"https:\/\/sporek.com\/blog\/index.php?rest_route=\/wp\/v2\/posts"}],"about":[{"href":"https:\/\/sporek.com\/blog\/index.php?rest_route=\/wp\/v2\/types\/post"}],"author":[{"embeddable":true,"href":"https:\/\/sporek.com\/blog\/index.php?rest_route=\/wp\/v2\/users\/2"}],"replies":[{"embeddable":true,"href":"https:\/\/sporek.com\/blog\/index.php?rest_route=%2Fwp%2Fv2%2Fcomments&post=24"}],"version-history":[{"count":0,"href":"https:\/\/sporek.com\/blog\/index.php?rest_route=\/wp\/v2\/posts\/24\/revisions"}],"wp:attachment":[{"href":"https:\/\/sporek.com\/blog\/index.php?rest_route=%2Fwp%2Fv2%2Fmedia&parent=24"}],"wp:term":[{"taxonomy":"category","embeddable":true,"href":"https:\/\/sporek.com\/blog\/index.php?rest_route=%2Fwp%2Fv2%2Fcategories&post=24"},{"taxonomy":"post_tag","embeddable":true,"href":"https:\/\/sporek.com\/blog\/index.php?rest_route=%2Fwp%2Fv2%2Ftags&post=24"}],"curies":[{"name":"wp","href":"https:\/\/api.w.org\/{rel}","templated":true}]}}