{"id":240,"date":"2010-06-01T09:48:05","date_gmt":"2010-06-01T13:48:05","guid":{"rendered":"http:\/\/sporek.com\/blog\/?p=240"},"modified":"2010-06-01T09:56:41","modified_gmt":"2010-06-01T13:56:41","slug":"dezinformacje","status":"publish","type":"post","link":"https:\/\/sporek.com\/blog\/?p=240","title":{"rendered":"Dezinformacje"},"content":{"rendered":"<p><font size=\"2\"><span style=\"font-family: Verdana\"><\/span><\/font><font size=\"2\">Musz\u0119 z\u0142o\u017cy<\/font><font size=\"2\">\u0107 kilka wyja\u015bnie\u0144, bo widz\u0119, \u017ce posilanie si\u0119 plotk\u0105 i b\u0142\u0119dn\u0105  interpretacj\u0105 mo\u017ce istotnie zm\u0105ci<\/font><font size=\"2\">\u0107 umys\u0142y  cz\u0142onk\u00f3w.<\/font><!--more--><\/p>\n<p style=\"font-family: Verdana\"><font size=\"2\">Pani  Konarska -kimkolwiek jest- podaje w swoim komentarzu bardzo wymy\u015blone,  tym samym nieprawdziwe informacje. <\/font><\/p>\n<p style=\"font-family: Verdana\"><font size=\"2\">Po pierwsze: telewizja nigdy nie by\u0142a  w\u0142asno\u015bci\u0105 Centrum Polsko-S\u0142owia\u0144skiego. Powsta\u0142a, jako sp\u00f3\u0142ka p\/n  Polish-American Media. W zarz\u0105dzie zasiadali m. inn. pp Chabrowski,  Paj\u0105k, chyba Juszczak i kto\u015b tam.<\/font><\/p>\n<p style=\"font-family: Verdana\"><font size=\"2\">Nie by\u0142o w zarz\u0105dzie tej sp\u00f3\u0142ki J. J\u00f3\u017awiaka.  Sprz\u0119t telewizyjny P-A Media do dzisiaj znajduje si\u0119 w pomieszczeniach  Centrum, bo sp\u00f3\u0142ka nie by\u0142a zainteresowana odebraniem sprz\u0119tu, kt\u00f3ry  jest warty grosze ju\u017c w tej chwili. Jest po prostu przestarza\u0142y. Janusz  J\u00f3\u017awiak za\u0142o\u017cy\u0142 w\u0142asn\u0105 telewizj\u0119 i Centrum nie ma z ni\u0105 nic wsp\u00f3lnego,  opr\u00f3cz tego, \u017ce wynajmuje jej (telewizji) pomieszczenie. To, co pisze  p. Konarska, to pozosta\u0142o\u015bci po przylepionych \u0142atkach i dow\u00f3d na to, \u017ce  raz rzucone b\u0142oto na d\u0142ugo zostaje na cz\u0142owieku. Dlatego, tak prosz\u0119 o  wa\u017cenie s\u0142\u00f3w. Ale to groch o \u015bcian\u0119. Pani Konarska nigdy si\u0119 nie  ujawni\u0142a i nie wiemy, czy na przyk\u0142ad nie jest jak\u0105\u015b s\u0105\u017cnist\u0105 oszustk\u0105.  Po co si\u0119 ujawnia<\/font><font size=\"2\">\u0107<\/font><font size=\"2\">, przecie\u017c  atakowanie zza w\u0119g\u0142a jest wygodniejsze. Mo\u017ce tak, ale nie jest  wiarygodne. Nie odpowiada\u0142bym na ten komentarz, gdyby &#8222;konarska&#8221; by\u0142a  kim\u015b fizycznie &#8222;dost\u0119pnym&#8221;, &#8211; niech j\u0105 wtedy ci\u0105gn\u0105 do odpowiedzialno\u015bci oczerniani. Ale jest, niestety anonimow\u0105 postaci\u0105, a to jest m\u00f3j blog i niech\u0119 tu personalnego obrzucania si\u0119 oskar\u017ceniami, kt\u00f3re nie s\u0105 sprawdzone. Mo\u017cna mi zarzuci<\/font><font size=\"2\">\u0107, \u017ce atakowa\u0142em jakie\u015b osoby personalnie, ale \u017cadna z nich nie mog\u0142a mi zarzuci<\/font><font size=\"2\">\u0107 k\u0142amstwa, albo rzucania bezpodstawnych oskar\u017ce\u0144. Niestety &#8222;konarska&#8221; nak\u0142ada na mnie pewien  obowi\u0105zek bronienia ludzi, o kt\u00f3rych pisze i prostowania  dezinformuj\u0105cych tekst\u00f3w. Konsekwencja b\u0119dzie tylko jedna: &#8222;konarska&#8221;  wypadnie z dost\u0119pu do mojego blogu. Nie mam innego wyj\u015bcia, bo nie mam  forsy, \u017ceby zatrudni<font size=\"2\">\u0107<\/font> cz\u0142owieka do codziennego  \u015bledzenia bzdur, jakie ta -za\u0142\u00f3\u017cmy- pani wypisuje.<br \/>\n<\/font><\/p>\n<p style=\"font-family: Verdana\"><font size=\"2\">Po drugie: wywiad z  kandydatami. Skoro jest ich pi\u0119tnastu, a jak wida<\/font><font size=\"2\">\u0107  z ulotek wszyscy m\u00f3wi\u0105 mniej wi\u0119cej to samo, to po co jeszcze wywiady  do gazet. S\u0105 media, kt\u00f3re udost\u0119pniaj\u0105 cale strony, lub nawet kilka  stron w jednym numerze pani Wierzbowskiej, \u0141uczajowi i innym, czemu wi\u0119c  takie zdziwienie, \u017ce K. Myssura dosta\u0142a podobn\u0105 mo\u017cliwo\u015b<\/font><font size=\"2\">\u0107. M\u00f3wi do rzeczy i wy\u0142\u0105cznie o faktach. Nie ma tam ani jednej  informacji zmy\u015blonej.<\/font><\/p>\n<p style=\"font-family: Verdana\"><font size=\"2\">Po trzecie: stanowisko w NJ, dla P. Wierzbowskiej zosta\u0142o  stworzone po tym, jak zasiada\u0142a ju\u017c w radzie dyrektor\u00f3w. Jej  wynagrodzenie mia\u0142o i\u015b<\/font><font size=\"2\">\u0107 ze \u015brodk\u00f3w przekazanych  przez Uni\u0119. Mleczko pracuje w programie miejskim i pieni\u0105dze Unii nie  maj\u0105 z tym nic wsp\u00f3lnego.<br \/>\n<\/font><\/p>\n<p style=\"font-family: Verdana\"><font size=\"2\">Ale potrzeba troch\u0119 dobrej woli, aby pisa<font size=\"2\">\u0107<\/font> prawd\u0119. Wystarczy te\u017c jednak troch\u0119 pod\u0142o\u015bci, aby  sugerowa<font size=\"2\">\u0107<\/font> np. \u017ce telewizja zosta\u0142a skradziona.<br \/>\n<\/font><\/p>\n<p style=\"font-family: Verdana\"><font size=\"2\">Tacy ludzie, jak  &#8222;konarska&#8221; nie prowadz\u0105 do wyklarowania i oczyszczenia sytuacji w  Polonii. To s\u0105 jatrzyciele, kt\u00f3rzy nie s\u0142uchaj\u0105 innych argument\u00f3w, nie  szukaj\u0105 prawdy. Ich celem jest rozbicie naszego \u015brodowiska. Jestem  raczej pewny, \u017ce osoba ukrywaj\u0105ca si\u0119 pod tym pseudonimem &#8222;pracuje&#8221; dla  grupy dyrektor\u00f3w, kt\u00f3rym troch\u0119 usuwa si\u0119 grunt spod n\u00f3g i postanowili  kopa<font size=\"2\">\u0107<\/font> i gry\u017a<font size=\"2\">\u0107<\/font> na wszystkie  strony. Cech\u0105 demokracji jest to, \u017ce o ka\u017cdym i do ka\u017cdego mo\u017cna  powiedzie<font size=\"2\">\u0107<\/font>, co si\u0119 chce. Cech\u0105 ludzi, kt\u00f3rzy do  demkoracji dojrzeli jest m\u00f3wienie najgorszej nawet prawdy, ale w oparciu  o sprawdzone fakty. &#8222;Konarska&#8221; ledwie w demokracji raczkuje. A swoboda pomawiania ludzi w  jej wypowiedziach bierze si\u0119 st\u0105d, \u017ce ukrywa si\u0119 za pseudonimem. Zatem  gada, co jej \u015blina na j\u0119zyk przyniesie, bo trudno wyciaga<font size=\"2\">\u0107<\/font>  konsekwencje od pseudonimu. Ju\u017c nawet, gdyby pewnego dnia odwa\u017cy\u0142a si\u0119  do mnie zadzwoni<font size=\"2\">\u0107<\/font>, by\u0142oby lepiej. Tch\u00f3rzostwo  jednak jest podstawow\u0105 cech\u0105 ludzi atakuj\u0105cych pod przybranym imieniem.<br \/>\n<\/font><\/p>\n","protected":false},"excerpt":{"rendered":"<p>Musz\u0119 z\u0142o\u017cy\u0107 kilka wyja\u015bnie\u0144, bo widz\u0119, \u017ce posilanie si\u0119 plotk\u0105 i b\u0142\u0119dn\u0105 interpretacj\u0105 mo\u017ce istotnie zm\u0105ci\u0107 umys\u0142y cz\u0142onk\u00f3w.<\/p>\n","protected":false},"author":2,"featured_media":0,"comment_status":"open","ping_status":"open","sticky":false,"template":"","format":"standard","meta":[],"categories":[3],"tags":[],"_links":{"self":[{"href":"https:\/\/sporek.com\/blog\/index.php?rest_route=\/wp\/v2\/posts\/240"}],"collection":[{"href":"https:\/\/sporek.com\/blog\/index.php?rest_route=\/wp\/v2\/posts"}],"about":[{"href":"https:\/\/sporek.com\/blog\/index.php?rest_route=\/wp\/v2\/types\/post"}],"author":[{"embeddable":true,"href":"https:\/\/sporek.com\/blog\/index.php?rest_route=\/wp\/v2\/users\/2"}],"replies":[{"embeddable":true,"href":"https:\/\/sporek.com\/blog\/index.php?rest_route=%2Fwp%2Fv2%2Fcomments&post=240"}],"version-history":[{"count":0,"href":"https:\/\/sporek.com\/blog\/index.php?rest_route=\/wp\/v2\/posts\/240\/revisions"}],"wp:attachment":[{"href":"https:\/\/sporek.com\/blog\/index.php?rest_route=%2Fwp%2Fv2%2Fmedia&parent=240"}],"wp:term":[{"taxonomy":"category","embeddable":true,"href":"https:\/\/sporek.com\/blog\/index.php?rest_route=%2Fwp%2Fv2%2Fcategories&post=240"},{"taxonomy":"post_tag","embeddable":true,"href":"https:\/\/sporek.com\/blog\/index.php?rest_route=%2Fwp%2Fv2%2Ftags&post=240"}],"curies":[{"name":"wp","href":"https:\/\/api.w.org\/{rel}","templated":true}]}}