{"id":241,"date":"2010-06-16T00:20:43","date_gmt":"2010-06-16T04:20:43","guid":{"rendered":"http:\/\/sporek.com\/blog\/?p=241"},"modified":"2010-06-16T00:48:49","modified_gmt":"2010-06-16T04:48:49","slug":"hrabia-herbu-prostak","status":"publish","type":"post","link":"https:\/\/sporek.com\/blog\/?p=241","title":{"rendered":"Hrabia herbu prostak"},"content":{"rendered":"<p>Komorowski pe\u0142ni funkcj\u0119 prezydenta nie do ko\u0144ca  zgodnie z konstytucj\u0105. S\u0105dz\u0119, \u017ce kto\u015b si\u0119 o to w ko\u0144cu upomni. Za ten  krok Tusk i Komorowski powinni by\u0107 postawieni przed Trybuna\u0142em Stanu. <!--more--> Nie\u015bcis\u0142o\u015b\u0107 widoczna jest bardzo wyra\u017anie, gdy przeanalizuje si\u0119  okoliczno\u015bci i prze\u015bledzi czas katastrofy pod Smole\u0144skiem. Artyku\u0142 131  Konstytucji rzuca bardzo ciemn\u0105 plam\u0119 na decyzj\u0119 marsza\u0142ka  Komorowskiego, kt\u00f3ry praktycznie bior\u0105c jest samozwa\u0144czym &#8222;P-O  Prezydenta&#8221;.<br \/>\nWbi\u0142 sobie jednak do g\u0142owy t\u0119 funkcj\u0119 tak mocno, \u017ce  zamiata ile tylko si\u0119 da. Obsadza kluczowe stanowiska, likwiduje  kluczowe ogniwa systemu \u017cycia publicznego. Dzi\u015b, 15 czerwca podpisa\u0142  likwidacj\u0119 Krajowej Rady Radiofonii i Telewizji. T\u0119 dat\u0119 nale\u017cy  zapami\u0119ta\u0107, bo oznacza na\u0142o\u017cenie kaga\u0144ca na usta medi\u00f3w. Nazwa\u0142 telewizj\u0119 publiczn\u0105 &#8222;gniazdem os&#8221;. Nazywa t\u0119 telewizj\u0119  &#8222;pisowsk\u0105&#8221; i zarzuca jej, \u017ce ogranicza mu dost\u0119p na jej anten\u0119, a  tymczasem statystyka wyst\u0105pie\u0144 w telewizji publicznej zadaje tym  oskar\u017ceniom k\u0142am, ods\u0142aniaj\u0105c hipokryzj\u0119 kandydata PO: najmniej wyst\u0105pie\u0144  w TVP mia\u0142&#8230;szef PiSu, Jaros\u0142aw Kaczy\u0144ski &#8211; 268 razy, \u0142\u0105cznie 5  godzin i 43 minuty; wi\u0119cej mia\u0142 Grzegorz Napieralski: 286 razy, w czasie 7  godzin i 42 minut, a najwi\u0119cej&#8230;hrabia Komorowski: 672 razy, w czasie  \u0142\u0105cznym 17 godzin i 3 minuty. To ju\u017c nie wpadka, to po prostu zwyk\u0142e  k\u0142amstwo na u\u017cytek wyt\u0142umaczenia, dlaczego tak ch\u0119tnie podpisa\u0142  likwidacj\u0119 KRRiT.<br \/>\n&#8222;Woda ma to do siebie, \u017ce wzbiera, potem opada i  p\u0142ynie do Ba\u0142tyku&#8221; &#8211; ten lapsus te\u017c si\u0119 Komorowskiemu nie sprawdzi\u0142.  Woda nadal zalega w tysi\u0105cach domostw nie pozwalaj\u0105c ludziom powr\u00f3ci\u0107 do  swoich posiad\u0142o\u015bci. W sobot\u0119 media podaj\u0105 informacj\u0119 o \u015bmierci  siedemnastego, polskiego \u017co\u0142nierza w Afganistanie. W reakcji kandydat  PO obwieszcza, \u017ce&#8230;ju\u017c dawno rozmawia\u0142 z premierem o konieczno\u015bci  wycofania wojsk z tej wojny. Pomijam dziecinad\u0119 tego obwieszczenia, bo  akurat\u00a0 oni dwaj mog\u0105 sobie w warcaby pogra\u0107 samowolnie, a w kwestii tej  wojny maj\u0105, niestety zobowi\u0105zania wzgl\u0119dem NATO. Ale Komorowski bez  zmru\u017cenia oka sk\u0142ama\u0142, bo oto mikrofon poszed\u0142 do genera\u0142a Polko, kt\u00f3ry  kr\u00f3tko przypomnia\u0142, \u017ce hipokryzja obu pan\u00f3w znowu si\u0119gn\u0119\u0142a szczyt\u00f3w.  Wszak w kwietniu, dwa miesi\u0105ce temu, podj\u0119li decyzj\u0119 z rozporz\u0105dzeniami o  dozbrojeniu naszych ch\u0142opc\u00f3w i ani im si\u0119 \u015bni\u0142o wycofywanie. No, wi\u0119c  Komorowski znowu ze\u0142ga\u0142, \u017ce to rz\u0105d lewicowy pope\u0142ni\u0142 &#8222;mistrzostwo \u015bwiata&#8221;,  bo wys\u0142a\u0142 \u017co\u0142nierzy na dwie wojny jednocze\u015bnie dziewi\u0119\u0107 lat temu. Hola,  panie marsza\u0142ku: decyzj\u0119 o wyje\u017adzie polskiego kontyngentu do  Afganistanu podj\u0119to w listopadzie, 2001 roku za rz\u0105d\u00f3w Leszka Millera, przy poparciu wszystkich partii, w tym, oczywi\u015bcie PO. Oto pa\u0144skie s\u0142owa,  jakie wyg\u0142osi\u0142 pan z sejmowej m\u00f3wnicy w\u0142a\u015bnie wtedy, 29 listopada, 2001:  <strong>&#8222;Udzielamy pe\u0142nego poparcia dla nie\u0142atwej decyzji. Rozumiemy &#8222;t\u0105&#8221;  decyzj\u0119, czujemy si\u0119 za ni\u0105 r\u00f3wnie\u017c wsp\u00f3\u0142odpowiedzialni. Naszym ch\u0142opcom  nale\u017cy si\u0119 solidarno\u015b\u0107 wszystkich si\u0142 politycznych Polski&#8221;. <\/strong><br \/>\nZadziwia  mnie \u0142atwo\u015b\u0107, z jak\u0105 kandydat na prezydenta obwinia wszystkich dooko\u0142a,  byle tylko wybieli\u0107 siebie. Po wyborach PO wycofa\u0142a oddzia\u0142y z Iraku po  to, by wzmocni\u0107 si\u0142y &#8230;w Afganistanie, a z tym ju\u017c \u017caden inny rz\u0105d nie  mia\u0142 nic wsp\u00f3lnego. Dzi\u015b r\u00f3wnie\u017c Tusk klamie na temat plan\u00f3w wycofania  wojska z Afganistanu, m\u00f3wi\u0105c, \u017ce &#8222;od dawna dyskutuje ten problem z  Komorowskim&#8221;. Czy ci dwaj faceci naprawd\u0119 s\u0105dz\u0105, \u017ce Polacy, to zgraja  idiot\u00f3w nierozumiej\u0105ca j\u0119zyka polskiego?<br \/>\nKomorowski coraz cz\u0119\u015bciej  zachowuje si\u0119, jak prostak, ostro ciosany. Ten przedstawiciel &#8222;partii  mi\u0142o\u015bci&#8221; najpierw zarzeka si\u0119, \u017ce na debat\u0119 telewizyjn\u0105 nie przyjdzie,  po czym zjawia si\u0119 w telewizji z min\u0105 cezara i m\u00f3wi dziennikarce: &#8222;nie  wyobra\u017ca sobie pani, jaka to satysfakcja zobaczy\u0107 zaskoczon\u0105 twarz  Jaros\u0142awa Kaczy\u0144skiego&#8221;. W odpowiedzi Jaros\u0142aw Kaczy\u0144ski przeskoczy\u0142  hrabiego o trzy klasy &#8211; spokojem, kultur\u0105 i brakiem reakcji na te  p\u0142ytkie zaczepki. Ale ko\u0144c\u00f3wka telewizyjnego wyst\u0119pu czterech kandydat\u00f3w  wyj\u0119\u0142a reszt\u0119 s\u0142omy z hrabiowskich bucik\u00f3w. Oto Napieralski proponuje  u\u015bcisk d\u0142oni; krzy\u017cuj\u0105 si\u0119 d\u0142onie PiSu, SLD i PSL, Komorowski stoi z  boku, unosi r\u0119ce, jakby by\u0142 ju\u017c wybranym prezydentem, na twarz  przywdziewa p\u00f3\u0142g\u0142upi u\u015bmieszek i przez d\u0142onie Kaczy\u0144skiego i  Napieralskiego dopada r\u0119ki Pawlaka. Wygl\u0105da\u0142o to obrzydliwie i  absolutnie prostacko. To zdecydowanie nie jest kandydat na prezydenta.  B\u0119dziemy si\u0119 wstydzi\u0107 jego wpadek, zachowa\u0144, bo ten cz\u0142owiek nie ma  &#8222;kindersztuby&#8221;, brak mu obycia, cho\u0107 siedzi w tych sejmowych \u0142awach od  stu lat. I co z tego? Jak to m\u00f3wi\u0105, kto si\u0119 wr\u00f3blem urodzi\u0142, skowronkiem  nie umrze. Wpadek ci\u0105g dalszy nast\u0105pi\u0142 w poniedzia\u0142ek. Patetycznie  artyku\u0142owane przem\u00f3wienie zawiera\u0142o taki oto fragmencik: <em>&#8222;My nie  chcemy nikogo ustawia\u0107 tam, gdzie nas pr\u00f3bowano ustawi\u0107<\/em> &#8211;<em>tam,  gdzie stoi NATO<\/em>, <em>tam, gdzie stoi&#8230;ZOMO<\/em>&#8222;. Chryste Panie, to  m\u00f3wi cz\u0142owiek, kt\u00f3ry ma by\u0107 prazydentem? Wszystko si\u0119 ju\u017c temu facetowi  pokr\u0119ci\u0142o. Bomb\u0105 wyborcz\u0105, jaka eksplodowa\u0142a 15 czerwca by\u0142o oficjalne  poparcie Komorowskiego ze strony&#8230;Cimoszewicza. Efekt? Napieralski  wkurzony i &#8222;po ludzku jest mu przykro&#8221;, Kwa\u015bniewski zdziwiony, bo to  mia\u0142o by\u0107 dopiero po pierwszej turze, a Cimoszewicz przestraszony, bo  Komorowskimu spadaj\u0105 s\u0142upki. I jak sam m\u00f3wi &#8211; nie chcia\u0142by, aby  prezydentem zosta\u0142 Jaros\u0142aw Kaczy\u0144ski. A czeg\u00f3\u017c tak si\u0119 boi&#8230;? &#8222;Polsce  potrzebny jest oddech&#8221; &#8211; dodaje. Jaki &#8222;oddech&#8221; potrzebny jest Polsce,  panie Cimoszewicz, bo ma pan \u015bwi\u0119t\u0105 racj\u0119, tylko troch\u0119 wi\u0119cej precyzji, porsz\u0119.  Tak, Polsce potrzebny jest oddech po nie\u015bwie\u017cym wydechu Paltformy, po  powodzi, po k\u0142amstwach, po sprzedanych przedsi\u0119biorstwach, po  katastrofie smole\u0144skiej i kompromituj\u0105cym, ale i poni\u017caj\u0105cym  spo\u0142ecze\u0144stwo, ofiary i rodziny ofiar tej katastrofy \u015bledztwie, po  przyjaznych u\u015bciskach z Putinem, po u\u015bciskach Komorowskigo z Jaruzelskim  i wsp\u00f3lnej wizycie w Moskwie, po niespe\u0142nionych obietnicach, po dw\u00f3ch  milionach, kt\u00f3re wyjecha\u0142y z kraju, po armii bezrobotnych,  niewybudowanych autostradach, zaniedbanych dzieciach, oszukanych  ofiarach powodzi, nieuzdrowionej s\u0142u\u017cbie zdrowia, horrendalnym d\u0142ugu  publicznym, po Palikocie, Niesio\u0142owskim, zak\u0142amanym wizerunku tragicznie  zmar\u0142ej Pary Prezydenckiej, szklance mleka dla dzieci zamienionej na  jedno jab\u0142ko, braku obiecanych dzieciom komputer\u00f3w, likwidowanej  telewizji publicznej, zmienionych lekturach szkolnych, zaniedbaniach dla  s\u0142\u00f3w <strong>Polska, patriotyzm, Ojczyzna<\/strong> i zwyk\u0142ym, politycznym  prostactwie rz\u0105dz\u0105cej koalicji. I tym oddechem b\u0119dzie prezydentura  Jaros\u0142awa Kaczy\u0144skiego, kt\u00f3ra przywr\u00f3ci Polsce poczucie polsko\u015bci,  uczciwo\u015bci i si\u0142y. Polityka klepania po plecach i \u0142a\u017cenia po molo nie  przynios\u0142a \u017cadnych, pozytywnych rezultat\u00f3w. Oszukano nar\u00f3d. Je\u015bli B\u00f3g  macza\u0142 cho\u0107by sw\u00f3j najmniejszy palec w w tragicznych wydarzeniach, jakie  dotkn\u0119\u0142y Polsk\u0119 w ostatnich dw\u00f3ch miesi\u0105cach, to tylko po to, aby  otworzy\u0107 narodowi oczy i ten sam palec bo\u017cy sprawi, \u017ce Kaczy\u0144ski wygra w  pierwszej turze. Nie wierz\u0119, \u017ce Polacy jeszcze \u015bpi\u0105.<\/p>\n","protected":false},"excerpt":{"rendered":"<p>Komorowski pe\u0142ni funkcj\u0119 prezydenta nie do ko\u0144ca zgodnie z konstytucj\u0105. S\u0105dz\u0119, \u017ce kto\u015b si\u0119 o to w ko\u0144cu upomni. Za ten krok Tusk i Komorowski powinni by\u0107 postawieni przed Trybuna\u0142em Stanu.<\/p>\n","protected":false},"author":2,"featured_media":0,"comment_status":"open","ping_status":"open","sticky":false,"template":"","format":"standard","meta":[],"categories":[4],"tags":[],"_links":{"self":[{"href":"https:\/\/sporek.com\/blog\/index.php?rest_route=\/wp\/v2\/posts\/241"}],"collection":[{"href":"https:\/\/sporek.com\/blog\/index.php?rest_route=\/wp\/v2\/posts"}],"about":[{"href":"https:\/\/sporek.com\/blog\/index.php?rest_route=\/wp\/v2\/types\/post"}],"author":[{"embeddable":true,"href":"https:\/\/sporek.com\/blog\/index.php?rest_route=\/wp\/v2\/users\/2"}],"replies":[{"embeddable":true,"href":"https:\/\/sporek.com\/blog\/index.php?rest_route=%2Fwp%2Fv2%2Fcomments&post=241"}],"version-history":[{"count":0,"href":"https:\/\/sporek.com\/blog\/index.php?rest_route=\/wp\/v2\/posts\/241\/revisions"}],"wp:attachment":[{"href":"https:\/\/sporek.com\/blog\/index.php?rest_route=%2Fwp%2Fv2%2Fmedia&parent=241"}],"wp:term":[{"taxonomy":"category","embeddable":true,"href":"https:\/\/sporek.com\/blog\/index.php?rest_route=%2Fwp%2Fv2%2Fcategories&post=241"},{"taxonomy":"post_tag","embeddable":true,"href":"https:\/\/sporek.com\/blog\/index.php?rest_route=%2Fwp%2Fv2%2Ftags&post=241"}],"curies":[{"name":"wp","href":"https:\/\/api.w.org\/{rel}","templated":true}]}}