{"id":242,"date":"2010-06-19T01:56:45","date_gmt":"2010-06-19T05:56:45","guid":{"rendered":"http:\/\/sporek.com\/blog\/?p=242"},"modified":"2010-06-19T01:56:45","modified_gmt":"2010-06-19T05:56:45","slug":"sto-lat","status":"publish","type":"post","link":"https:\/\/sporek.com\/blog\/?p=242","title":{"rendered":"Sto lat!"},"content":{"rendered":"<p><span style=\"font-size: 11pt; font-family: Arial; color: #000000; background-color: transparent; font-weight: normal; font-style: normal; text-decoration: none; vertical-align: baseline\" id=\"internal-source-marker_0.09447751324758857\"><\/span><span style=\"font-size: 11pt; font-family: Arial; color: #000000; background-color: transparent; font-weight: normal; font-style: normal; text-decoration: none; vertical-align: baseline\">Szanowny Panie  Jaros\u0142awie, z okazji urodzin \u017cycz\u0119 Panu si\u0142, uporu, determinacji i  wszelkich \u0142ask bo\u017cych, aby kontynuowanie dzie\u0142a Pa\u0144skiego, tragicznie  zmar\u0142ego Brata przynosi\u0142o jak najwspanialsze efekty. Ojczyzna potrzebuje  Pana dzia\u0142a\u0144 i Jego, Lecha Kaczy\u0144skiego idei. <\/span><br \/>\n<span style=\"font-size: 11pt; font-family: Arial; color: #000000; background-color: transparent; font-weight: normal; font-style: normal; text-decoration: none; vertical-align: baseline\">Pami\u0119ci\u0105 i cisz\u0105  uczcz\u0119 rocznic\u0119 urodzin zmar\u0142ego Prezydenta Polski, Lecha Kaczy\u0144skiego.  Prosz\u0119 o to samo moich Czytelnik\u00f3w, bez wzgl\u0119du na opcj\u0119 polityczn\u0105.<\/span><\/p>\n","protected":false},"excerpt":{"rendered":"<p>Szanowny Panie Jaros\u0142awie, z okazji urodzin \u017cycz\u0119 Panu si\u0142, uporu, determinacji i wszelkich \u0142ask bo\u017cych, aby kontynuowanie dzie\u0142a Pa\u0144skiego, tragicznie zmar\u0142ego Brata przynosi\u0142o jak najwspanialsze efekty. Ojczyzna potrzebuje Pana dzia\u0142a\u0144 i Jego, Lecha Kaczy\u0144skiego idei. Pami\u0119ci\u0105 i cisz\u0105 uczcz\u0119 rocznic\u0119 urodzin zmar\u0142ego Prezydenta Polski, Lecha Kaczy\u0144skiego. Prosz\u0119 o to samo moich Czytelnik\u00f3w, bez wzgl\u0119du na [&hellip;]<\/p>\n","protected":false},"author":2,"featured_media":0,"comment_status":"open","ping_status":"open","sticky":false,"template":"","format":"standard","meta":[],"categories":[4],"tags":[],"_links":{"self":[{"href":"https:\/\/sporek.com\/blog\/index.php?rest_route=\/wp\/v2\/posts\/242"}],"collection":[{"href":"https:\/\/sporek.com\/blog\/index.php?rest_route=\/wp\/v2\/posts"}],"about":[{"href":"https:\/\/sporek.com\/blog\/index.php?rest_route=\/wp\/v2\/types\/post"}],"author":[{"embeddable":true,"href":"https:\/\/sporek.com\/blog\/index.php?rest_route=\/wp\/v2\/users\/2"}],"replies":[{"embeddable":true,"href":"https:\/\/sporek.com\/blog\/index.php?rest_route=%2Fwp%2Fv2%2Fcomments&post=242"}],"version-history":[{"count":0,"href":"https:\/\/sporek.com\/blog\/index.php?rest_route=\/wp\/v2\/posts\/242\/revisions"}],"wp:attachment":[{"href":"https:\/\/sporek.com\/blog\/index.php?rest_route=%2Fwp%2Fv2%2Fmedia&parent=242"}],"wp:term":[{"taxonomy":"category","embeddable":true,"href":"https:\/\/sporek.com\/blog\/index.php?rest_route=%2Fwp%2Fv2%2Fcategories&post=242"},{"taxonomy":"post_tag","embeddable":true,"href":"https:\/\/sporek.com\/blog\/index.php?rest_route=%2Fwp%2Fv2%2Ftags&post=242"}],"curies":[{"name":"wp","href":"https:\/\/api.w.org\/{rel}","templated":true}]}}