{"id":247,"date":"2010-08-02T21:55:09","date_gmt":"2010-08-03T01:55:09","guid":{"rendered":"http:\/\/sporek.com\/blog\/?p=247"},"modified":"2010-08-02T22:04:03","modified_gmt":"2010-08-03T02:04:03","slug":"krzyz","status":"publish","type":"post","link":"https:\/\/sporek.com\/blog\/?p=247","title":{"rendered":"Krzy\u017c"},"content":{"rendered":"<p><span style=\"font-size: 10pt; font-family: Verdana; color: #000000; background-color: transparent; font-weight: normal; font-style: normal; text-decoration: none; vertical-align: baseline\" id=\"internal-source-marker_0.14473319408030927\">Sto  lat temu, zanim komunistyczna hydra zala\u0142a najbli\u017cszych s\u0105siad\u00f3w dawnej  Rosji, nasi dziadkowie i pradziadkowie, w najgorszych nawet snach nie  przypu\u015bciliby, \u017ce krzy\u017c w naszej Ojczy\u017anie stanie si\u0119 przeszkod\u0105 i  przyczyn\u0105 podzia\u0142u spo\u0142ecze\u0144stwa. <\/span><!--more--><span style=\"font-size: 10pt; font-family: Verdana; color: #000000; background-color: transparent; font-weight: normal; font-style: normal; text-decoration: none; vertical-align: baseline\" id=\"internal-source-marker_0.14473319408030927\">Polska uchodzi\u0142a w \u0119uropie od dawien  dawna za kraj niezwykle tolerancyjny, cho\u0107 od ponad tysi\u0105ca lat jest  przy tym krajem na wskro\u015b chrze\u015bcija\u0144skim i w wi\u0119kszo\u015bci z wyznaniem  katolickim. Prymitywnie my\u015bl\u0105cy przedstawiciele zdrajc\u00f3w prosowieckich,  kt\u00f3rzy dostali si\u0119 do w\u0142adzy po II Wojnie \u015awiatowej, pchani \u017cadz\u0105 w\u0142adzy  i perspektyw\u0105 lukratywnego \u017cycia zamienili swoj\u0105 wiar\u0119 na bezwiar\u0119.  Byli ochrzczeni, albo obrzezani, ale g\u0142o\u015bno krzyczeli, \u017ce nie wierz\u0105 w  nic, a B\u00f3g po prostu nie istnieje. Walka z krzy\u017cem by\u0142a wtedy o tyle wyt\u0142umaczalnana, \u017ce prowadzona by\u0142a przez takich w\u0142a\u015bnie ludzi, taki  aparat w\u0142adzy. I wszyscy wiedzieli\u015bmy, gdzie jest wr\u00f3g i kogo si\u0119 ba\u0107.<\/span><br \/>\n<span style=\"font-size: 10pt; font-family: Verdana; color: #000000; background-color: transparent; font-weight: normal; font-style: normal; text-decoration: none; vertical-align: baseline\">Legendarna  tolerancja Polski, o kt\u00f3rej najwi\u0119cej powinni \u015bwiadczy\u0107 \u017bydzi, bo mieli  w naszym kraju swoiste Eldorado zosta\u0142a zamieniona w kompletn\u0105  nietolerancj\u0119 i gdyby nie to, \u017ce ponad 90% spo\u0142ecze\u0144stwa by\u0142o  katolikami, to z pomoc\u0105 ZSRR komunistyczne kacyki zamieni\u0142yby to spo\u0142ecze\u0144stwo w stado  ateist\u00f3w. W obawie przez utrat\u0105 sympatii spo\u0142ecze\u0144stwa nawet Bierut  uczestniczy\u0142 w r\u00f3\u017cnych uroczysto\u015bciach, kt\u00f3re by\u0142y na wskro\u015b katolickie.  Fa\u0142sz, kt\u00f3ry trwa\u0142 kr\u00f3tko, bo na scenie pokaza\u0142 si\u0119 Jakub Berman i  zacz\u0119to ju\u017c gra\u0107 otwarcie przeciw ko\u015bcio\u0142owi, a tym samym przeciw  spo\u0142ecze\u0144stwu. Ale pot\u0119ga polskiego narodu nigdy nie da\u0142a tamtej bandzie  nawet pomarzy\u0107 o zwyci\u0119stwie. Spo\u0142ecze\u0144stwo wybroni\u0142o krzy\u017c, ko\u015bcio\u0142y,  wiar\u0119. <\/span><br \/>\n<span style=\"font-size: 10pt; font-family: Verdana; color: #000000; background-color: transparent; font-weight: normal; font-style: normal; text-decoration: none; vertical-align: baseline\">By\u0142em  m\u0142odym, pocz\u0105tkuj\u0105cym licealist\u0105, gdy z poci\u0105gu wioz\u0105cego nas  codziennie z Rajczy do \u017bywca patrzyli\u015bmy z podnieceniem, jak powstawa\u0142  ko\u015bci\u00f3\u0142 w miejscowo\u015bci Cisiec, k\/W\u0119gierskiej G\u00f3rki. Jego budow\u0119  rozpocz\u0119to w nocy, a od wczesnych godzin rannych wszystkie kobiety;  stanu wolnego, m\u0119\u017catki z dzie\u0107mi na r\u0119kach, dzie\u0107mi za r\u0105czki, ci\u0119\u017carne  otoczy\u0142y wykopany w nocy d\u00f3\u0142 i broni\u0142y dost\u0119pu oddzia\u0142\u00f3w milicyjnych do  zalewaj\u0105cych fundamenty m\u0119\u017cczyzn. Heroizm, kt\u00f3rego si\u0142a komunistycznej  w\u0142adzy nie by\u0142a w stanie przezwyci\u0119\u017cy\u0107. Pami\u0119tam tysi\u0105ce ludzi, kt\u00f3rzy  przyjechali z r\u00f3\u017cnych stron na po\u015bwi\u0119cenie tego ko\u015bcio\u0142a. I znowu:  wiedzieli\u015bmy, gdzie jest wr\u00f3g; widzieli\u015bmy go. By\u0142 ubrany w niebieskie  mundury i nosi\u0142 o\u0142owiane pa\u0142ki pokryte gum\u0105; siedzia\u0142 za biurkami w  komitetach i wynagradza\u0142 si\u0119 pieni\u0119dzmi zarobionymi przez spo\u0142ecze\u0144stwo;  mia\u0142 specjalne sklepy z ekskluzywnymi towarami, nominowa\u0142 dyrektor\u00f3w,  prezes\u00f3w, &#8211; mia\u0142 w\u0142adz\u0119. Ale nie da\u0142 rady Narodowi, kt\u00f3ry trwa\u0142 przy  swojej wierze, tradycjach, kulturze i zwyk\u0142ej polsko\u015bci z dziada,  pradziada. <\/span><br \/>\n<span style=\"font-size: 10pt; font-family: Verdana; color: #000000; background-color: transparent; font-weight: normal; font-style: normal; text-decoration: none; vertical-align: baseline\">Dzi\u015b  krzy\u017c przeszkadza cz\u0142owiekowi, ludziom, kt\u00f3rzy wyszli z ruchu  Solidarno\u015bci. Kt\u00f3rzy polskiemu Papie\u017cowi pokazywali swoje przywi\u0105zanie  do Krzy\u017ca, do Matki Boskiej, do Ko\u015bcio\u0142a.<\/span><br \/>\n<span style=\"font-size: 10pt; font-family: Verdana; color: #000000; background-color: transparent; font-weight: normal; font-style: normal; text-decoration: none; vertical-align: baseline\">Gdzie  jest dzi\u015b ten, kt\u00f3ry z Matk\u0105 Bosk\u0105 w klapie niby wygrywa\u0142 z  komunistyczn\u0105 w\u0142adz\u0105? Gdzie jest jego nieomylna m\u0105dro\u015b\u0107? Dlaczego niie  reaguje na plany usuni\u0119cia krzy\u017ca z placu przed pa\u0142acem prezydenckim?  Tak, wtedy popisywa\u0107 si\u0119 by\u0142o \u0142atwo, bo sta\u0142o za nim 10 milion\u00f3w  cz\u0142onk\u00f3w Solidarno\u015bci; czterokrotnie wi\u0119cej, ni\u017c liczy\u0142a w\u00f3wczas PZPR.  Gdzie on jest dzisiaj?<\/span><br \/>\n<span style=\"font-size: 10pt; font-family: Verdana; color: #000000; background-color: transparent; font-weight: normal; font-style: normal; text-decoration: none; vertical-align: baseline\">Co  jest w tym krzy\u017cu, \u017ce przeszkadza on Prezydentowi-Elektowi? Czy  przypadkiem nie owa si\u0142a narodu, kt\u00f3ry ci\u0105gle chce pokazywa\u0107, jak kocha\u0142  poprzedniego Prezydenta? Czy, je\u015bli Komorowski chce mie\u0107 szacunek do  urz\u0119du, na kt\u00f3ry go wybrano, nie powinien przede wszystkim okaza\u0107  szacunek krzy\u017cowi, kt\u00f3ry wzniesiono nie jako symbol religii, ale symbol  upami\u0119tniaj\u0105cy tragiczn\u0105 \u015bmier\u0107 poprzedniego Prezydenta i elity  politycznej naszego kraju? Przecie\u017c tam byli jego, Komorowskiego  przyjaciele. A gdyby jako\u015b odwr\u00f3ci\u0107 sytuacj\u0119, gdyby Komorowski zada\u0142  sobie pytanie: a je\u015bli to ja zgin\u0105\u0142em, jako prezydent, czy chcia\u0142bym,  aby symbol, jakim spo\u0142ecze\u0144stwo chcia\u0142o uczci\u0107 moj\u0105 pami\u0119\u0107 sta\u0142 si\u0119  przedmiotem bezsensownych rozgrywek?<\/span><br \/>\n<span style=\"font-size: 10pt; font-family: Verdana; color: #000000; background-color: transparent; font-weight: normal; font-style: normal; text-decoration: none; vertical-align: baseline\">Nie  wiem gdzie jest wr\u00f3g, nie wiem kogo si\u0119 ba\u0107. Wiem tylko, \u017ce walka z  krzy\u017cem kompromituje polsk\u0105 w\u0142adz\u0119 i do cna obna\u017ca nico\u015b\u0107 panuj\u0105cych.<\/span><br \/>\n<span style=\"font-size: 10pt; font-family: Verdana; color: #000000; background-color: transparent; font-weight: normal; font-style: normal; text-decoration: none; vertical-align: baseline\">Je\u015bli  dopuszcza si\u0119, aby m\u0142odzi ludzie oddawali na ten krzy\u017c mocz i kpili z  tych, kt\u00f3rzy modl\u0105 si\u0119 przy nim, to znaczy, \u017ce zdziczenie, za  przyzwoleniem w\u0142adzy dosz\u0142o do katastrofalnego momentu i teraz chyba  tylko na kar\u0119 przyjdzie czeka\u0107. Dlaczego nie ma wymaga\u0144 do ateist\u00f3w, aby  si\u0119 ochrzcili? Dlaczego nikt nie wysuwa hase\u0142, \u017ce wyznawcy innych, ni\u017c  katolicka religii b\u0119d\u0105 mie\u0107 takie, czy siakie ograniczenia? Przeszkadza  katolicki krzy\u017c. W kraju, kt\u00f3rego w\u0142adze uwa\u017caj\u0105 si\u0119 za m\u0105dre,  tolerancyjne, uczciwe i&#8230;katolickie.<\/span><br \/>\n<span style=\"font-size: 10pt; font-family: Verdana; color: #000000; background-color: transparent; font-weight: normal; font-style: normal; text-decoration: none; vertical-align: baseline\">W  kraju, kt\u00f3ry da\u0142 \u015bwiatu najwspanialszego z Papie\u017cy, kt\u00f3rego kr\u00f3l w imi\u0119  Bo\u017ce wstrzyma\u0142 muzu\u0142ma\u0144sk\u0105 inwazj\u0119 na Europ\u0119, kt\u00f3rego inny kr\u00f3l i  tysi\u0105ce oddanych Ojczy\u017anie rycerzy wstrzyma\u0142 krzy\u017cack\u0105 nawa\u0142nic\u0119. Z  krzy\u017cem Polska by\u0142a pot\u0119g\u0105 od morza, do morza. Z fotografiami  komunistycznych kacyk\u00f3w by\u0142a s\u0142ugusem czerwonej Rosji, ze zdj\u0119ciami  prezydenta b\u0119dzie s\u0142u\u017ck\u0105 i wasalem Europy. Zdj\u0119cia nie za\u0142atwi\u0105 niczego,  to ludzie maj\u0105 broni\u0107 polskiej tradycji, wiary, krzy\u017ca,  kultury&#8230;Polski wreszcie.<\/span><span style=\"font-size: 11pt; font-family: Verdana; color: #000000; background-color: transparent; font-weight: normal; font-style: normal; text-decoration: none; vertical-align: baseline\"><\/span><br \/>\n<span style=\"font-size: 10pt; font-family: Verdana; color: #000000; background-color: transparent; font-weight: normal; font-style: normal; text-decoration: none; vertical-align: baseline\">PS:  Z g\u00f3ry uprzedzam, \u017ce wszelkie komentarze \u201cwalcz\u0105ce\u201d z krzy\u017cem b\u0119d\u0105  usuni\u0119te natychmiast. Atei\u015bci, komuni\u015bci i wszyscy, kt\u00f3rzy chc\u0105 walczy\u0107 z  krzy\u017cem powinni za\u0142o\u017cy\u0107 sobie w\u0142asne blogi i tam wypisywa\u0107 swoje teorie  o likwidacji krzy\u017cy. Tym razem najuczciwiej informuj\u0119, \u017ce na moim blogu  nie zgadzam si\u0119 na walk\u0119 z krzy\u017cem.<\/span><\/p>\n","protected":false},"excerpt":{"rendered":"<p>Sto lat temu, zanim komunistyczna hydra zala\u0142a najbli\u017cszych s\u0105siad\u00f3w dawnej Rosji, nasi dziadkowie i pradziadkowie, w najgorszych nawet snach nie przypu\u015bciliby, \u017ce krzy\u017c w naszej Ojczy\u017anie stanie si\u0119 przeszkod\u0105 i przyczyn\u0105 podzia\u0142u spo\u0142ecze\u0144stwa.<\/p>\n","protected":false},"author":2,"featured_media":0,"comment_status":"open","ping_status":"open","sticky":false,"template":"","format":"standard","meta":[],"categories":[1],"tags":[],"_links":{"self":[{"href":"https:\/\/sporek.com\/blog\/index.php?rest_route=\/wp\/v2\/posts\/247"}],"collection":[{"href":"https:\/\/sporek.com\/blog\/index.php?rest_route=\/wp\/v2\/posts"}],"about":[{"href":"https:\/\/sporek.com\/blog\/index.php?rest_route=\/wp\/v2\/types\/post"}],"author":[{"embeddable":true,"href":"https:\/\/sporek.com\/blog\/index.php?rest_route=\/wp\/v2\/users\/2"}],"replies":[{"embeddable":true,"href":"https:\/\/sporek.com\/blog\/index.php?rest_route=%2Fwp%2Fv2%2Fcomments&post=247"}],"version-history":[{"count":0,"href":"https:\/\/sporek.com\/blog\/index.php?rest_route=\/wp\/v2\/posts\/247\/revisions"}],"wp:attachment":[{"href":"https:\/\/sporek.com\/blog\/index.php?rest_route=%2Fwp%2Fv2%2Fmedia&parent=247"}],"wp:term":[{"taxonomy":"category","embeddable":true,"href":"https:\/\/sporek.com\/blog\/index.php?rest_route=%2Fwp%2Fv2%2Fcategories&post=247"},{"taxonomy":"post_tag","embeddable":true,"href":"https:\/\/sporek.com\/blog\/index.php?rest_route=%2Fwp%2Fv2%2Ftags&post=247"}],"curies":[{"name":"wp","href":"https:\/\/api.w.org\/{rel}","templated":true}]}}