{"id":248,"date":"2010-08-05T00:16:38","date_gmt":"2010-08-05T04:16:38","guid":{"rendered":"http:\/\/sporek.com\/blog\/?p=248"},"modified":"2010-08-05T00:30:03","modified_gmt":"2010-08-05T04:30:03","slug":"tusk-obama-11","status":"publish","type":"post","link":"https:\/\/sporek.com\/blog\/?p=248","title":{"rendered":"Tusk &#8211; Obama 1:1"},"content":{"rendered":"<p><span style=\"font-size: 11pt; font-family: Arial; color: #000000; background-color: transparent; font-weight: normal; font-style: normal; text-decoration: none; vertical-align: baseline\" id=\"internal-source-marker_0.9612593774846815\"><\/span><span style=\"font-size: 11pt; font-family: Arial; color: #000000; background-color: transparent; font-weight: normal; font-style: normal; text-decoration: none; vertical-align: baseline\">Przys\u0142uchiwa\u0142em  si\u0119 wczoraj debacie sejmowej w polskim parlamencie. No c\u00f3\u017c, na  \u201cspokojnej wyspie, oazie bezkryzysu\u201d zafalowa\u0142o i da\u0142o si\u0119 s\u0142ysze<\/span><span style=\"font-size: 10pt; font-family: Verdana; color: #000000; background-color: transparent; font-weight: normal; font-style: normal; text-decoration: none; vertical-align: baseline\">\u0107 <\/span><span style=\"font-size: 11pt; font-family: Arial; color: #000000; background-color: transparent; font-weight: normal; font-style: normal; text-decoration: none; vertical-align: baseline\">gro\u017ane  pomruki nadchodz\u0105cej burzy. Dziura bud\u017cetowa ogromna, bezrobocie bez  zmian, do sprzedania ju\u017c tak niewiele, obietnic taki ogrom.<\/span><!--more--><span style=\"font-size: 11pt; font-family: Arial; color: #000000; background-color: transparent; font-weight: normal; font-style: normal; text-decoration: none; vertical-align: baseline\"> Sk\u0105d tu bra<\/span><span style=\"font-size: 10pt; font-family: Verdana; color: #000000; background-color: transparent; font-weight: normal; font-style: normal; text-decoration: none; vertical-align: baseline\">\u0107? Najlepiej z kieszeni spo\u0142ecze\u0144stwa i najlepiej tych najbiedniejszych. Najbardziej jednak zszokowa\u0142o mnie stwierdzenie, ze<\/span><span style=\"font-size: 11pt; font-family: Arial; color: #000000; background-color: transparent; font-weight: normal; font-style: normal; text-decoration: none; vertical-align: baseline\"> wszystkiemu winien&#8230;PiS. Po ponad dw\u00f3ch latach ciagle wszystkiemu winien PiS.<\/span><br \/>\n<span style=\"font-size: 11pt; font-family: Arial; color: #000000; background-color: transparent; font-weight: normal; font-style: normal; text-decoration: none; vertical-align: baseline\">Dzisiaj,  wieczorem \u201czas\u0142ucha\u0142em\u201d si\u0119 w CNN; obszerne fragmenty przm\u00f3wienia Prez.  Obamy do lider\u00f3w zwiazk\u00f3w zawodowych. Czeg\u00f3\u017c on im tam nie obieca\u0142, jak si\u0119 \u0142asi\u0142. Co\u015b  nieprawdopodobnego. Ale to, co mia\u0142 wsp\u00f3lnego z naszym Premierem, to  to, \u017ce zwali\u0142 wszystko na&#8230;G. W. Busha.<\/span><br \/>\n<span style=\"font-size: 11pt; font-family: Arial; color: #000000; background-color: transparent; font-weight: normal; font-style: normal; text-decoration: none; vertical-align: baseline\">St\u0105d tytu\u0142 tego artyku\u0142u.<\/span><br \/>\n<span style=\"font-size: 11pt; font-family: Arial; color: #000000; background-color: transparent; font-weight: normal; font-style: normal; text-decoration: none; vertical-align: baseline\">Je\u015bli kto\u015b nie wie, jaka jest r\u00f3\u017cnica mi\u0119dzy CNN i FOX NEWS \u00a0to informuj\u0119, \u017ce taka sama, jak mi\u0119dzy TVN24 i TVP. <\/span><br \/>\n<span style=\"font-size: 11pt; font-family: Arial; color: #000000; background-color: transparent; font-weight: normal; font-style: normal; text-decoration: none; vertical-align: baseline\">W  CNN ani s\u0142owa analizy po przem\u00f3wieniu. FOX NEWS zrobi\u0142 dwie analizy; w  pierwszej wyst\u0105pi\u0142a Diana Perino &#8211; za czas\u00f3w G. W. Busha sekretarz  prasowy Bia\u0142ego Domu. S\u0142ynna Diana Perino, m\u0142oda, \u015bliczna i bardzo m\u0105dra  komentatorka polityczna Fox News. Oczywi\u015bcie mo\u017cna sie by\u0142o spodziewa<\/span><span style=\"font-size: 10pt; font-family: Verdana; color: #000000; background-color: transparent; font-weight: normal; font-style: normal; text-decoration: none; vertical-align: baseline\">\u0107,  \u017ce wytknie Obamie wszystkie potkni\u0119cia i ca\u0142\u0105 jego teori\u0119 rz\u0105dzenia.  Tak w\u0142a\u015bnie zrobi\u0142a; punkt, po punktcie ukaza\u0142a negatywy w wyst\u0105pieniu  gospodarza Bia\u0142ego Domu. Przypomnia\u0142a, \u017ce demokraci maj\u0105 wi\u0119kszo\u015b\u0107 w  kongresie juz od czasu G.W. Busha, czyli cztery lata. Chwil\u0119 p\u00f3\u017aniej,  prowadz\u0105ca t\u0119 cz\u0119\u015b\u0107 programu, Greta van Susteren zaprosi\u0142a dla  przeciwwagi Doug\u2019a Schoena, doradc\u0119 Billa Clintona. Teraz mo\u017cna si\u0119  by\u0142o spodziewa\u0107 \u017ce jako demokrata b\u0119dzie broni\u0142 prezydenta  reprezentuj\u0105cego jego parti\u0119. <\/span><br \/>\n<span style=\"font-size: 10pt; font-family: Verdana; color: #000000; background-color: transparent; font-weight: normal; font-style: normal; text-decoration: none; vertical-align: baseline\">Schoen  kompletnie mnie zaskoczy\u0142. Oto, w skr\u00f3cie jego kr\u00f3tkie wyst\u0105pienie: \u201cTo  dziwne, \u017ce po 19 miesi\u0105cach win\u0119 ci\u0105gle zrzuca si\u0119 na Busha. Nie ma  reform, bezrobocie na poziomie 9.5%, gospodarka nie rusza zmiejsca,  fundusze stymulacyjne nie zda\u0142y egzaminu, a wed\u0142ug Gallupa poparcie dla  prezydenta jest w tej chwili na poziomie 46%.\u201d<\/span><br \/>\n<span style=\"font-size: 10pt; font-family: Verdana; color: #000000; background-color: transparent; font-weight: normal; font-style: normal; text-decoration: none; vertical-align: baseline\">Przerzucam  na CNN: sonda w\u015br\u00f3d polityk\u00f3w wykazuje, \u017ce &#8222;a\u017c&#8221; 67% polityk\u00f3w uwa\u017ca, \u017ce  kraj zmierza w dobrym kierunku. Rano Wiadomo\u015bci na kanale 11-tym poda\u0142y,  \u017ce przy tej okazji zrobiono r\u00f3wnie\u017c sond\u0119 w\u015br\u00f3d spo\u0142ecze\u0144stwa, z kt\u00f3rej  wynika, \u017ce 74% uwa\u017ca, i\u017c kraj idzie absolutnie w z\u0142\u0105 stron\u0119.<\/span><br \/>\n<span style=\"font-size: 10pt; font-family: Verdana; color: #000000; background-color: transparent; font-weight: normal; font-style: normal; text-decoration: none; vertical-align: baseline\">Wczoraj  odby\u0142o si\u0119 referendum w stanie Missouri na temat ustawy o  ubezpieczeniach zdrowotnych, podpisan\u0105 przez Obam\u0119 w marcu tego roku, a  kt\u00f3ra ma obowi\u0105zywa\u0107 od 2014 roku. A\u017c 71% sprzeciwi\u0142o si\u0119 narzuconemu  przez rz\u0105d obowi\u0105zkowemu ubezpieczeniu. W\u0142asnie od chwili podpisania  tego dokumentu poparcie dla B. Obamy zacz\u0119\u0142o spada\u0107. Amerykanie nie  znosz\u0105 przymusu. Jakie b\u0119d\u0105 konsekwencje referendum w Missouri, trudno  teraz przewidzie\u0107.<\/span><br \/>\n<span style=\"font-size: 10pt; font-family: Verdana; color: #000000; background-color: transparent; font-weight: normal; font-style: normal; text-decoration: none; vertical-align: baseline\">Wr\u00f3ci\u0142em  do kana\u0142u 360 &#8211; Fox News: prezenter zaprosi\u0142 przedstawicieli r\u00f3\u017cnych  opcji. Dyskutowali o planie wybudowania meczetu w odleg\u0142o\u015bci dw\u00f3ch  blok\u00f3w od Ground Zero. Tu by\u0142a zgoda wszystkich: jest to uw\u0142aczenie  pami\u0119ci ofiar 11 Wrze\u015bnia. A\u017c dziw bierze, \u017ce burmistrz N. Jorku poparl  t\u0119 inicjatyw\u0119 nie bacz\u0105c na wyst\u0105pienia, pe\u0142ne \u0142ez, przedstawicieli  rodzin cywil\u00f3w, policji, stra\u017cak\u00f3w. Meczet stanie. Amerykanie  protestuj\u0105.<\/span><br \/>\n<span style=\"font-size: 10pt; font-family: Verdana; color: #000000; background-color: transparent; font-weight: normal; font-style: normal; text-decoration: none; vertical-align: baseline\">Prowadz\u0105cy  program zmienia temat; oto w mie\u015bcie Riverhead (du\u017ca Polonia), na ko\u0144cu  D\u0142ugiej Wyspy (Long Island) miejscowe w\u0142adze u\u017cywaj\u0105 zdj\u0119\u0107 z Google  Earth do \u201cszpiegowania, czy i kto ma z ty\u0142u domu basen, czy i kto \u015bci\u0105\u0142  sobie drzewo na swojej posiad\u0142o\u015bci itp. Jedna z bior\u0105cych udzia\u0142 w  dyskusji kobiet zada\u0142a najbardziej chyba znamienne pytanie: \u201cCo si\u0119  sta\u0142o z naszym krajem? Jak to mo\u017cliwe, \u017ce urz\u0105d obserwuje m\u00f3j \u201cback  yard\u201d przy pomocy zdj\u0119\u0107 satelitarnych?\u201d<\/span><br \/>\n<span style=\"font-size: 10pt; font-family: Verdana; color: #000000; background-color: transparent; font-weight: normal; font-style: normal; text-decoration: none; vertical-align: baseline\">Kiedy  przylecia\u0142em do Stan\u00f3w 22 lata temu paczka papieros\u00f3w kosztowa\u0142a 60  cent\u00f3w, &#8211; dzi\u015b kosztuje 12 dolar\u00f3w. Chleb 30 cent\u00f3w, &#8211; dzi\u015b nie ma  ta\u0144szego, ni\u017c dwa dolary, ale jest powy\u017cej trzech i czterech. Metro  kosztowa\u0142o 25 cent\u00f3w, &#8211; dzi\u015b 2.5 dolara i zapowiadana jest kolejna  podwy\u017cka.<\/span><br \/>\n<span style=\"font-size: 10pt; font-family: Verdana; color: #000000; background-color: transparent; font-weight: normal; font-style: normal; text-decoration: none; vertical-align: baseline\">W  Polsce mia\u0142o by\u0107 pelno mi\u0142o\u015bci i szacunku, dobrobyt i bez strachu. Dzi\u015b  znajomy poprosi\u0142 mnie, abym na skypie nie m\u00f3wi\u0142 z nim o polityce&#8230;bo  si\u0119 boi. Ciesz\u0119 si\u0119, \u017ce z Krzy\u017cem sko\u0144czy\u0142o si\u0119, jak si\u0119 sko\u0144czy\u0142o.  Jestem pe\u0142en podziwu dla obu stron &#8211; policji i demonstrat\u00f3w, \u017ce  zachowali (poza ma\u0142ymi wyj\u0105tkami) umiar i rozs\u0105dek i nie dosz\u0142o do  \u017cadnej tragedii. Jedno nale\u017cy sobie tu u\u015bwiadomi\u0107: Nie wolno k\u0142ama\u0107  narodu, nie wolno klama\u0107 m\u0142odych, czyt. Harcerzy. Obiecano, \u017ce w miejsce  Krzy\u017ca stanie monument. Pro -PO-wska Konserwator Zabytk\u00f3w dopiero teraz  wyda\u0142a o\u015bwiadczeni, \u017ce tam nie mo\u017ce stan\u0105\u0107 nic. Pytam si\u0119 &#8211; dlaczego?  Sutuacja jest tak wyj\u0105tkowa, \u017ce nale\u017cy j\u0105 wyj\u0105tkowo potraktowa\u0107. Obro\u0144cy  Krzy\u017ca nie chc\u0105 wojny, &#8211; chc\u0105 czego\u015b, co upami\u0119tni Ofiary.<\/span><br \/>\n<span style=\"font-size: 10pt; font-family: Verdana; color: #000000; background-color: transparent; font-weight: normal; font-style: normal; text-decoration: none; vertical-align: baseline\">A  premier Tusk m\u00f3wi, \u017ce \u201ctrzeba da\u0107 czas&#8230;czasowi\u201d (podobno angielskie  powiedzenie), \u201ca je\u015bli nic si\u0119 nie zmieni, to b\u0119dzie trzeba zastosowa\u0107  jakie\u015b poci\u0105gni\u0119cia porz\u0105dkowe\u201d C\u00f3\u017c to znaczy, Panie premierze?<\/span><br \/>\n<span style=\"font-size: 10pt; font-family: Verdana; color: #000000; background-color: transparent; font-weight: normal; font-style: normal; text-decoration: none; vertical-align: baseline\">Emeryci,  renci\u015bci b\u0119d\u0105 teraz \u0142ata\u0107 dziur\u0119 bud\u017cetow\u0105. To oni j\u0105 zrobili? Boj\u0119 si\u0119  reakcji spo\u0142ecze\u0144stwa, kt\u00f3re zwolna zaczyna dostrzega\u0107 ob\u0142ud\u0119 rz\u0105du.<\/span><br \/>\n<span style=\"font-size: 10pt; font-family: Verdana; color: #000000; background-color: transparent; font-weight: normal; font-style: normal; text-decoration: none; vertical-align: baseline\">Spo\u0142ecze\u0144stwo ameryka\u0144skie dostrzega to samo u swojego prezydenta.<\/span><br \/>\n<span style=\"font-size: 10pt; font-family: Verdana; color: #000000; background-color: transparent; font-weight: normal; font-style: normal; text-decoration: none; vertical-align: baseline\">Wed\u0142ug  mnie Donald Tusk jest najgorszym premierem od czasu uzyskania wolno\u015bci i  posiada najgorszy rz\u0105d. Najwi\u0119ksze pretensje mam do niego za kompletny  brak reform i za oddanie Rosji \u015bledztwa w\/s katastrofy smole\u0144skiej <\/span><br \/>\n<span style=\"font-size: 10pt; font-family: Verdana; color: #000000; background-color: transparent; font-weight: normal; font-style: normal; text-decoration: none; vertical-align: baseline\">Barack  Obama mo\u017ce okaza\u0107 sie najgorszym prezydentem Stan\u00f3w Zjednoczonych. Na  razie jest 1:1 w usprawiedliwianiu swoich nieudolno\u015bci. <\/span><br \/>\n<span style=\"font-size: 10pt; font-family: Verdana; color: #000000; background-color: transparent; font-weight: normal; font-style: normal; text-decoration: none; vertical-align: baseline\">I ostatnia sprawa: czy istotnie by\u0142y w Polsce wi\u0119zienia CIA? <\/span><br \/>\n<span style=\"font-size: 10pt; font-family: Verdana; color: #000000; background-color: transparent; font-weight: normal; font-style: normal; text-decoration: none; vertical-align: baseline\">No, to czekajmy na wyniki prokuratorskiego dochodzenia.<\/span><\/p>\n","protected":false},"excerpt":{"rendered":"<p>Przys\u0142uchiwa\u0142em si\u0119 wczoraj debacie sejmowej w polskim parlamencie. No c\u00f3\u017c, na \u201cspokojnej wyspie, oazie bezkryzysu\u201d zafalowa\u0142o i da\u0142o si\u0119 s\u0142ysze\u0107 gro\u017ane pomruki nadchodz\u0105cej burzy. Dziura bud\u017cetowa ogromna, bezrobocie bez zmian, do sprzedania ju\u017c tak niewiele, obietnic taki ogrom.<\/p>\n","protected":false},"author":2,"featured_media":0,"comment_status":"open","ping_status":"open","sticky":false,"template":"","format":"standard","meta":[],"categories":[4],"tags":[],"_links":{"self":[{"href":"https:\/\/sporek.com\/blog\/index.php?rest_route=\/wp\/v2\/posts\/248"}],"collection":[{"href":"https:\/\/sporek.com\/blog\/index.php?rest_route=\/wp\/v2\/posts"}],"about":[{"href":"https:\/\/sporek.com\/blog\/index.php?rest_route=\/wp\/v2\/types\/post"}],"author":[{"embeddable":true,"href":"https:\/\/sporek.com\/blog\/index.php?rest_route=\/wp\/v2\/users\/2"}],"replies":[{"embeddable":true,"href":"https:\/\/sporek.com\/blog\/index.php?rest_route=%2Fwp%2Fv2%2Fcomments&post=248"}],"version-history":[{"count":0,"href":"https:\/\/sporek.com\/blog\/index.php?rest_route=\/wp\/v2\/posts\/248\/revisions"}],"wp:attachment":[{"href":"https:\/\/sporek.com\/blog\/index.php?rest_route=%2Fwp%2Fv2%2Fmedia&parent=248"}],"wp:term":[{"taxonomy":"category","embeddable":true,"href":"https:\/\/sporek.com\/blog\/index.php?rest_route=%2Fwp%2Fv2%2Fcategories&post=248"},{"taxonomy":"post_tag","embeddable":true,"href":"https:\/\/sporek.com\/blog\/index.php?rest_route=%2Fwp%2Fv2%2Ftags&post=248"}],"curies":[{"name":"wp","href":"https:\/\/api.w.org\/{rel}","templated":true}]}}