{"id":249,"date":"2010-08-15T00:50:13","date_gmt":"2010-08-15T04:50:13","guid":{"rendered":"http:\/\/sporek.com\/blog\/?p=249"},"modified":"2010-08-15T11:26:40","modified_gmt":"2010-08-15T15:26:40","slug":"koniec-zludzen","status":"publish","type":"post","link":"https:\/\/sporek.com\/blog\/?p=249","title":{"rendered":"Koniec z\u0142udze\u0144?"},"content":{"rendered":"<p><span style=\"font-size: 10pt; font-family: Verdana; color: #000000; background-color: transparent; font-weight: normal; font-style: normal; text-decoration: none; vertical-align: baseline\" id=\"internal-source-marker_0.07495451553706145\"><\/span><span style=\"font-size: 9pt; font-family: Arial; color: #ff0000; background-color: transparent; font-weight: bold; font-style: normal; text-decoration: none; vertical-align: baseline\">&#8222;Pa\u0144stwa gin\u0105 wtedy, gdy nie umiej\u0105 odr\u00f3\u017cni\u0107 ludzi z\u0142ych od dobrych&#8221;<\/span><br \/>\n<span style=\"font-size: 9pt; font-family: Arial; color: #ff0000; background-color: transparent; font-weight: normal; font-style: normal; text-decoration: none; vertical-align: baseline\">&#8211; Anystenes z Aten (ok. 440-366 p.n. Chrystusa)<\/span><br \/>\n<span style=\"font-size: 10pt; font-family: Verdana; color: #000000; background-color: transparent; font-weight: normal; font-style: normal; text-decoration: none; vertical-align: baseline\">My\u015bl\u0119,  \u017ce je\u015bli kto\u015b mia\u0142 jeszcze z\u0142udzenia co do osoby prezydenta  Komorowskiego, to pozby\u0142 si\u0119 ich definitywnie teraz przy okazji  \u017cenuj\u0105cego ataku na Krzy\u017c, braku szacunku dla swojego Poprzednika, kt\u00f3ry  tragicznie zgin\u0105\u0142 wesp\u00f3\u0142 z Elit\u0105 polityczn\u0105, jeszcze bardziej  \u017cenuj\u0105cego podwieszenia \u201ctablicy pami\u0105tkowej\u201d dla ludzi, kt\u00f3rzy \u201ctam si\u0119  zbierali\u201d i zgodzie na pomnik dla czerwono-armist\u00f3w, kt\u00f3rzy zgin\u0119li w bitwie pod Ossowem. <\/span><!--more--><span style=\"font-size: 10pt; font-family: Verdana; color: #000000; background-color: transparent; font-weight: normal; font-style: normal; text-decoration: none; vertical-align: baseline\">Ho\u0142d Elicie, Prezydentowi, dow\u00f3dztwu, naukowcom, ksi\u0119\u017com, dzia\u0142aczom &#8211;  96 Polakom, -rzecz ogromnie trudna do wykonania dla Komorowskiego.<\/span><br \/>\n<span style=\"font-size: 10pt; font-family: Verdana; color: #000000; background-color: transparent; font-weight: normal; font-style: normal; text-decoration: none; vertical-align: baseline\">Ho\u0142d 22 bolszewickim \u017co\u0142nierzom, kt\u00f3rzy pozostawiali po sobie b\u00f3l, \u015bmier\u0107,  cierpienie i wojenn\u0105 po\u017cog\u0119 &#8211; proste, \u0142atwe i pewnie przyjemne.<\/span><br \/>\n<span style=\"font-size: 10pt; font-family: Verdana; color: #000000; background-color: transparent; font-weight: bold; font-style: normal; text-decoration: none; vertical-align: baseline\">\u201cPrzez trupa bia\u0142ej Polski prowadzi droga do zarzewia \u015bwiatowego po\u017caru rewolucji\u201d &#8211; t<\/span><span style=\"font-size: 10pt; font-family: Verdana; color: #000000; background-color: transparent; font-weight: normal; font-style: normal; text-decoration: none; vertical-align: baseline\">o butne s\u0142owa marsza\u0142ka Michai\u0142a Tuchaczewskiego, (\u041c\u0438\u0445\u0430\u0438\u043b \u0422\u0443\u0445\u0430\u0447\u0435\u0432\u0441\u043a\u0438\u0439) wypowiedziane zaledwie kilka tygodni przed t\u0105 bitw\u0105.<\/span><br \/>\n<span style=\"font-size: 10pt; font-family: Verdana; color: #000000; background-color: transparent; font-weight: normal; font-style: normal; text-decoration: none; vertical-align: baseline\">\u201cOrze\u0142  Bia\u0142y\u201d przyznany po\u015bmiertnie bohaterskiemu Ksi\u0119dzu Skorupce w  kontek\u015bcie pomnika dla czerwono-armist\u00f3w, to jaki\u015b ironiczny chichot, to  przede wszystkim ha\u0144ba dla Ksi\u0119dza Skorupki, kt\u00f3ry zgin\u0105\u0142 na tych polach, dla bohaterskich \u017co\u0142nierzy polskich i tamtych,  kt\u00f3rzy ochronili Europ\u0119 przed czerwon\u0105 nawa\u0142nic\u0105 i tych, kt\u00f3rzy dzi\u015b, 15  sierpnia obchodz\u0105 Dzie\u0144 Wojska Polskiego.<\/span><br \/>\n<span style=\"font-size: 10pt; font-family: Verdana; color: #000000; background-color: transparent; font-weight: normal; font-style: normal; text-decoration: none; vertical-align: baseline\">Ta bitwa, ten &#8222;Cud nad Wis\u0142\u0105&#8221; zaliczona zosta\u0142a przez \u015bwiat do pierwszej dwudziestki najwa\u017cniejszych bitew w historii. Kancelaria prezydenta RP, z okazji 90-ej rocznicy tego wydarzenia czci&#8230;naje\u017adzc\u00f3w. Niewiarygodne.<\/span><\/p>\n<p><span style=\"font-size: 10pt; font-family: Verdana; color: #000000; background-color: transparent; font-weight: normal; font-style: normal; text-decoration: none; vertical-align: baseline\">Na  polach osswieckich odby\u0142a si\u0119 inscenizacja-rekonstrukcja bitwy w wykonaniu Polak\u00f3w chc\u0105cych uczci\u0107 bohaterstwo polskich \u017co\u0142nierzy; na tych  samych polach w ciagu zaledwie tygodnia, na wniosek Kancelarii  prezydenta postawiono pomnik \u017co\u0142nierzom spod znaku sierpa i m\u0142ota. \u017beby  ironii sta\u0142o si\u0119 zado\u015b\u0107, g\u0142\u00f3wnym elementem pomnika jest&#8230;krzy\u017c, co z tego, \u017ce prawos\u0142awny. Tym gorzej, bo na polski, chrze\u015bcija\u0144ski nie ma zgody. Co  jeszcze trzeba doda\u0107, aby znikn\u0119\u0142y z\u0142udzenia co do polsko\u015bci prezydenta  Komorowskiego, jego szacunku dla historii?<\/span><br \/>\n<span style=\"font-size: 10pt; font-family: Verdana; color: #000000; background-color: transparent; font-weight: normal; font-style: normal; text-decoration: none; vertical-align: baseline\">Skandal  zwi\u0105zany z tym pomnikiem, to kolejny etap podzia\u0142u polskiego  spo\u0142ecze\u0144stwa w imi\u0119 wy\u015bwiechtanego has\u0142a \u201czgoda buduje\u201d. Ten rz\u0105d  wspi\u0105\u0142 si\u0119 ju\u017c na absolutne wy\u017cyny lekcewa\u017cenia Narodu, historii i  pa\u0144stwa polskiego w og\u00f3le.<\/span><br \/>\n<span style=\"font-size: 10pt; font-family: Verdana; color: #000000; background-color: transparent; font-weight: normal; font-style: normal; text-decoration: none; vertical-align: baseline\">W  Polsce min\u0119\u0142a sz\u00f3sta rano, tutaj min\u0119\u0142a p\u00f3\u0142noc. Obawiam si\u0119, \u017ce gdy  wstan\u0119 rano i wejd\u0119 na Internet przeczytam, \u017ce po cichu usuni\u0119to krzy\u017c z  dziedzi\u0144ca przy pa\u0142acu prezydenckim. Obym si\u0119 myli\u0142. Wszystko, co sta\u0142o  si\u0119 w ostatnich dniach w Polsce i co stanie si\u0119 jutro w Ossowie napawa  mnie z jednej strony smutkiem i za\u017cenowaniem, z drugiej poczuciem  ogromnego \u017calu, \u017ce ten wspania\u0142y Nar\u00f3d da\u0142 si\u0119 kolejny raz nabra\u0107 na  przedwyborcz\u0105 paplanin\u0119 kandydata PO na prezydenta.<\/span><br \/>\n<span style=\"font-size: 10pt; font-family: Verdana; color: #000000; background-color: transparent; font-weight: normal; font-style: normal; text-decoration: none; vertical-align: baseline\">Jestem  pewien, \u017ce niekt\u00f3rzy z dyplomat\u00f3w, kt\u00f3rzy wchodz\u0105 na moj\u0105 stron\u0119 od  czasu, do czasu wy\u015bl\u0105 mi maila, \u017ce nie mam poj\u0119cia o polityce i nie  powinienem wchodzi\u0107 w t\u0119 dziedzin\u0119. Wydarzenia w Polsce nie maj\u0105 nic  wsp\u00f3lnego z polityk\u0105. Wystarczy czu\u0107 i odr\u00f3\u017cnia\u0107 z\u0142o od dobra. I tylko  te uczucia kieruj\u0105 mn\u0105, gdy pisz\u0119 ten tekst.<\/span><\/p>\n","protected":false},"excerpt":{"rendered":"<p>&#8222;Pa\u0144stwa gin\u0105 wtedy, gdy nie umiej\u0105 odr\u00f3\u017cni\u0107 ludzi z\u0142ych od dobrych&#8221; &#8211; Anystenes z Aten (ok. 440-366 p.n. Chrystusa) My\u015bl\u0119, \u017ce je\u015bli kto\u015b mia\u0142 jeszcze z\u0142udzenia co do osoby prezydenta Komorowskiego, to pozby\u0142 si\u0119 ich definitywnie teraz przy okazji \u017cenuj\u0105cego ataku na Krzy\u017c, braku szacunku dla swojego Poprzednika, kt\u00f3ry tragicznie zgin\u0105\u0142 wesp\u00f3\u0142 z Elit\u0105 polityczn\u0105, [&hellip;]<\/p>\n","protected":false},"author":2,"featured_media":0,"comment_status":"open","ping_status":"open","sticky":false,"template":"","format":"standard","meta":[],"categories":[1],"tags":[],"_links":{"self":[{"href":"https:\/\/sporek.com\/blog\/index.php?rest_route=\/wp\/v2\/posts\/249"}],"collection":[{"href":"https:\/\/sporek.com\/blog\/index.php?rest_route=\/wp\/v2\/posts"}],"about":[{"href":"https:\/\/sporek.com\/blog\/index.php?rest_route=\/wp\/v2\/types\/post"}],"author":[{"embeddable":true,"href":"https:\/\/sporek.com\/blog\/index.php?rest_route=\/wp\/v2\/users\/2"}],"replies":[{"embeddable":true,"href":"https:\/\/sporek.com\/blog\/index.php?rest_route=%2Fwp%2Fv2%2Fcomments&post=249"}],"version-history":[{"count":0,"href":"https:\/\/sporek.com\/blog\/index.php?rest_route=\/wp\/v2\/posts\/249\/revisions"}],"wp:attachment":[{"href":"https:\/\/sporek.com\/blog\/index.php?rest_route=%2Fwp%2Fv2%2Fmedia&parent=249"}],"wp:term":[{"taxonomy":"category","embeddable":true,"href":"https:\/\/sporek.com\/blog\/index.php?rest_route=%2Fwp%2Fv2%2Fcategories&post=249"},{"taxonomy":"post_tag","embeddable":true,"href":"https:\/\/sporek.com\/blog\/index.php?rest_route=%2Fwp%2Fv2%2Ftags&post=249"}],"curies":[{"name":"wp","href":"https:\/\/api.w.org\/{rel}","templated":true}]}}