{"id":250,"date":"2010-08-17T01:01:07","date_gmt":"2010-08-17T05:01:07","guid":{"rendered":"http:\/\/sporek.com\/blog\/?p=250"},"modified":"2010-08-17T01:26:44","modified_gmt":"2010-08-17T05:26:44","slug":"paralele","status":"publish","type":"post","link":"https:\/\/sporek.com\/blog\/?p=250","title":{"rendered":"Paralele"},"content":{"rendered":"<p><span style=\"font-size: 11pt; font-family: Arial; color: #000000; background-color: transparent; font-weight: normal; font-style: normal; text-decoration: none; vertical-align: baseline\" id=\"internal-source-marker_0.8857575735775862\"><\/span><span style=\"font-size: 10pt; font-family: Verdana; color: #000000; background-color: transparent; font-weight: normal; font-style: normal; text-decoration: none; vertical-align: baseline\" id=\"internal-source-marker_0.8857575735775862\"><\/span><span style=\"font-size: 10pt; font-family: Verdana; color: #000000; background-color: transparent; font-weight: normal; font-style: normal; text-decoration: none; vertical-align: baseline\">Kilka  dni temu napisa\u0142em o remisie Tuska z Obam\u0105. I oto mamy kolejn\u0105  paralel\u0119: w Polsce na miejscu najwi\u0119kszego zwyci\u0119stwa nad komunistyczn\u0105  hord\u0105 obecne w\u0142adze pobudowa\u0142y w tajemnicy i w ekspresowym tempie pomnik  nie dla zwyci\u0119zc\u00f3w, a dla naje\u017ad\u017ac\u00f3w. <\/span><!--more--><span style=\"font-size: 10pt; font-family: Verdana; color: #000000; background-color: transparent; font-weight: normal; font-style: normal; text-decoration: none; vertical-align: baseline\">Obro\u0144c\u00f3w Krzy\u017ca nazywa si\u0119  mocherami, prostakami, fanatykami itp. Za chwil\u0119 to samo stanie si\u0119 z  tymi, kt\u00f3rzy nie dopu\u015bcili do ods\u0142oni\u0119cia pomnika w Ossowie.<\/span><br \/>\n<span style=\"font-size: 10pt; font-family: Verdana; color: #000000; background-color: transparent; font-weight: normal; font-style: normal; text-decoration: none; vertical-align: baseline\">W  USA pojawi\u0142 si\u0119 podobny problem; plan zbudowania meczetu w odleg\u0142o\u015bci  kilkuset st\u00f3p od Ground Zero &#8211; miejsca, w kt\u00f3rym muzu\u0142ma\u0144scy terrory\u015bci  u\u015bmiercili ponad 3 tysi\u0105ce niewinnych ludzi.<\/span><br \/>\n<span style=\"font-size: 10pt; font-family: Verdana; color: #000000; background-color: transparent; font-weight: normal; font-style: normal; text-decoration: none; vertical-align: baseline\">Sonda\u017ce  wykazuj\u0105, \u017ce ponad 60% Amerykan\u00f3w jest absolutnie przeciwna tej decyzji  urz\u0119du urbanistycznego w Nowym Jorku. Jest przeciwna wypowiedzi Baracka  Obamy, jest przeciwna decyzji burmistrza Bloomberga. Nawet na  najbardziej pro-bloombergowskich i pro-rz\u0105dowych stacjach nie s\u0142ysza\u0142em,  aby nazywano te 60% z ok\u0142adem prostakami, fanatykami, czy innym  marginesem.<\/span><br \/>\n<span style=\"font-size: 10pt; font-family: Verdana; color: #000000; background-color: transparent; font-weight: normal; font-style: normal; text-decoration: none; vertical-align: baseline\">USA  ma problem wynikaj\u0105cy zar\u00f3wno z konstytucji, jak i z definicji  demokracji. Pod presj\u0105 sonda\u017cy, dzi\u015b pod wiecz\u00f3r Obama zmieni\u0142  ca\u0142kowicie swoj\u0105 wypowied\u017a, kt\u00f3r\u0105 podawano w porannych wiadomo\u015bciach.  Nagle zrobi\u0142 si\u0119 dyplomatyczny, jak rzadko i oczywi\u015bcie odwr\u00f3ci\u0142 kota  ogonem do przodu. Dlaczego? Nie, nie dlatego, \u017ce zmieni\u0142 my\u015blenie, ale  wy\u0142\u0105cznie, aby nie zaszkodzi\u0107 demokratom w jesiennych wyborach. I  dlaczego jeszcze? Bo liczy si\u0119 z opini\u0105 publiczn\u0105. Nie ma innego  wyj\u015bcia.<\/span><br \/>\n<span style=\"font-size: 10pt; font-family: Verdana; color: #000000; background-color: transparent; font-weight: normal; font-style: normal; text-decoration: none; vertical-align: baseline\">Natomiast  problem z meczetem nie jest w \u017cadnej mierze problemem politycznym. To  wy\u0142\u0105cznie problem etyczny, problem uderzenia, lub nie uderzenia po  twarzach tych, kt\u00f3rzy 11 Wrze\u015bnia, 2001 roku stracili w WTC swoich  najbli\u017cszych. Nowy Jork (w\u0142adze i prze\u015bwietni panowie z biura  urbanistycznego) wyda\u0142 zgod\u0119 na wybudowanie miejsca kultu dla nacji,  kt\u00f3rej przedstawiciele zamordowali bestialsko ponad trzy tysi\u0105ce ludzi  prawie, \u017ce w miejscu tej potwornej ka\u017ani. I wszyscy protestuj\u0105cy powtarzaj\u0105, \u017ce nie  maj\u0105 problemu z tym, aby Muzu\u0142manie wybudowali sobie w tym mie\u015bcie  meczet. Byle nie w tym rejonie. Wszyscy, opr\u00f3cz przedstawicieli obecnych w\u0142adz. Podzia\u0142 na republikan\u00f3w i demokrat\u00f3w po tym konflikcie bedzie jeszcze bardziej wyra\u017any, ni\u017c kiedykolwiek i mo\u017ce si\u0119 okaza<\/span><span style=\"font-size: 10pt; font-family: Verdana; color: #000000; background-color: transparent; font-weight: normal; font-style: normal; text-decoration: none; vertical-align: baseline\">\u0107, \u017ce GOP (Grand Old Party), czyli republikanie zarobi\u0105 mia\u017cd\u017c\u0105co, albo wystarczaj\u0105co du\u017co punkt\u00f3w, aby jesieni\u0105 wysadzi<\/span><span style=\"font-size: 10pt; font-family: Verdana; color: #000000; background-color: transparent; font-weight: normal; font-style: normal; text-decoration: none; vertical-align: baseline\">\u0107 demokrat\u00f3w z kongresu.<\/span><span style=\"font-size: 10pt; font-family: Verdana; color: #000000; background-color: transparent; font-weight: normal; font-style: normal; text-decoration: none; vertical-align: baseline\"> Za rok minie dziesi\u0119\u0107 lat. Nie wyobra\u017cam  sobie, aby ktokolwiek z rodzin ofiar &#8222;September 11&#8221; zjawi\u0142 si\u0119 przy Ground Zero na obchodach  tej rocznicy. I to b\u0119dzie bolesny policzek dla w\u0142adz. R\u00f3wny temu, jaki  prezydent Polski i jego kancelaria otrzyma\u0142y teraz w Ossowie. Tylko, \u017ce  tam, w Polsce w\u0142adza nie przejmuje si\u0119 opini\u0105 spo\u0142eczn\u0105; tu jeszcze jej  na tej opinii zale\u017cy. Ale ignorowanie spo\u0142ecze\u0144stwa nie mo\u017ce trwa\u0107  d\u0142ugo. Najgorsze dla obecnych zarz\u0105dc\u00f3w pa\u0144stwa polskiego jest to, co  dzisiaj m\u00f3wi si\u0119 w polskich domach. Ten cichy rechot z w\u0142adzy, ten cichy  sprzeciw przyklaskuj\u0105cy mieszka\u0144com Ossowa. Nie wr\u00f3\u017cy to niczego  dobrego&#8230;dla w\u0142adzy oczywi\u015bcie. Ten nar\u00f3d wstanie i krzyknie g\u0142o\u015bno. To  kwestia czasu.<\/span><br \/>\n<span style=\"font-size: 10pt; font-family: Verdana; color: #000000; background-color: transparent; font-weight: normal; font-style: normal; text-decoration: none; vertical-align: baseline\">Je\u015bli  kancelaria prezydenta (trudno przypu\u015bci\u0107, \u017ceby bez wiedzy szefa) chce  si\u0119 podlizywa\u0107 Rosji, niech wystawi pomnik bolszewickim \u017co\u0142dakom np. na  jednej z posiad\u0142o\u015bci B. Komorowskiego, Tuska, albo innego dzia\u0142acza PO i  za swoje pieni\u0105dze, a nie z bud\u017cetu pa\u0144stwa.<\/span><br \/>\n<span style=\"font-size: 10pt; font-family: Verdana; color: #000000; background-color: transparent; font-weight: normal; font-style: normal; text-decoration: none; vertical-align: baseline\">A  je\u015bli chce wm\u00f3wi\u0107 spo\u0142ecze\u0144stwu, \u017ce wszytko jest w porz\u0105dku, to prosimy  o pomnik na polach grunwaldzkich w kszta\u0142cie krzy\u017cackiego p\u0142aszcza,  rycerskiej przy\u0142bicy i oczywi\u015bcie z krzy\u017cem na froncie. Zgin\u0119\u0142o ich tam <\/span><span style=\"font-size: 10pt; font-family: Verdana; color: #000000; background-color: transparent; font-weight: normal; font-style: normal; text-decoration: none; vertical-align: baseline\">prawie tysi\u0105c razy wi\u0119cej, ni\u017c bolszewik\u00f3w, kt\u00f3rym postawiono pomnik<\/span><span style=\"font-size: 10pt; font-family: Verdana; color: #000000; background-color: transparent; font-weight: normal; font-style: normal; text-decoration: none; vertical-align: baseline\">; prosimy o  pomnik w \u015brodku Warszawy, z niemieck\u0105 sfastyk\u0105, ku czci walcz\u0105cych z Polakami w  Powstaniu Warszawskim hitlerowc\u00f3w. By\u0142o ich tak wielu, a naszych tak ma\u0142o, \u017ce trudno si\u0119 nie uzali<\/span><span style=\"font-size: 10pt; font-family: Verdana; color: #000000; background-color: transparent; font-weight: normal; font-style: normal; text-decoration: none; vertical-align: baseline\">\u0107 nad germa\u0144skim trupem. <\/span><span style=\"font-size: 10pt; font-family: Verdana; color: #000000; background-color: transparent; font-weight: normal; font-style: normal; text-decoration: none; vertical-align: baseline\">Zr\u00f3bmy to samo na Westerplatte i w  miejscach wszystkich czterech bitew zwanych \u201cPolskimi Termopilami\u201d: pod W\u0119growem, Zadw\u00f3rzem, Dytiatynem i nad Wizn\u0105, gdzie na jednego  polskiego \u017co\u0142nierza przypada\u0142o oko\u0142o sze\u015b\u0107dziesi\u0119ciu Niemc\u00f3w. Uszanujmy  60 hitlerowc\u00f3w, kt\u00f3rych powali\u0142 jeden polski \u017co\u0142nierz. A mo\u017ce, cho\u0107 na  chwil\u0119, spr\u00f3bujmy sobie wyobrazi\u0107, co czu\u0142 ten polski \u017co\u0142nierz na widok  tak przewa\u017caj\u0105cych si\u0142 wroga! Jak nieprawdopodobnie by\u0142 zdeterminowany,  by broni\u0107 Ojczyzny dla siebie i przysz\u0142ych pokole\u0144, jak pe\u0142n\u0105 musia\u0142  mie\u0107 \u015bwiadomo\u015b\u0107, \u017ce mo\u017ce zgin\u0105\u0107! Ta \u015bwiadomo\u015b\u0107 nie zmienia\u0142a jego  milo\u015bci do Ojczyzny, nie kaza\u0142a mu si\u0119 poddawa\u0107. Ka\u017cdy z nich zdecydowa\u0142  i\u015b\u0107 na pozornie pewn\u0105 \u015bmier\u0107, byle nie odda\u0107 pi\u0119dzi \u201cTEJ ZIEMI\u201d!! <\/span><br \/>\n<span style=\"font-size: 10pt; font-family: Verdana; color: #000000; background-color: transparent; font-weight: normal; font-style: normal; text-decoration: none; vertical-align: baseline\">W\u0142adcom Polski brak jest takiej wyobra\u017ani. Oni chc\u0105 do Europy, do Rosji, byle daleko od Polski.<\/span><br \/>\n<span style=\"font-size: 10pt; font-family: Verdana; color: #000000; background-color: transparent; font-weight: normal; font-style: normal; text-decoration: none; vertical-align: baseline\">Co\u015b  idzie nie tak, nie w t\u0119 stron\u0119. Co\u015b staje na g\u0142owie, ale w\u0142adza chce  wm\u00f3wi\u0107 spo\u0142ecze\u0144stwu, \u017ce idziemy w dobrym kierunku. To te\u017c paralela do  USA; 60% polityk\u00f3w uwa\u017ca, \u017ce wszystko \u201cyes OK\u201d, ale ponad 70%  sondowanych Amerykan\u00f3w twierdzi, \u017ce idziemy w kompletnie z\u0142ym kierunku.  No c\u00f3\u017c, Ameryka dopiero tworzy socjalizm, Polska ma go jeszcze we krwi.<\/span><\/p>\n","protected":false},"excerpt":{"rendered":"<p>Kilka dni temu napisa\u0142em o remisie Tuska z Obam\u0105. I oto mamy kolejn\u0105 paralel\u0119: w Polsce na miejscu najwi\u0119kszego zwyci\u0119stwa nad komunistyczn\u0105 hord\u0105 obecne w\u0142adze pobudowa\u0142y w tajemnicy i w ekspresowym tempie pomnik nie dla zwyci\u0119zc\u00f3w, a dla naje\u017ad\u017ac\u00f3w.<\/p>\n","protected":false},"author":2,"featured_media":0,"comment_status":"open","ping_status":"open","sticky":false,"template":"","format":"standard","meta":[],"categories":[1],"tags":[],"_links":{"self":[{"href":"https:\/\/sporek.com\/blog\/index.php?rest_route=\/wp\/v2\/posts\/250"}],"collection":[{"href":"https:\/\/sporek.com\/blog\/index.php?rest_route=\/wp\/v2\/posts"}],"about":[{"href":"https:\/\/sporek.com\/blog\/index.php?rest_route=\/wp\/v2\/types\/post"}],"author":[{"embeddable":true,"href":"https:\/\/sporek.com\/blog\/index.php?rest_route=\/wp\/v2\/users\/2"}],"replies":[{"embeddable":true,"href":"https:\/\/sporek.com\/blog\/index.php?rest_route=%2Fwp%2Fv2%2Fcomments&post=250"}],"version-history":[{"count":0,"href":"https:\/\/sporek.com\/blog\/index.php?rest_route=\/wp\/v2\/posts\/250\/revisions"}],"wp:attachment":[{"href":"https:\/\/sporek.com\/blog\/index.php?rest_route=%2Fwp%2Fv2%2Fmedia&parent=250"}],"wp:term":[{"taxonomy":"category","embeddable":true,"href":"https:\/\/sporek.com\/blog\/index.php?rest_route=%2Fwp%2Fv2%2Fcategories&post=250"},{"taxonomy":"post_tag","embeddable":true,"href":"https:\/\/sporek.com\/blog\/index.php?rest_route=%2Fwp%2Fv2%2Ftags&post=250"}],"curies":[{"name":"wp","href":"https:\/\/api.w.org\/{rel}","templated":true}]}}