{"id":251,"date":"2010-09-01T00:31:52","date_gmt":"2010-09-01T04:31:52","guid":{"rendered":"http:\/\/sporek.com\/blog\/?p=251"},"modified":"2010-09-06T11:57:49","modified_gmt":"2010-09-06T15:57:49","slug":"list-otwarty-do-kpa","status":"publish","type":"post","link":"https:\/\/sporek.com\/blog\/?p=251","title":{"rendered":"List otwarty do KPA"},"content":{"rendered":"<p><!-- ~~sponsor~~ --><\/p>\n<p><!-- ~~sponsored~~ --><\/p>\n<p><span style=\"font-size: 10pt; font-family: Verdana; color: #000000; background-color: transparent; font-weight: normal; font-style: normal; text-decoration: none; vertical-align: baseline\" id=\"internal-source-marker_0.2839123518794471\">List otwarty do Kongresu Polonii Ameryka\u0144skiej: Zarz\u0105d G\u0142\u00f3wny w Chicago i Zarz\u0105d Oddzia\u0142u Nowojorskiego (Downstate Division).<\/span><br \/>\n<span style=\"font-size: 10pt; font-family: Verdana; color: #000000; background-color: transparent; font-weight: normal; font-style: normal; text-decoration: none; vertical-align: baseline\">Niniejszym  informuj\u0119 \u017ce cho\u0107 czuj\u0119 si\u0119 niezwykle zaszczycony i wzruszony decyzj\u0105  zarz\u0105du nowojorskiego oddzia\u0142u KPA (Downstate Division), przyznaniem mi  Honorowego Wyr\u00f3\u017cnienia, to jednak odmawiam przyj\u0119cia tego wyr\u00f3\u017cnienia,  kt\u00f3rego nadanie mi planowane jest na jesiennym bankiecie Kongresu  Polonii Ameryka\u0144skiej.<\/span><br \/>\n<span style=\"font-size: 10pt; font-family: Verdana; color: #000000; background-color: transparent; font-weight: normal; font-style: normal; text-decoration: none; vertical-align: baseline\">Z  ca\u0142ym szacunkiem dla Pana Franka Milewskiego, Przewodnicz\u0105cego oddzia\u0142u  nowojorskiegon nie mog\u0119 jednak zaakceptowa\u0107 wyr\u00f3\u017cnienia z ramienia  organizacji, kt\u00f3ra dot\u0105d nie og\u0142osi\u0142a swojego stanowiska wzgl\u0119dem  katastrofy pod Smole\u0144skiem, jak te\u017c i polityki obecnie rz\u0105dz\u0105cej  Administracji USA wzgl\u0119dem Polski i tragedii smole\u0144skiej. Brak reakcji  KPA na najtragiczniejsz\u0105 katastrof\u0119, jaka dotkn\u0119\u0142a Polsk\u0119 i polsk\u0105  polityk\u0119 po II Wojnie \u015awiatowej, brak reakcji na kpin\u0119, jak\u0105 urz\u0105dza z  tej tragedii polski rz\u0105d, jak r\u00f3wnie\u017c brak reakcji na to, co dzieje si\u0119 w  Polsce wzgl\u0119dem Krzy\u017ca na Krakowskim Przedmie\u015bciu, oraz fakt, \u017ce  ameryka\u0144ski kongresmen wyst\u0119puje o powo\u0142anie mi\u0119dzynarodowej komisji  \u015bledczej, a najbardziej do tego upowa\u017cniona i desygnowana organizacja  polonijna milczy, nie zezwalaj\u0105 mi na przyj\u0119cie wspomnianego  \u201ewyr\u00f3\u017cnienia\u201d, bo by\u0142oby to akceptacj\u0105 braku dzia\u0142ania w tych kwestiach  organizacji, kt\u00f3ra winna by\u0107 wiod\u0105c\u0105, a nie przemilczajac\u0105 to wszystko,  co dzieje si\u0119 TAM i TU.<\/span><br \/>\n<span style=\"font-size: 10pt; font-family: Verdana; color: #000000; background-color: transparent; font-weight: normal; font-style: normal; text-decoration: none; vertical-align: baseline\">Ponadto  nie mog\u0119 akceptowa\u0107 wyr\u00f3\u017cnienia przez organizacj\u0119, kt\u00f3ra przez wiele  lat nie potrafi podj\u0105\u0107 decyzji na temat lustracji Polonii, czy chocia\u017cby  os\u00f3b maj\u0105cych wysokie funkcje w KPA.<\/span><br \/>\n<span style=\"font-size: 10pt; font-family: Verdana; color: #000000; background-color: transparent; font-weight: normal; font-style: normal; text-decoration: none; vertical-align: baseline\">Z powa\u017caniem, Janusz Sporek<\/span><\/p>\n","protected":false},"excerpt":{"rendered":"<p>List otwarty do Kongresu Polonii Ameryka\u0144skiej: Zarz\u0105d G\u0142\u00f3wny w Chicago i Zarz\u0105d Oddzia\u0142u Nowojorskiego (Downstate Division). Niniejszym informuj\u0119 \u017ce cho\u0107 czuj\u0119 si\u0119 niezwykle zaszczycony i wzruszony decyzj\u0105 zarz\u0105du nowojorskiego oddzia\u0142u KPA (Downstate Division), przyznaniem mi Honorowego Wyr\u00f3\u017cnienia, to jednak odmawiam przyj\u0119cia tego wyr\u00f3\u017cnienia, kt\u00f3rego nadanie mi planowane jest na jesiennym bankiecie Kongresu Polonii Ameryka\u0144skiej. Z [&hellip;]<\/p>\n","protected":false},"author":2,"featured_media":0,"comment_status":"open","ping_status":"open","sticky":false,"template":"","format":"standard","meta":[],"categories":[3],"tags":[],"_links":{"self":[{"href":"https:\/\/sporek.com\/blog\/index.php?rest_route=\/wp\/v2\/posts\/251"}],"collection":[{"href":"https:\/\/sporek.com\/blog\/index.php?rest_route=\/wp\/v2\/posts"}],"about":[{"href":"https:\/\/sporek.com\/blog\/index.php?rest_route=\/wp\/v2\/types\/post"}],"author":[{"embeddable":true,"href":"https:\/\/sporek.com\/blog\/index.php?rest_route=\/wp\/v2\/users\/2"}],"replies":[{"embeddable":true,"href":"https:\/\/sporek.com\/blog\/index.php?rest_route=%2Fwp%2Fv2%2Fcomments&post=251"}],"version-history":[{"count":0,"href":"https:\/\/sporek.com\/blog\/index.php?rest_route=\/wp\/v2\/posts\/251\/revisions"}],"wp:attachment":[{"href":"https:\/\/sporek.com\/blog\/index.php?rest_route=%2Fwp%2Fv2%2Fmedia&parent=251"}],"wp:term":[{"taxonomy":"category","embeddable":true,"href":"https:\/\/sporek.com\/blog\/index.php?rest_route=%2Fwp%2Fv2%2Fcategories&post=251"},{"taxonomy":"post_tag","embeddable":true,"href":"https:\/\/sporek.com\/blog\/index.php?rest_route=%2Fwp%2Fv2%2Ftags&post=251"}],"curies":[{"name":"wp","href":"https:\/\/api.w.org\/{rel}","templated":true}]}}