{"id":252,"date":"2010-09-07T01:40:23","date_gmt":"2010-09-07T05:40:23","guid":{"rendered":"http:\/\/sporek.com\/blog\/?p=252"},"modified":"2010-09-07T02:09:48","modified_gmt":"2010-09-07T06:09:48","slug":"pamiec","status":"publish","type":"post","link":"https:\/\/sporek.com\/blog\/?p=252","title":{"rendered":"Pami\u0119\u0107"},"content":{"rendered":"<p><span style=\"font-size: 10pt; font-family: Verdana; color: #000000; background-color: transparent; font-weight: normal; font-style: normal; text-decoration: none; vertical-align: baseline\" id=\"internal-source-marker_0.1315812034217243\"><\/span><span style=\"font-size: 10pt; font-family: Verdana; color: #000000; background-color: transparent; font-weight: normal; font-style: normal; text-decoration: none; vertical-align: baseline\">Jak  d\u0142ugo trwa\u0107 b\u0119dzie pami\u0119\u0107 o Ofiarach smole\u0144skiej katastrofy? Czy  zasnuje j\u0105 woal czasu, czy zniknie za wstydliwym uczuciem wy\u015bmiewanych  pami\u0119taj\u0105cych i o pami\u0119\u0107 wo\u0142aj\u0105cych, czy te\u017c zatruje j\u0105 agresja  nienawidz\u0105cych pami\u0119ci? A mo\u017ce zniknie za wyrzutami sumienia rz\u0105dz\u0105cych,  czy mo\u017ce wreszcie rozp\u0142ynie si\u0119 w coraz bardziej oboj\u0119tnym na  patriotyczny etos spo\u0142ecze\u0144stwie, przedk\u0142adaj\u0105cym \u201d\u015bwi\u0119ty spok\u00f3j\u201d nad  dociekanie prawdy; przedk\u0142adaj\u0105cym \u201ebyle mnie by\u0142o dobrze\u201d nad losy  kraju; losy tych, kt\u00f3rzy nie za\u0142apali si\u0119 na koniuktur\u0119; tych, kt\u00f3rych  skrzywdzi\u0142 egoizm rz\u0105dz\u0105cych, egoizm wyniesionych na barkach robotnik\u00f3w,  dzia\u0142aczy Solidarno\u015bci.<\/span><!--more--><br \/>\n<span style=\"font-size: 10pt; font-family: Verdana; color: #000000; background-color: transparent; font-weight: normal; font-style: normal; text-decoration: none; vertical-align: baseline\">Jak  d\u0142ugo? Pytanie jest retoryczne; pami\u0119\u0107 ju\u017c poddana jest trudnej pr\u00f3bie:  przyk\u0142adu z g\u00f3ry. Przeczyta\u0142em wstrz\u0105saj\u0105cy artyku\u0142 na  \u201eniezale\u017cnej.pl\u201d, Nowy Dziennik, na pierwszej stronie cytuje Petera  Kinga, w Wiadomo\u015bciach pokazano szcz\u0105tki tupolewa od czterech miesi\u0119cy  le\u017c\u0105ce na p\u0142ycie lotniska w Smole\u0144sku; wystawione na deszcz, ptasie,  psie, kocie i innego zwierza odchody. Szcz\u0105tki samolotu, w\u0142asno\u015bci  polskiego pa\u0144stwa, a panowie z g\u00f3ry milcz\u0105. Najwa\u017cniejsi przedstawiciele  polskiej w\u0142asno\u015bci nie reaguj\u0105. Milczy prezydent, milczy premier,  milczy marsza\u0142ek sejmu Najja\u015bniejszej Rzeczypospolitej. Cztery zacne  Niemowy wzmocnione s\u0105 milczeniem ministra obrony narodowej i  najwi\u0119kszego fircyka w tym rz\u0105dzie &#8211; ministra d\/s zagranicznych. Ten nie  tylko, \u017ce na temat tupolewa milczy, to z uporem pijanego idioty wmawia  wszystkim, \u017ce rzetelno\u015b\u0107 i niezwyk\u0142a sprawno\u015b\u0107 bratnich \u015bledczych jest  dowodem na bezprecedensowe zbli\u017cenie dwojga narod\u00f3w. Kto da\u0142 mu prawo  m\u00f3wienia w imieniu narodu?<\/span><br \/>\n<span style=\"font-size: 10pt; font-family: Verdana; color: #000000; background-color: transparent; font-weight: normal; font-style: normal; text-decoration: none; vertical-align: baseline\">A  tupolew le\u017cy, rdzewieje na deszczu, wichrze i s\u0142o\u0144cu. Natura skrz\u0119tnie  zaciera \u015blady. Ignorancja \u201ebezprecedensowo\u201d zbli\u017caj\u0105cych si\u0119 do siebie  polityk\u00f3w dwojga narod\u00f3w si\u0119ga ju\u017c wy\u017cej, ni\u017c najwy\u017cszy punkt  trajektorii lotu tupolewa, gdy by\u0142 jeszcze w stanie wznie\u015b\u0107 si\u0119 w niebo.  Tu w\u0142a\u015bnie, na wierchuszce rozpoczyna si\u0119 proces zapomnienia. Rosyjski  minister przyjecha\u0142 (4 wrze\u015bnia) i nie dosz\u0142o do \u017cadnych, sensownych  konkret\u00f3w, ale spo\u0142ecze\u0144stwu wm\u00f3wiono wspania\u0142o\u015b\u0107 tej wizyty i jej  wiekopomne znaczenie. Bezwstyd, jakim popisuj\u0105 si\u0119 teraz politycy polscy  jest tak poni\u017caj\u0105cy zar\u00f3wno dla osieroconych rodzin Ofiar, jak i dla  narodu, \u017ce trudno jest to opisywa\u0107. Czuj\u0119 rodzaj obrzydzenia. I po tym  wszystkim; wstrz\u0105sajacym artykule, Wiadomo\u015bciach i \u201ewzniso\u0142ych\u201d  meldunkach o nadchodz\u0105cej przyja\u017ani id\u0105cej w jedynym i s\u0142usznym kierunku  zapragn\u0105\u0142em prze\u017cy\u0107 \u017ca\u0142ob\u0119 posmole\u0144sk\u0105 jeszcze raz. Wrzuci\u0142em na  Internecie wszystkie mo\u017cliwe \u017ar\u00f3d\u0142a, kt\u00f3re pokazywa\u0142y tamte dni. Na  koniec wr\u00f3ci\u0142em do ostatniego, przed wakacjami programu Jana  Pospieszalskiego, \u201eWarto rozmawia\u0107\u201d. Zan\u0142em ten program na pami\u0119\u0107, bo  ogl\u0105da\u0142em go w czerwcu kilka razy, a jednak nie by\u0142em w stanie oderwa\u0107  oczu od ekranu komputera. Najbardziej wstrz\u0105sn\u0105\u0142 mn\u0105 widok wdowy po  Januszu Kurtyce, pani Zuzanny Kurtyka. Niezwyk\u0142ej urody twarz tej  kobiety jawi\u0142a mi si\u0119, jak pos\u0105g smutku, \u017calu i ogromnej mi\u0142o\u015bci do  m\u0119\u017ca. Pospieszalski zaprosi\u0142 w pewnym momencie do obejrzenia fragmentu z  pogrzebu Prezesa IPN-u. I oto sta\u0142o si\u0119 co\u015b, co po raz kolejny  zaszkli\u0142o moje oczy \u0142zami: do ko\u015bcielnej m\u00f3wnicy podszed\u0142 syn Prezesa,  Pawe\u0142 Kurtyka i odczyta\u0142 swoje kr\u00f3tkie, ale jak\u017ce bolesne przem\u00f3wienie.  Czyta\u0142 wolno, z przerwami na kontemplacje jego s\u0142\u00f3w. M\u0142ody, ale jak\u017ce  dojrzale powiedzia\u0142:<\/span><br \/>\n<span style=\"font-size: 10pt; font-family: Verdana; color: #000000; background-color: transparent; font-weight: normal; font-style: normal; text-decoration: none; vertical-align: baseline\">\u201eDzi\u0119kuj\u0119  wszystkim, kt\u00f3rzy przybyli na pogrzeb mojego ojca&#8230; Swoje s\u0142owa  kieruj\u0119 w szczeg\u00f3lno\u015bci do pracownik\u00f3w Instytutu Pami\u0119ci Narodowej, tak  licznie tutaj zgromadzonych&#8230; W domu&#8230;, nasze rozmowy cz\u0119sto dotyczy\u0142y  bie\u017c\u0105cych problem\u00f3w politycznych Polski&#8230; Jako syn, wiem&#8230;, jak  bardzo le\u017ca\u0142o Mu na sercu jej dobro&#8230; i jak\u0105 wag\u0119 przywi\u0105zywa\u0142 do  odwagi&#8230;, jak\u0105 wykazywali\u015bcie m\u00f3wi\u0105c zdecydowanie i bez \u201epoprawno\u015bci  politycznej\u201d&#8230;, o faktach przesz\u0142o\u015bci.<\/span><br \/>\n<span style=\"font-size: 10pt; font-family: Verdana; color: #000000; background-color: transparent; font-weight: normal; font-style: normal; text-decoration: none; vertical-align: baseline\">Bo\u017ce&#8230;, do Kr\u00f3lestwa Twojego przyjmij dusz\u0119 mojego Ojca&#8230;, a naszym \u017cyciem pokieruj tak, by m\u00f3g\u0142 by\u0107 z nas dumny.\u201d<\/span><br \/>\n<span style=\"font-size: 10pt; font-family: Verdana; color: #000000; background-color: transparent; font-weight: normal; font-style: normal; text-decoration: none; vertical-align: baseline\">A  po nim g\u0142os zabra\u0142 Minister Kultury i Dziedzictwa Narodowego, Bogdan  Zdrojewski. Nie obchodzi\u0142o mnie, \u017ce jest z PO, nie obchodzi\u0142o mnie, \u017ce  nale\u017cy do grupy, ktora ju\u017c zapomina. Kocha\u0142em go za to, co powiedzia\u0142.  Wa\u017cy\u0142 ka\u017cde s\u0142owo. To nie by\u0142o sztampowe przem\u00f3wienie obecnego  prezydenta Polski z tymi jego kaznodziejskimi r\u0119kami, unoszonymi  karykaturalnie, jak u robota, z tymi, po dwa, trzy razy powtarzanymi  s\u0142owami; to by\u0142o przem\u00f3wienie, kt\u00f3re p\u0142yn\u0119\u0142o z serca, w pe\u0142nym spokoju, z  d\u0142ugimi pauzami, podkre\u015blaj\u0105cymi g\u0142\u0119bi\u0119 jego s\u0142\u00f3w:<\/span><br \/>\n<span style=\"font-size: 10pt; font-family: Verdana; color: #000000; background-color: transparent; font-weight: normal; font-style: normal; text-decoration: none; vertical-align: baseline\">\u201eZd\u0105\u017cy\u0142em  pozna\u0107 pana prezesa&#8230;, zd\u0105\u017cy\u0142em dotkn\u0105\u0107 jego wra\u017cliwo\u015bci&#8230;,  nienagannych manier&#8230;, kultury osobistej. I mog\u0119 powiedzie\u0107, \u017ce nie ma  to nic wsp\u00f3lnego z obrazem, kt\u00f3ry pr\u00f3bowano mu zbudowa\u0107&#8230;; stra\u017cnika,  ale s\u0119dziego&#8230;, niezwykle wymagaj\u0105cego&#8230; Wiem dobrze te\u017c&#8230;, \u017ce w tej  tragedii&#8230;, w tym momencie&#8230; do\u015b\u0107 konsekwentnie powinno si\u0119 pojawi\u0107  wiele s\u0142\u00f3w&#8230;, zw\u0142aszcza wobec Prezesa&#8230;, s\u0142\u00f3w \u201eprzepraszam\u201d.<\/span><br \/>\n<span style=\"font-size: 10pt; font-family: Verdana; color: #000000; background-color: transparent; font-weight: normal; font-style: normal; text-decoration: none; vertical-align: baseline\">&#8230;Od  czasu, do czasu jest tak, \u017ce dochodzenie do prawdy sprawia b\u00f3l&#8230;, &#8211;  tym, kt\u00f3rych dotyczy&#8230;, czy obejmuj\u0105c pewne wydarzenia&#8230;, ale wiem&#8230;,  bo tego te\u017c dotkn\u0105\u0142em w rozmowach&#8230;, \u017ce ten b\u00f3l od czasu, do czasu  dotyczy tak\u017ce tych, kt\u00f3rzy t\u0119 prawd\u0119 g\u0142osz\u0105&#8230; Dzi\u015b \u017cegnamy Stra\u017cnika  Pami\u0119ci&#8230;, ale \u017cegnamy te\u017c osob\u0119, kt\u00f3ra szuka\u0142a tej prawdy&#8230; &#8211;  niezwykle konsekwentnie, nie z my\u015bl\u0105 o splendorach&#8230;, ale z my\u015bl\u0105 o  Ojczy\u017anie&#8230; Cze\u015b\u0107 Jego Pami\u0119ci\u201d.<\/span><br \/>\n<span style=\"font-size: 10pt; font-family: Verdana; color: #000000; background-color: transparent; font-weight: normal; font-style: normal; text-decoration: none; vertical-align: baseline\">Chyba  najpi\u0119kniejsze przem\u00f3wienie, jakie ktokolwiek wtedy wyg\u0142osi\u0142, pomijaj\u0105c  wyst\u0105pienie Janusza \u015aniadka, szefa Solidarno\u015bci na Placu Defilad w  Warszawie.<\/span><br \/>\n<span style=\"font-size: 10pt; font-family: Verdana; color: #000000; background-color: transparent; font-weight: normal; font-style: normal; text-decoration: none; vertical-align: baseline\">Minister  Zdrojewski pokaza\u0142 cudown\u0105 wr\u0119cz twarz cz\u0142owieka o niebywa\u0142ej  wra\u017cliwo\u015bci i prawo\u015bci, a przy tym odwagi. Pami\u0119tamy wszak, jak  odbierany by\u0142 Janusz Kurtyka przez klan Tuska, Komorowskiego, Schetyny,  a..pos\u0142a-ornitologa w szczeg\u00f3lno\u015bci.<\/span><br \/>\n<span style=\"font-size: 10pt; font-family: Verdana; color: #000000; background-color: transparent; font-weight: normal; font-style: normal; text-decoration: none; vertical-align: baseline\">S\u0142owa  Bogdana Zdrojewskiego, to niechc\u0105cy, a mo\u017ce z premedytacj\u0105 uczyniony  apel o pami\u0119\u0107 i dobre imie tych, kt\u00f3rych za \u017cycia l\u017cono, jak Chrystusa w  drodze na Golgot\u0119.<\/span><br \/>\n<span style=\"font-size: 10pt; font-family: Verdana; color: #000000; background-color: transparent; font-weight: normal; font-style: normal; text-decoration: none; vertical-align: baseline\">Nie  wiem, czy Pa\u0144stwo Czytelnicy moich artyku\u0142ow zauwa\u017cyli, \u017ce nikt z  najwy\u017cej p\u00f3\u0142ki polskich polityk\u00f3w nie powiedzia\u0142 \u201eprzepraszam\u201d &#8211; ani  prze min. Zdrojewskim, ani po jego mowie pogrzebowej.<\/span><br \/>\n<span style=\"font-size: 10pt; font-family: Verdana; color: #000000; background-color: transparent; font-weight: normal; font-style: normal; text-decoration: none; vertical-align: baseline\">Wi\u0119c, jak d\u0142ugo bedziemy pami\u0119ta\u0107&#8230;?<\/span><br \/>\n<span style=\"font-size: 10pt; font-family: Verdana; color: #000000; background-color: transparent; font-weight: normal; font-style: normal; text-decoration: none; vertical-align: baseline\">I  oto dzisiaj w\u0142\u0105czy\u0142em audycj\u0119 \u201eTomasz Lis na \u017cywo\u201d. Ju\u017c rozpocz\u0119cie z  niezmienionym sygna\u0142em d\u017awi\u0119kowym, ale graika nas\u0105czona tak agresywn\u0105  czerwieni\u0105, sprowokowa\u0142o do wyci\u0105gni\u0119cia wniosku, \u017ce \u201eczerwone wraca\u201d i  to bardzo intensywnie.<\/span><br \/>\n<span style=\"font-size: 10pt; font-family: Verdana; color: #000000; background-color: transparent; font-weight: normal; font-style: normal; text-decoration: none; vertical-align: baseline\">A  go\u015bcie? Henryka Krzywonos i oczywi\u015bcie \u201enalot\u201d na Jaros\u0142awa  Kaczy\u0144skiego. Nie\u0142adny, a przy tym \u015bmieszne peany na sw\u00f3j temat, jaka to  jest nie do zmanipulowania, jak bardzo broni\u0142a&#8230;Lecha Wa\u0142\u0119s\u0119, itp. A  zaraz po niej na fotel zasiad\u0142 Aleksander Kwa\u015bniewski (znowu strasznie  przyty\u0142) &#8211; dy\u017curny \u201eekspert\u201d u Lisa d\/s poprawno\u015bci politycznej,  \u201ekierunkowskaz\u201d, \u201eazymut\u201d coraz bardziej miernego dziennikarza, jakim  jawi mi si\u0119 Tomasz Lis. Przy okazji pozna\u0142em dziwol\u0105g j\u0119zykowy w wykonaniu &#8222;najlepszego&#8221; dziennikarza telewizji polskiej: &#8222;&#8230;Czekanie, a\u017c wszystkie amocje &#8222;wybrzmiej\u0105&#8221;. No, panie redaktorze, okropnie nie lubi\u0119, jak niekt\u00f3rzy m\u00f3wi\u0105, \u017ce &#8222;lubiej\u0105&#8221;. To w\u0142a\u015bnie z tego gatunku. Ale sk\u0105d si\u0119 wzi\u0119\u0142o u takiego dziennikarza? Kwa\u015bniewskiemu nieopatrznie wyrwa\u0142o si\u0119, \u017ce jest  niebywale wdzi\u0119czny III RP za to, co zrobi\u0142a. Te\u017c bym, by\u0142 na jego  miejscu. I strasznie du\u017co lekcewa\u017cenia PiSu, pami\u0119ci o Smole\u0144sku.  Niesmaczne, ale nie spodziewa\u0142em si\u0119 niczego innego. Natomiast w drugiej  cz\u0119\u015bci Stefan Niesio\u0142owski i wyciagni\u0119ty z lamusa Andrzej Celi\u0144ski,  kt\u00f3rego nie by\u0142o w telewizji chyba ze dwa lata z ok\u0142adem, a naprzeciwko  nich Zbigniew Gi\u017cy\u0144ski z PiSu. By\u0142em pewien, \u017ce trup b\u0119dzie si\u0119 k\u0142ad\u0142  g\u0119sto. Nic z tych rzeczy. Pose\u0142 Gi\u017cy\u0144ski zachowa\u0142 niezwyk\u0142\u0105 klas\u0119,  natomiast Celi\u0144ski sam wpu\u015bci\u0142 si\u0119 w maliny podsumowuj\u0105c, \u017ce z 20 lat  dziesi\u0119\u0107 zosta\u0142o stracone na dbanie ka\u017cdej parti wy\u0142\u0105cznie o siebie &#8211; w  czym mia\u0142 sporo racji, ale nadepn\u0105\u0142 na odcisk Niesio\u0142owskiemu, kt\u00f3ry  zadziwiaj\u0105co kulturalnie jednak nie zgodzi\u0142 si\u0119 ze swoim koleg\u0105 z  internowania. Potem Celi\u0144ski znowu wpad\u0142 w ton SLD-owski na temat z\u0142ej  polityki wzgl\u0119dem ko\u015bcio\u0142a i zn\u00f3w Niesio\u0142owski przy\u0142o\u017cy\u0142 koledze i przyzna<\/span><span style=\"font-size: 10pt; font-family: Verdana; color: #000000; background-color: transparent; font-weight: normal; font-style: normal; text-decoration: none; vertical-align: baseline\">\u0107 musz\u0119, \u017ce podoba\u0142 mi si\u0119 <\/span><span style=\"font-size: 10pt; font-family: Verdana; color: #000000; background-color: transparent; font-weight: normal; font-style: normal; text-decoration: none; vertical-align: baseline\">jego <\/span><span style=\"font-size: 10pt; font-family: Verdana; color: #000000; background-color: transparent; font-weight: normal; font-style: normal; text-decoration: none; vertical-align: baseline\">rozwa\u017cny ton. Jasno okre\u015bli\u0142 &#8222;\u015blepe&#8221; dzia\u0142anie SLD, czyli walk\u0119 z ko\u015bcio\u0142em, religi\u0105 w szko\u0142ach<\/span><span style=\"font-size: 10pt; font-family: Verdana; color: #000000; background-color: transparent; font-weight: normal; font-style: normal; text-decoration: none; vertical-align: baseline\">. By\u0142 to Niesio\u0142owski, kt\u00f3rego da\u0142o sie s\u0142ucha<\/span><span style=\"font-size: 10pt; font-family: Verdana; color: #000000; background-color: transparent; font-weight: normal; font-style: normal; text-decoration: none; vertical-align: baseline\">\u0107. Bez epitet\u00f3w, wyzwisk. Mo\u017ce dlatego, \u017ce m\u00f3wi\u0142 do kolegi. <\/span><span style=\"font-size: 10pt; font-family: Verdana; color: #000000; background-color: transparent; font-weight: normal; font-style: normal; text-decoration: none; vertical-align: baseline\">Tematem wiod\u0105cym wszelako by\u0142 list Jaros\u0142awa Kaczy\u0144skiego do cz\u0142onk\u00f3w PiSu po  incydencie z europos\u0142em Migalskim. Tak si\u0119 jednak z\u0142o\u017cy\u0142o, \u017ce zar\u00f3wno  Celi\u0144ski, jak i Niesio\u0142owski nie mieli zbyt wiele do powiedzenia, a w  ko\u0144cu zacz\u0119li co\u015b o zachowaniu w sejmowej restauracji, co Gi\u017cy\u0144ski  skwitowa\u0142, \u017ce strasznie by chcia\u0142, aby marsza\u0142ek Niesio\u0142owski przeni\u00f3s\u0142  chocia\u017c cz\u0119\u015b\u0107 swojego zachowania w restauracji na&#8230;sal\u0119 sejmow\u0105. Mo\u017ce  wtedy by\u0142oby nieco wi\u0119cej pororzumienia.<\/span><br \/>\n<span style=\"font-size: 10pt; font-family: Verdana; color: #000000; background-color: transparent; font-weight: normal; font-style: normal; text-decoration: none; vertical-align: baseline\">Mam  jakie\u015b dziwne wra\u017cenie, \u017ce w programach Tomasza Lisa, kt\u00f3ry ca\u0142y czas pr\u00f3bowa\u0142 sprowokowa<\/span><span style=\"font-size: 10pt; font-family: Verdana; color: #000000; background-color: transparent; font-weight: normal; font-style: normal; text-decoration: none; vertical-align: baseline\">\u0107 rozm\u00f3wc\u00f3w do jednoznaczenj krytyki Jaros\u0142awa Kaczy\u0144skiego,<\/span><span style=\"font-size: 10pt; font-family: Verdana; color: #000000; background-color: transparent; font-weight: normal; font-style: normal; text-decoration: none; vertical-align: baseline\"> b\u0119dziemy mieli  spor\u0105 dawk\u0119 niech\u0119ci, m\u00f3wi\u0105c delikatnie do opozycji. Ale obserwuj\u0105c  ekonomi\u0119, przygotowania do Euro 2012, bezrobocie, d\u0142ug spo\u0142eczny, jestem  te\u017c coraz bardziej pewny, \u017ce \u017cycie samo rozwi\u0105\u017ce w Polsce du\u017co wi\u0119cej  problem\u00f3w, ni\u017c zrobi to najbardziej leniwa partia, rz\u0105dz\u0105ca ju\u017c teraz  ca\u0142kowicie jednow\u0142adczo. I tylko szkoda mi ludzi, kt\u00f3rzy wyjd\u0105 na ulice i  zn\u00f3w b\u0119d\u0105 nazywani \u015bmierdziuchami, mocherami, p\u00f3\u0142g\u0142\u00f3wkami i \u00a0w og\u00f3le  kompletnie nie umiej\u0105cymi rozezna\u0107, \u017ce przede wszystkim Europa, a potem  dopiero Polska.<\/span><br \/>\n<span style=\"font-size: 11pt; font-family: Arial; color: #000000; background-color: transparent; font-weight: normal; font-style: normal; text-decoration: none; vertical-align: baseline\"><\/span><\/p>\n","protected":false},"excerpt":{"rendered":"<p>Jak d\u0142ugo trwa\u0107 b\u0119dzie pami\u0119\u0107 o Ofiarach smole\u0144skiej katastrofy? Czy zasnuje j\u0105 woal czasu, czy zniknie za wstydliwym uczuciem wy\u015bmiewanych pami\u0119taj\u0105cych i o pami\u0119\u0107 wo\u0142aj\u0105cych, czy te\u017c zatruje j\u0105 agresja nienawidz\u0105cych pami\u0119ci? A mo\u017ce zniknie za wyrzutami sumienia rz\u0105dz\u0105cych, czy mo\u017ce wreszcie rozp\u0142ynie si\u0119 w coraz bardziej oboj\u0119tnym na patriotyczny etos spo\u0142ecze\u0144stwie, przedk\u0142adaj\u0105cym \u201d\u015bwi\u0119ty spok\u00f3j\u201d [&hellip;]<\/p>\n","protected":false},"author":2,"featured_media":0,"comment_status":"open","ping_status":"open","sticky":false,"template":"","format":"standard","meta":[],"categories":[4],"tags":[],"_links":{"self":[{"href":"https:\/\/sporek.com\/blog\/index.php?rest_route=\/wp\/v2\/posts\/252"}],"collection":[{"href":"https:\/\/sporek.com\/blog\/index.php?rest_route=\/wp\/v2\/posts"}],"about":[{"href":"https:\/\/sporek.com\/blog\/index.php?rest_route=\/wp\/v2\/types\/post"}],"author":[{"embeddable":true,"href":"https:\/\/sporek.com\/blog\/index.php?rest_route=\/wp\/v2\/users\/2"}],"replies":[{"embeddable":true,"href":"https:\/\/sporek.com\/blog\/index.php?rest_route=%2Fwp%2Fv2%2Fcomments&post=252"}],"version-history":[{"count":0,"href":"https:\/\/sporek.com\/blog\/index.php?rest_route=\/wp\/v2\/posts\/252\/revisions"}],"wp:attachment":[{"href":"https:\/\/sporek.com\/blog\/index.php?rest_route=%2Fwp%2Fv2%2Fmedia&parent=252"}],"wp:term":[{"taxonomy":"category","embeddable":true,"href":"https:\/\/sporek.com\/blog\/index.php?rest_route=%2Fwp%2Fv2%2Fcategories&post=252"},{"taxonomy":"post_tag","embeddable":true,"href":"https:\/\/sporek.com\/blog\/index.php?rest_route=%2Fwp%2Fv2%2Ftags&post=252"}],"curies":[{"name":"wp","href":"https:\/\/api.w.org\/{rel}","templated":true}]}}