{"id":253,"date":"2010-09-10T01:22:31","date_gmt":"2010-09-10T05:22:31","guid":{"rendered":"http:\/\/sporek.com\/blog\/?p=253"},"modified":"2010-09-10T01:27:09","modified_gmt":"2010-09-10T05:27:09","slug":"nezgrany-duet","status":"publish","type":"post","link":"https:\/\/sporek.com\/blog\/?p=253","title":{"rendered":"Nezgrany duet"},"content":{"rendered":"<p><span style=\"font-size: 11pt; font-family: Arial; color: #000000; background-color: transparent; font-weight: normal; font-style: normal; text-decoration: none; vertical-align: baseline\" id=\"internal-source-marker_0.8512545862039549\"><\/span><span style=\"font-size: 10pt; font-family: Verdana; color: #000000; background-color: transparent; font-weight: normal; font-style: normal; text-decoration: none; vertical-align: baseline\">Dwug\u0142os o propozycji PiSu, aby na\u0142o\u017cy\u0107 podatek na instytucje finansowe, g\u0142\u00f3wnie banki:<\/span><!--more--><span style=\"font-size: 10pt; font-family: Verdana; color: #000000; background-color: transparent; font-weight: normal; font-style: normal; text-decoration: none; vertical-align: baseline\">\u00a0 PiS wyliczy\u0142, \u017ce nak\u0142adaj\u0105c podatek w wysoko\u015bci 0.39% skarb pa\u0144stwa  uzyska oszcz\u0119dno\u015bci rz\u0119du 5 mld z\u0142otych, czyli tyle, ile PO chce  osi\u0105gn\u0105\u0107 przez podniesienie podatku VAT. Podatek ten jest r\u00f3wnie\u017c dobrze  oceniany przez PSL i SLD.<\/span><br \/>\n<span style=\"font-size: 10pt; font-family: Verdana; color: #000000; background-color: transparent; font-weight: normal; font-style: normal; text-decoration: none; vertical-align: baseline\">Wielka  Brytania, Niemcy i Francja same nak\u0142adaj\u0105 ten podatek na banki i  forsuj\u0105 pomys\u0142 obj\u0119cia takim podatkiem banki w ca\u0142ej Unii Europejskiej.<\/span><\/p>\n<p><span style=\"font-size: 10pt; font-family: Verdana; color: #000000; background-color: transparent; font-weight: normal; font-style: normal; text-decoration: none; vertical-align: baseline\">Grzegorz Schetyna:<\/span><br \/>\n<span style=\"font-size: 10pt; font-family: Verdana; color: #000000; background-color: transparent; font-weight: normal; font-style: normal; text-decoration: none; vertical-align: baseline\">\u201eTo jest ciekawe i te\u017c wpisuje si\u0119 w tak\u0105 debat\u0119 i tak\u0105 wsp\u00f3ln\u0105 odpowiedzialno\u015b\u0107 nasz\u0105 za nasz bud\u017cet\u201d. (<\/span><span style=\"font-size: 9pt; font-family: Verdana; color: #000000; background-color: transparent; font-weight: normal; font-style: italic; text-decoration: none; vertical-align: baseline\">Nie b\u0119d\u0119 si\u0119 czepia\u0142 sk\u0142adni, formy, itp<\/span><span style=\"font-size: 10pt; font-family: Verdana; color: #000000; background-color: transparent; font-weight: normal; font-style: normal; text-decoration: none; vertical-align: baseline\">)<\/span><br \/>\n<span style=\"font-size: 10pt; font-family: Verdana; color: #000000; background-color: transparent; font-weight: normal; font-style: normal; text-decoration: none; vertical-align: baseline\">Donald Tusk:<\/span><br \/>\n<span style=\"font-size: 10pt; font-family: Verdana; color: #000000; background-color: transparent; font-weight: normal; font-style: normal; text-decoration: none; vertical-align: baseline\">\u201eJest   absolutnie ba\u0142amutn\u0105 propozycj\u0105, propozycja opozycji, w tym PiSu, \u017ce   mo\u017cna na\u0142o\u017cy\u0107 tak\u0105 op\u0142at\u0119 na banki, dzi\u0119ki kt\u00f3rej zyska si\u0119 wiele, wiele   milard\u00f3w oszcz\u0119dno\u015bci\u201d.<\/span><span style=\"font-size: 10pt; font-family: Verdana; color: #000000; background-color: transparent; font-weight: normal; font-style: normal; text-decoration: none; vertical-align: baseline\">Wio, koniku!!<\/span><br \/>\n<span style=\"font-size: 10pt; font-family: Verdana; color: #000000; background-color: transparent; font-weight: normal; font-style: normal; text-decoration: none; vertical-align: baseline\">-Ale, jak mam jecha\u0107, kiedy wo\u017anic\u00f3w tylu i ci\u0105gna w r\u00f3\u017cne strony?<\/span><\/p>\n","protected":false},"excerpt":{"rendered":"<p>Dwug\u0142os o propozycji PiSu, aby na\u0142o\u017cy\u0107 podatek na instytucje finansowe, g\u0142\u00f3wnie banki:<\/p>\n","protected":false},"author":2,"featured_media":0,"comment_status":"open","ping_status":"open","sticky":false,"template":"","format":"standard","meta":[],"categories":[4],"tags":[],"_links":{"self":[{"href":"https:\/\/sporek.com\/blog\/index.php?rest_route=\/wp\/v2\/posts\/253"}],"collection":[{"href":"https:\/\/sporek.com\/blog\/index.php?rest_route=\/wp\/v2\/posts"}],"about":[{"href":"https:\/\/sporek.com\/blog\/index.php?rest_route=\/wp\/v2\/types\/post"}],"author":[{"embeddable":true,"href":"https:\/\/sporek.com\/blog\/index.php?rest_route=\/wp\/v2\/users\/2"}],"replies":[{"embeddable":true,"href":"https:\/\/sporek.com\/blog\/index.php?rest_route=%2Fwp%2Fv2%2Fcomments&post=253"}],"version-history":[{"count":0,"href":"https:\/\/sporek.com\/blog\/index.php?rest_route=\/wp\/v2\/posts\/253\/revisions"}],"wp:attachment":[{"href":"https:\/\/sporek.com\/blog\/index.php?rest_route=%2Fwp%2Fv2%2Fmedia&parent=253"}],"wp:term":[{"taxonomy":"category","embeddable":true,"href":"https:\/\/sporek.com\/blog\/index.php?rest_route=%2Fwp%2Fv2%2Fcategories&post=253"},{"taxonomy":"post_tag","embeddable":true,"href":"https:\/\/sporek.com\/blog\/index.php?rest_route=%2Fwp%2Fv2%2Ftags&post=253"}],"curies":[{"name":"wp","href":"https:\/\/api.w.org\/{rel}","templated":true}]}}