{"id":254,"date":"2010-09-16T00:59:24","date_gmt":"2010-09-16T04:59:24","guid":{"rendered":"http:\/\/sporek.com\/blog\/?p=254"},"modified":"2010-09-16T15:22:31","modified_gmt":"2010-09-16T19:22:31","slug":"spradzian","status":"publish","type":"post","link":"https:\/\/sporek.com\/blog\/?p=254","title":{"rendered":"Sprawdzian"},"content":{"rendered":"<p><span style=\"font-size: 10pt; font-family: Verdana; color: #000000; background-color: transparent; font-weight: normal; font-style: normal; text-decoration: none; vertical-align: baseline\" id=\"internal-source-marker_0.9377885017468776\">Akhmed  Zakayev, premier Czeczenii na uchod\u017actwie jest \u015bcigany listem go\u0144czym,  wystawionym przez Rosj\u0119 dziesi\u0119\u0107 lat temu. Zosta\u0142 z zarzut\u00f3w oczyszczony  przez s\u0105dy Danii i Wielkiej Brytanii. By\u0142 w Polsce od tego czasu  kilkakrotnie i problem\u00f3w nie by\u0142o. <\/span><!--more--><span style=\"font-size: 10pt; font-family: Verdana; color: #000000; background-color: transparent; font-weight: normal; font-style: normal; text-decoration: none; vertical-align: baseline\" id=\"internal-source-marker_0.9377885017468776\">Teraz zapowiedziany jest jego udzia\u0142 w  Zje\u017adzie Czeczen\u00f3w, kt\u00f3ry ma si\u0119 odby\u0107 w Polsce. Polski urz\u0105d  emigracyjny wyda\u0142 mu wiz\u0119&#8230;9 wrze\u015bnia. Wyda\u0142, mimo, i\u017c zaostrzone s\u0105  rygory obowi\u0105zuj\u0105ce przy wydawaniu tego dokumentu; bada sie przecie\u017c  przesz\u0142o\u015b\u0107 cz\u0142owieka, mi\u0119dzy innymi to w\u0142a\u015bnie, czy nie jest \u015bcigany  mi\u0119dzynarodowym listem go\u0144czym. Urz\u0105d ma na to czterna\u015bcie dni, zanim  wyda decyzj\u0119. decyzja by\u0142a pozytywna, Zakayev otrzyma\u0142 wiz\u0119 i&#8230;rzecznik  Komendy G\u0142\u00f3wnej Policji wydaje o\u015bwiadczenie, \u017ce zostanie on zatrzymany,  bo to list&#8230;z Interpolu, rzecznik Prokuratury Genralnej RP wydaje  takie samo o\u015bwiadczenie. Czy ten kraj jest normalny? Lis robi program o  krzy\u017cu i kpi ze wszystkiego, co z tym zwi\u0105zane, ale milczy o d\u0142ugu  narodowym i zbli\u017caj\u0105cej sie katastrofie ekonomicznej; Schetyna m\u00f3wi, \u017ce  podoba mu si\u0119 pomys\u0142 z kandydatur\u0105 prezydenta Gdyni, Karnowskiego, Tusk,  ze mu sie nie podoba. Kto rz\u0105dzi nasz\u0105 Ojczyzn\u0105, na mi\u0142y B\u00f3g?<\/span><br \/>\n<span style=\"font-size: 10pt; font-family: Verdana; color: #000000; background-color: transparent; font-weight: normal; font-style: normal; text-decoration: none; vertical-align: baseline\">List  z Interpolu? To co Zakayev robi w Anglii? Przecie\u017c maj\u0105 go na  przys\u0142owiowym widelcu. A on tam mieszka. Dlaczego Rosja tak stanowczo  nie przyciska Anglii o wydanie go, a nagle minister spraw zagranicznych  Rosji wyra\u017ca nadziej\u0119, \u017ce polskie w\u0142adze wyka\u017c\u0105 si\u0119  \u201codpowiedzialno\u015bci\u0105\u201d. Czy kto\u015b z polskich w\u0142adz &#8211; nie m\u00f3wi\u0119 o opozycji &#8211;  wyrazi\u0142 kiedy\u015b g\u0142o\u015bno nadziej\u0119, \u017ce w\u0142adze Rosji wyka\u017c\u0105 si\u0119  odpowiedzialno\u015bci\u0105 w sprawie \u015bledztwa dotycz\u0105cego katastrofy pod  Smole\u0144skiem? Trzy lata temu Zakayev w telewizji polskiej przytoczy\u0142  kilka liczb: W Czeczenii wymordowano ponad 250 tysi\u0119cy doros\u0142ych,  cywilnych obywateli. Zamordowano ponad 42 tysi\u0105ce dzieci; male\u0144kich i  cztero, pi\u0119cio, siedmioletnich, ale te\u017c i dziesi\u0119cio i dwunastoletnich.<\/span><br \/>\n<span style=\"font-size: 10pt; font-family: Verdana; color: #000000; background-color: transparent; font-weight: normal; font-style: normal; text-decoration: none; vertical-align: baseline\">Organizatorzy  zjazdu Czeczen\u00f3w obawiaj\u0105 si\u0119, \u017ce polskie w\u0142adze zatrzymaj\u0105 Zakayeva.  Wtedy b\u0119dzie przekazany prokuraturze. I co dalej? Do Londynu, czy do  Rosji? Wczoraj premier Tusk powiedzia\u0142 w tej sprawie co\u015b, co nasun\u0119\u0142o mi  w\u0105tpliwo\u015bci, czy ten cz\u0142owiek w og\u00f3le (pomijam fakt, \u017ce podobno jest  historykiem) ma poj\u0119cie, co si\u0119 dzieje na \u015bwiecie, co si\u0119 sta\u0142o i dzieje  w Czeczenii. Oto s\u0142owa Donalda Tuska:<\/span><br \/>\n<span style=\"font-size: 10pt; font-family: Verdana; color: #000000; background-color: transparent; font-weight: normal; font-style: italic; text-decoration: none; vertical-align: baseline\">\u201eNa  pewno jest tu wskazany umiar i zdrowy rozs\u0105dek. &#8230;Nie chcia\u0142bym, \u017ceby  hm.., bo czasami te\u017c spotykam polskich polityk\u00f3w, kt\u00f3rzy chcieliby psu\u0107  relacje polsko-rosyjskie, jakby przesadnie akcentuj\u0105c kwestie  czecze\u0144skie\u201d.<\/span><span style=\"font-size: 10pt; font-family: Verdana; color: #000000; background-color: transparent; font-weight: normal; font-style: normal; text-decoration: none; vertical-align: baseline\"> (wypowied\u017a zacytowana s\u0142owo w s\u0142owo, \u0142\u0105cznie z tym \u201chm&#8230;\u201d)<\/span><br \/>\n<span style=\"font-size: 10pt; font-family: Verdana; color: #000000; background-color: transparent; font-weight: normal; font-style: normal; text-decoration: none; vertical-align: baseline\">&#8222;Przesadnie  akcentowa\u0107 kwestie czecze\u0144skie&#8221;? A c\u00f3\u017c to znaczy? \u201c&#8230;Psu\u0107 relacje  polsko-rosyjskie&#8230;\u201d? Pan historyk zapomnia\u0142, \u017ce dla utrzymania dobrych  relacji z Rosj\u0105 Churchill i Roosevelt oddali Polsk\u0119 Stalinowi? Czy ja  s\u0142ysza\u0142em premiera Polski, czy jakiej\u015b republiki rosyjskiej? Premiera  Polski, kt\u00f3ra domaga si\u0119 uznania mordu katy\u0144skiego za ludob\u00f3jstwo, a  kt\u00f3ry to premier ma za nic \u015bmier\u0107 \u0107wierci miliona ludzi?<\/span><br \/>\n<span style=\"font-size: 10pt; font-family: Verdana; color: #000000; background-color: transparent; font-weight: normal; font-style: normal; text-decoration: none; vertical-align: baseline\">Czym  dla naszego premiera jest wi\u0119c \u015bmier\u0107 250 tysi\u0119cy niewinnych, cywilnych  ludzi, czym dla niego jest \u015bmier\u0107 ponad 40 tysi\u0119cy niewinnych dzieci?  Niech mnie kto\u015b uszczypnie, bo nie mog\u0119 uwierzy\u0107, \u017ce s\u0142ysza\u0142em to od  cz\u0142owieka, kt\u00f3ry 7 kwietnia polecia\u0142 uczci\u0107 pami\u0119\u0107 polskich oficer\u00f3w?  Czy na pewno? A mo\u017ce chodzi\u0142o tylko o przechadzk\u0119 po lesie katy\u0144skim?<\/span><br \/>\n<span style=\"font-size: 10pt; font-family: Verdana; color: #000000; background-color: transparent; font-weight: normal; font-style: normal; text-decoration: none; vertical-align: baseline\">\u017baden  z kraj\u00f3w europejskich w ci\u0105gu dziesi\u0119ciu lat jego przymusowej emigracji  nie zatrzyma\u0142 Zakayeva. Dzisiaj, 16 wrze\u015bnia, 2010 b\u0119dzie dniem  sprawdzianu polskiej lojalno\u015bci wzgl\u0119dem Rosji. Ali\u015bci wola\u0142bym, \u017ceby  by\u0142 sprawdzianem lojalno\u015bci wobec sprawiedliwo\u015bci, wobec norwidowskiego  \u201ctak za tak; nie za nie &#8211; bez \u015bwiat\u0142ocienia\u201d, bez niedom\u00f3wie\u0144.<\/span><br \/>\n<span style=\"font-size: 10pt; font-family: Verdana; color: #000000; background-color: transparent; font-weight: normal; font-style: normal; text-decoration: none; vertical-align: baseline\">Ciekaw  jestem, jak\u0105 ksi\u0105\u017ck\u0119 pan premier ostatnio przeczyta\u0142? Kiedy si\u0119gn\u0105\u0142 po  klasyk\u00f3w, kiedy odwiedzi\u0142 Norwida, Mickiewicza, S\u0142owackiego,  Sienkiewicza? Czy w og\u00f3le wie kim by\u0142 Herbert?<\/span><br \/>\n<span style=\"font-size: 10pt; font-family: Verdana; color: #000000; background-color: transparent; font-weight: normal; font-style: normal; text-decoration: none; vertical-align: baseline\">Boj\u0119  si\u0119 kompromitacji Polski i powt\u00f3rz\u0119: Zakayev by\u0142 w Polsce kilkakrotnie,  ale w\u0142a\u015bnie teraz wyra\u017ane wytyczne da\u0142 minister spraw zagranicznych  Rosji, z kt\u00f3r\u0105 nie nale\u017cy \u201cpsu\u0107 stosunk\u00f3w\u201d, czytaj &#8211; kt\u00f3rej nie powinno  si\u0119 m\u00f3wi\u0107 prawdy w oczy, ani o Czeczeni, ani o Smole\u0144sku. Wdowa po  Januszu Kurtyce, kt\u00f3ra wczoraj pojecha\u0142a do Smole\u0144ska \u00a0z synami znalaz\u0142a  w miejscu katastrofy cz\u0119\u015b\u0107 samolotu. Male\u0144k\u0105, ale jak\u017ce wielk\u0105 w  kontek\u015bcie podobno \u201cprzekopanej do jednego metra g\u0142\u0119boko\u015bci i przesianej  ziemi\u201d &#8211; (min. Kopacz, kilka dni po katastrofie). Sieroty po Prezesie  IPN mog\u0142y na w\u0142asne oczy zobaczy\u0107, jak&#8230;niezabezpieczony jest teren,  jak pod go\u0142ym niebem rdzewieje wrak samolotu. W tym pot\u0119\u017cnym pa\u0144stwie od  pi\u0119ciu miesi\u0119cy nie znaleziono wystarczaj\u0105co du\u017cej p\u0142achty brezentu,  aby przykry\u0107 t\u0119, rozerwan\u0105 na strz\u0119py lataj\u0105c\u0105 trumn\u0119 polskich elit.<\/span><br \/>\n<span style=\"font-size: 10pt; font-family: Verdana; color: #000000; background-color: transparent; font-weight: normal; font-style: normal; text-decoration: none; vertical-align: baseline\">Polski  rz\u0105d nie widzi i nie czuje kpiny, jak\u0105 okazuje nam wszystkim rz\u0105d  Rosji. M\u00f3wi\u0142 o tym prof. Kuchner z USA, kt\u00f3ry by\u0142 kilka dni temu w  Polsce. M\u00f3wi\u0142, \u017ce wystawienie wraku samolotu na dzia\u0142ania warunk\u00f3w  atmosferycznych przyspiesza rdzewienie, a tym samym zmniejsza mo\u017cliwo\u015bci  dochodzeniowe. Rosjanie wiedz\u0105, co robi\u0105. Polski rz\u0105d wmawia narodowi,  \u017ce s\u0105siedzi dzia\u0142aj\u0105 wyj\u0105tkowo sprawnie, wyj\u0105tkowo dobrze.<\/span><br \/>\n<span style=\"font-size: 10pt; font-family: Verdana; color: #000000; background-color: transparent; font-weight: normal; font-style: normal; text-decoration: none; vertical-align: baseline\">I to naprawd\u0119 jest prawda. Tyle, \u017ce w drug\u0105 stron\u0119.<\/span><\/p>\n","protected":false},"excerpt":{"rendered":"<p>Akhmed Zakayev, premier Czeczenii na uchod\u017actwie jest \u015bcigany listem go\u0144czym, wystawionym przez Rosj\u0119 dziesi\u0119\u0107 lat temu. Zosta\u0142 z zarzut\u00f3w oczyszczony przez s\u0105dy Danii i Wielkiej Brytanii. By\u0142 w Polsce od tego czasu kilkakrotnie i problem\u00f3w nie by\u0142o.<\/p>\n","protected":false},"author":2,"featured_media":0,"comment_status":"open","ping_status":"open","sticky":false,"template":"","format":"standard","meta":[],"categories":[4],"tags":[],"_links":{"self":[{"href":"https:\/\/sporek.com\/blog\/index.php?rest_route=\/wp\/v2\/posts\/254"}],"collection":[{"href":"https:\/\/sporek.com\/blog\/index.php?rest_route=\/wp\/v2\/posts"}],"about":[{"href":"https:\/\/sporek.com\/blog\/index.php?rest_route=\/wp\/v2\/types\/post"}],"author":[{"embeddable":true,"href":"https:\/\/sporek.com\/blog\/index.php?rest_route=\/wp\/v2\/users\/2"}],"replies":[{"embeddable":true,"href":"https:\/\/sporek.com\/blog\/index.php?rest_route=%2Fwp%2Fv2%2Fcomments&post=254"}],"version-history":[{"count":0,"href":"https:\/\/sporek.com\/blog\/index.php?rest_route=\/wp\/v2\/posts\/254\/revisions"}],"wp:attachment":[{"href":"https:\/\/sporek.com\/blog\/index.php?rest_route=%2Fwp%2Fv2%2Fmedia&parent=254"}],"wp:term":[{"taxonomy":"category","embeddable":true,"href":"https:\/\/sporek.com\/blog\/index.php?rest_route=%2Fwp%2Fv2%2Fcategories&post=254"},{"taxonomy":"post_tag","embeddable":true,"href":"https:\/\/sporek.com\/blog\/index.php?rest_route=%2Fwp%2Fv2%2Ftags&post=254"}],"curies":[{"name":"wp","href":"https:\/\/api.w.org\/{rel}","templated":true}]}}