{"id":257,"date":"2010-09-21T00:13:32","date_gmt":"2010-09-21T04:13:32","guid":{"rendered":"http:\/\/sporek.com\/blog\/?p=257"},"modified":"2010-09-21T00:13:32","modified_gmt":"2010-09-21T04:13:32","slug":"dzien-niespodzianek-2","status":"publish","type":"post","link":"https:\/\/sporek.com\/blog\/?p=257","title":{"rendered":"Dzie\u0144 niespodzianek"},"content":{"rendered":"<p><span style=\"font-size: 10pt; font-family: Verdana; color: #000000; background-color: transparent; font-weight: normal; font-style: normal; text-decoration: none; vertical-align: baseline\" id=\"internal-source-marker_0.921670241633834\"><\/span><span style=\"font-size: 10pt; font-family: Verdana; color: #000000; background-color: transparent; font-weight: normal; font-style: normal; text-decoration: none; vertical-align: baseline\">Informacje z Polski (Tele Express, Wiadomo\u015bci), artyku\u0142 w New York Times i audycja w NPR &#8211; National Public Radio &#8211; USA.<\/span><span style=\"font-size: 10pt; font-family: Verdana; color: #000000; background-color: transparent; font-weight: normal; font-style: normal; text-decoration: none; vertical-align: baseline\"> Trzy \u017ar\u00f3d\u0142a informacji zaskoczy\u0142y mnie kompletnie i wszystkie trzy na plus.<\/span><!--more--><br \/>\n<span style=\"font-size: 10pt; font-family: Verdana; color: #000000; background-color: transparent; font-weight: normal; font-style: normal; text-decoration: none; vertical-align: baseline\">Polska  nie odda\u0142a Zakayeva Rosjanom. Aktor &#8211; premier Czeczenii jest ju\u017c w  Londynie. S\u0105d, powo\u0142uj\u0105c si\u0119 na szereg dokument\u00f3w prawa mi\u0119dzynarodowego  oddali\u0142 wniosek Prokuratury Rejonowej o aresztowanie i zdecydowa\u0142  wypusci\u0107 czecze\u0144skiego przyw\u00f3dc\u0119 na wychod\u017actwie, zwracaj\u0105c mu wolno\u015b\u0107.  To niezwykle pozytywny moment w polskiej demokracji. W\u0142asnie dzisiaj, 20  wrze\u015bnia prokuratura rosyjska przes\u0142a\u0142a do Polski wniosek o przekazanie  Rosji Zakayeva. Figa z makiem. Na szcz\u0119\u015bcie Zakayev jest ju\u017c w  Londynie. Opu\u015bci\u0142 Polsk\u0119, bo sko\u0144czy\u0142a mu si\u0119 wiza. O\u015bwiadczenie  polskiego ministra sprawiedliwo\u015bci by\u0142o niesamowite; mocne, odwa\u017cne i  pe\u0142ne determinacji: \u201c&#8230;Nikt, ani premier, ani minister sprawiedliwo\u015bci  nie ma wp\u0142ywu na decyzje polskich s\u0105d\u00f3w w \u017cadnym zakresie&#8230;\u201d.<\/span><br \/>\n<span style=\"font-size: 10pt; font-family: Verdana; color: #000000; background-color: transparent; font-weight: normal; font-style: normal; text-decoration: none; vertical-align: baseline\">To  co\u015b niezwyk\u0142ego, co warte jest odnotowania. A wi\u0119c \u201csprawdzian\u201d, o  kt\u00f3rym m\u00f3wi\u0142o si\u0119 te\u017c w Polsce (nie tylko na moim blogu) wyszed\u0142 na  celuj\u0105co. Jestem pod wra\u017ceniem orzeczenia s\u0105du, jak i wyst\u0105pienia min.  Kwiatkowskiego. <\/span><br \/>\n<span style=\"font-size: 10pt; font-family: Verdana; color: #000000; background-color: transparent; font-weight: normal; font-style: normal; text-decoration: none; vertical-align: baseline\">New  York Times, z kolei zaskoczy\u0142 mnie znakomitym artyku\u0142em na temat wizyty  Benedykta XVI w Anglii: \u201cPapie\u017c i t\u0142umy\u201d. Jeden z moich korespondent\u00f3w  e-mailowych, kt\u00f3ry te\u017c przes\u0142a\u0142 mi t\u0119 informacj\u0119 zasugerowa\u0142 nawet, czy  przypadkiem \u201ccenzor nie zaspa\u0142?\u201d Dobre pytanie, bo artyku\u0142 jest istotnie  niezwyczajny. Autor, Ross Douthat nie tylko przytacza liczby: 85  tysi\u0119cy na modlitwie w Londynie, 125 tysi\u0119cy na ulicach Edynburga i 50  tysi\u0119cy w Birmingham, podczas beatyfikacji Johna Henry\u2019ego Newmana, &#8211;  wiktoriania, kt\u00f3ry odszed\u0142 z ko\u015bcio\u0142a anglika\u0144skiego podkre\u015bla, \u017ce  zgromadzeni ludzie przybyli odda\u0107 ho\u0142d i szacunek Papie\u017cowi i roli, jak\u0105  watyka\u0144ski urz\u0105d ko\u015bcielny odgrywa w katolicy\u017amie od 2000 lat. Ross  Douthat poszed\u0142 nawet dalej udowadniaj\u0105c, \u017ce reformy w ko\u015bciele  protestanckim nie przysporzy\u0142y mu wiernych, wr\u0119cz odwrotnie, natomiast  ko\u015bci\u00f3\u0142 katolicki trwaj\u0105c przy swoich zasadach i nie przyjmuj\u0105c reform  typu zniesienie celibatu itp. stoi mocno na nogach i rozszerza swoje  wp\u0142ywy. Przyznaje, \u017ce molestowania seksualne przynios\u0142y ko\u015bcio\u0142owi sporo  problem\u00f3w, ale te\u017c wspomina wypowied\u017a Newsweeka z pocz\u0105tku tego roku,  kt\u00f3ra stwierdza stanowczo, \u017ce nie ma dowod\u00f3w na to, jakoby procent  seksualnych wypacze\u0144 by\u0142 wi\u0119kszy w\u015br\u00f3d ksi\u0119\u017cy, ni\u017c jest w\u015br\u00f3d \u201ccywil\u00f3w\u201d,  albo, \u017ce \u017conaci m\u0119\u017cczy\u017ani maj\u0105 mniejsze sk\u0142onno\u015bci do pedofilii, ni\u017c  ksi\u0119\u017ca. To, co bardziej zaszkodzi\u0142o ko\u015bcio\u0142owi, to obawy ko\u015bcielnej  hierarchii przed publicznym pot\u0119pieniem konkretnych ksi\u0119\u017cy. Ale w\u0142a\u015bnie  Benedykt XVI mia\u0142 na ten temat kilka niezwykle ostrych wypowiedzi  pot\u0119piaj\u0105cych zar\u00f3wno ksi\u0119\u017cy za ich przest\u0119pstwa, jak i hierarch\u00f3w za  milczenie. Pozdrowienie i b\u0142ogos\u0142awie\u0144stwo dla brytyjskich polityk\u00f3w  dokonane przez Papie\u017ca w kr\u00f3lewskiej komnacie, w kt\u00f3rej pi\u0119\u0107 wiek\u00f3w temu  skazany zosta\u0142 na \u015bmier\u0107 Sir Thomas More, za przeciwstawienie si\u0119  reformom Henryka VIII, autor artyku\u0142u nazywa \u201cnadzwyczaj niezwyk\u0142ym  momentem\u201d i przypomnieniem, \u017ce Katolicyzm przetrwa\u0142 wszsytkie z\u0142e czasy.  Czasy, w kt\u00f3rych spada\u0142y korony, upada\u0142y kr\u00f3lestwa, gin\u0119\u0142y narody i  niekt\u00f3re cywilizacje. I ko\u0144czy puent\u0105, kt\u00f3ra na \u0142amach NYT jest wr\u0119cz  szokuj\u0105ca:<\/span><br \/>\n<span style=\"font-size: 10pt; font-family: Verdana; color: #000000; background-color: transparent; font-weight: normal; font-style: normal; text-decoration: none; vertical-align: baseline\">T\u0142umy  witaj\u0105ce i towarzysz\u0105ce Papie\u017cowi w Londynie, Edynburgu, przyby\u0142y tam,  aby podzi\u0119kowa\u0107 za to, \u017ce mimo pi\u0119ciu wiek\u00f3w faktycznego niszczenia  wiary katolickiej w Anglii, ta wiara nadal pozostaje mocna dla ponad  pi\u0119ciu milion\u00f3w Brytyjczyk\u00f3w. <\/span><br \/>\n<span style=\"font-size: 10pt; font-family: Verdana; color: #000000; background-color: transparent; font-weight: normal; font-style: normal; text-decoration: none; vertical-align: baseline\">I  ostatnia, mi\u0142a niespodzianka: Wczesnym rankiem dzwoni telefon. To aktor  z Polski, Marek Probosz, m\u00f3j by\u0142y wychowanek w zespole dzieci\u0119cym  \u201cPrzygoda\u201d, w Rybniku. Marek gra\u0142 Rotmistrza Pileckiego, w filmie o tym  niezwyk\u0142ym bohaterze, gra\u0142 te\u017c w \u201cM, Jak mi\u0142o\u015b\u0107\u201d i wielu innych filmach.<\/span><br \/>\n<span style=\"font-size: 10pt; font-family: Verdana; color: #000000; background-color: transparent; font-weight: normal; font-style: normal; text-decoration: none; vertical-align: baseline\">Nied\u0142ugo  przylatuje do Stan\u00f3w i chcia\u0142 um\u00f3wi\u0107 si\u0119 na spotkanie. W rozmowie o  wszystkim wysz\u0142o, \u017ce w radiu publicznym (National Public Radio), zosta\u0142a  nagrana audycja o Rotmistrzu Pileckim, z jego udzia\u0142em. Emisja tego  programu by\u0142a, niestety w sobot\u0119, 18 wrze\u015bnia. Pech chcia\u0142, \u017ce tego dnia  od rana siedzia\u0142em na konferencji szkoleniowej dyrektor\u00f3w Unii  Kredytowej. NPR s\u0142ucham codziennie, gdy tylko jad\u0119 samochodem. To radio  wyj\u0105tkowo jest mi bliskie, cho\u0107by dlatego, \u017ce kilka lat temu zrobiono  bardzo dlugi wywiad ze mn\u0105 o mojej dzia\u0142alno\u015bci w dziedzinie promocji  polskiej kultury muzycznej w Stanach. Natomiast w lutym tego roku  wypowiada\u0142em si\u0119 tam z okazji pierwszego z serii koncert\u00f3w  chopinowskich, jakie robi\u0142em w Centrum Polsko-S\u0142owia\u0144skim. <\/span><br \/>\n<span style=\"font-size: 10pt; font-family: Verdana; color: #000000; background-color: transparent; font-weight: normal; font-style: normal; text-decoration: none; vertical-align: baseline\">Rotmistrz  Pilecki, to jeden z najwi\u0119kszych bohater\u00f3w II Wojny \u015awiatowej.  Dobrowolnie da\u0142 si\u0119 zamkn\u0105\u0107 w obozie koncentracyjnym Aushwitz, sk\u0105d  przerzuca\u0142 informacje o losie wi\u0119\u017ani\u00f3w. Po dw\u00f3ch i p\u00f3\u0142 roku uciek\u0142 z i  sta\u0142 si\u0119 pierwszym cz\u0142owiekiem, kt\u00f3ry poinformowa\u0142 \u015bwiat o nieludzkim  traktowaniu przez nazist\u00f3w wi\u0119\u017ani\u00f3w tego obozu. \u00a0Poha\u0144biony przez  komunistycznych zbir\u00f3w, torturowany i zastrzelony strza\u0142em w ty\u0142 g\u0142owy,  zosta\u0142 wrzucony w worku na ziemniaki do wi\u0119ziennego lochu na po\u017carcie  szczurom. Pilecki nie ma grobu i nikt nie wie, gdzie szuka\u0107 jego  szcz\u0105tk\u00f3w. Wstrz\u0105saj\u0105ca historia cz\u0142owieka, kt\u00f3ry maj\u0105c rodzin\u0119, los  wi\u0119\u017ani\u00f3w postawi\u0142 na pierwszym miejscu i zaryzykowa\u0142 \u017cycie, aby by\u0107  naocznym \u015bwiadkiem tego, co ludzie zgotowali ludziom. Je\u015bli kto\u015b nie  ogl\u0105da\u0142 filmu o Rotmistrzu Pileckim, namawiam gor\u0105co. Powinni\u015bmy zna\u0107  takie postaci z naszej historii.<\/span><br \/>\n<span style=\"font-size: 10pt; font-family: Verdana; color: #000000; background-color: transparent; font-weight: normal; font-style: normal; text-decoration: none; vertical-align: baseline\">Jakie\u017c  by\u0142o moje zdziwienie, gdy po powrocie z New Jersey, dok\u0105d uda\u0142em si\u0119 w  sprawie zbli\u017caj\u0105cego si\u0119 koncertu chopinowskiego, w Carnegie Hall, w  poczcie mailowej otrzyma\u0142em korespondencj\u0119 od Pana Piotra, kt\u00f3ry  \u201cpodrzuci\u0142\u201d mi link do tej audycji, jak i do artyku\u0142u w NYT. Artyku\u0142 ju\u017c  czyta\u0142em raniutko, ale audycja to by\u0142 prezent niezwyk\u0142y, bo  telepatyczny. By\u0142em w szoku; poranna rozmowa z Markiem, podwieczorny  e-mail od Pana Piotra &#8211; DZIEKUJE.<\/span><br \/>\n<span style=\"font-size: 10pt; font-family: Verdana; color: #000000; background-color: transparent; font-weight: normal; font-style: normal; text-decoration: none; vertical-align: baseline\">Drodzy  Czytelnicy poni\u017cej dwa linki &#8211; og\u00f3lny do radia (z artyku\u0142em  streszczaj\u0105cym audycj\u0119) i do samej audycji. Udzia\u0142 w tej audycji, opr\u00f3cz  Marka Probosza bierze r\u00f3wnie\u017c Alex Storo\u017cy\u0144ski &#8211; szef Fundacji  Ko\u015bciuszkowskiej. Ktokolwiek doprowadzi\u0142 do tego wydarzenia, w\u0142a\u015bnie  teraz, gdy mija 70-ta rocznica desperackiej, nios\u0105cej za sob\u0105 ryzyko  \u015bmierci decyzji kapitana Pileckiego, temu nale\u017c\u0105 si\u0119 wyrazy najwy\u017cszego  uznania. A co\u015b mi m\u00f3wi, \u017ce sta\u0142o sie to przy wydatnym udziale Alexa  Storo\u017cy\u0144skiego. Alex &#8211; chyl\u0119 czo\u0142a i dzi\u0119kuj\u0119.<\/span><br \/>\n<span style=\"font-size: 10pt; font-family: Verdana; color: #000000; background-color: transparent; font-weight: normal; font-style: normal; text-decoration: none; vertical-align: baseline\"><\/span><br \/>\n<span style=\"font-size: 10pt; font-family: Verdana; color: #000000; background-color: transparent; font-weight: normal; font-style: normal; text-decoration: none; vertical-align: baseline\"> <\/span><span style=\"font-size: 10pt; font-family: Verdana; color: #000000; background-color: transparent; font-weight: normal; font-style: normal; text-decoration: none; vertical-align: baseline\">Radio;<\/span><br \/>\n<a href=\"http:\/\/www.npr.org\/templates\/story\/story.php?storyId=129956107\"><span style=\"font-size: 10pt; font-family: Verdana; color: #000099; background-color: transparent; font-weight: normal; font-style: normal; text-decoration: underline; vertical-align: baseline\">http:\/\/www.npr.org\/templates\/story\/story.php?storyId=129956107<\/span><\/a><br \/>\n<span style=\"font-size: 10pt; font-family: Verdana; color: #000000; background-color: transparent; font-weight: normal; font-style: normal; text-decoration: none; vertical-align: baseline\"> <\/span><br \/>\n<span style=\"font-size: 10pt; font-family: Verdana; color: #000000; background-color: transparent; font-weight: normal; font-style: normal; text-decoration: none; vertical-align: baseline\"> <\/span><span style=\"font-size: 10pt; font-family: Verdana; color: #000000; background-color: transparent; font-weight: normal; font-style: normal; text-decoration: none; vertical-align: baseline\">Audycja:<\/span><br \/>\n<a href=\"http:\/\/www.npr.org\/player\/v2\/mediaPlayer.html?action=1&amp;t=1&amp;islist=false&amp;id=129956107&amp;m=129961620\"><span style=\"font-size: 10pt; font-family: Verdana; color: #000099; background-color: transparent; font-weight: normal; font-style: normal; text-decoration: underline; vertical-align: baseline\">http:\/\/www.npr.org\/player\/v2\/mediaPlayer.html?action=1&amp;t=1&amp;islist=false&amp;id=129956107&amp;m=129961620<\/span><\/a><\/p>\n","protected":false},"excerpt":{"rendered":"<p>Informacje z Polski (Tele Express, Wiadomo\u015bci), artyku\u0142 w New York Times i audycja w NPR &#8211; National Public Radio &#8211; USA. Trzy \u017ar\u00f3d\u0142a informacji zaskoczy\u0142y mnie kompletnie i wszystkie trzy na plus.<\/p>\n","protected":false},"author":2,"featured_media":0,"comment_status":"open","ping_status":"open","sticky":false,"template":"","format":"standard","meta":[],"categories":[1],"tags":[],"_links":{"self":[{"href":"https:\/\/sporek.com\/blog\/index.php?rest_route=\/wp\/v2\/posts\/257"}],"collection":[{"href":"https:\/\/sporek.com\/blog\/index.php?rest_route=\/wp\/v2\/posts"}],"about":[{"href":"https:\/\/sporek.com\/blog\/index.php?rest_route=\/wp\/v2\/types\/post"}],"author":[{"embeddable":true,"href":"https:\/\/sporek.com\/blog\/index.php?rest_route=\/wp\/v2\/users\/2"}],"replies":[{"embeddable":true,"href":"https:\/\/sporek.com\/blog\/index.php?rest_route=%2Fwp%2Fv2%2Fcomments&post=257"}],"version-history":[{"count":0,"href":"https:\/\/sporek.com\/blog\/index.php?rest_route=\/wp\/v2\/posts\/257\/revisions"}],"wp:attachment":[{"href":"https:\/\/sporek.com\/blog\/index.php?rest_route=%2Fwp%2Fv2%2Fmedia&parent=257"}],"wp:term":[{"taxonomy":"category","embeddable":true,"href":"https:\/\/sporek.com\/blog\/index.php?rest_route=%2Fwp%2Fv2%2Fcategories&post=257"},{"taxonomy":"post_tag","embeddable":true,"href":"https:\/\/sporek.com\/blog\/index.php?rest_route=%2Fwp%2Fv2%2Ftags&post=257"}],"curies":[{"name":"wp","href":"https:\/\/api.w.org\/{rel}","templated":true}]}}