{"id":260,"date":"2010-10-10T02:26:19","date_gmt":"2010-10-10T06:26:19","guid":{"rendered":"http:\/\/sporek.com\/blog\/?p=260"},"modified":"2010-10-10T02:26:19","modified_gmt":"2010-10-10T06:26:19","slug":"pol-roku","status":"publish","type":"post","link":"https:\/\/sporek.com\/blog\/?p=260","title":{"rendered":"P\u00f3\u0142 roku&#8230;"},"content":{"rendered":"<p><span style=\"font-size: 10pt; font-family: Verdana; color: #000000; background-color: transparent; font-weight: normal; font-style: normal; text-decoration: none; vertical-align: baseline\" id=\"internal-source-marker_0.24290759086857228\"><\/span><br \/>\n<span style=\"font-size: 10pt; font-family: Verdana; color: #000000; background-color: transparent; font-weight: normal; font-style: normal; text-decoration: none; vertical-align: baseline\">\u015amier\u0107  Prezydenta, Lecha Kaczy\u0144skiego, Jego Ma\u0142\u017conki i Elity polskiej polityki  po\u0142\u0105czy\u0142a tysi\u0105ce Polak\u00f3w w b\u00f3lu, \u017calu i rozpaczy.<\/span><br \/>\n<span style=\"font-size: 10pt; font-family: Verdana; color: #000000; background-color: transparent; font-weight: normal; font-style: normal; text-decoration: none; vertical-align: baseline\">Ta  sama \u015bmier\u0107 ukaza\u0142a Polak\u00f3w, kt\u00f3rzy t\u0105 \u015bmierci\u0105 gardz\u0105, wyszydzaj\u0105 j\u0105 i  ods\u0142aniaj\u0105 oblicze, jakiego trudno by\u0142o si\u0119 spodziewa\u0107, gdy obiecywali  mi\u0142o\u015b\u0107, szacunek, tolerancj\u0119.<\/span><!--more--><br \/>\n<span style=\"font-size: 10pt; font-family: Verdana; color: #000000; background-color: transparent; font-weight: normal; font-style: normal; text-decoration: none; vertical-align: baseline\">Wszystko,  o co chcia\u0142bym prosi\u0107 Rodak\u00f3w, to aby nie dali si\u0119 ow\u0142adn\u0105\u0107 upodleniem,  jakie zgotowano Polsce po katastrofie smole\u0144skiej i, aby je dostrzegli.  By nie dali si\u0119 omota\u0107 md\u0142ej retoryce premiera i jego k\u0142amstwom. I  k\u0142amstwom jego ekipy.<\/span><br \/>\n<span style=\"font-size: 10pt; font-family: Verdana; color: #000000; background-color: transparent; font-weight: normal; font-style: normal; text-decoration: none; vertical-align: baseline\">B\u0142agam  Polak\u00f3w, aby uzmys\u0142owili sobie, \u017ce Polska by\u0142a jednym z  najpot\u0119\u017cniejszych kraj\u00f3w, gdy wiara katolicka, patriotyczne i moralne  pryncypia by\u0142y na najwy\u017cszym poziomie. Aby uzmys\u0142owili sobie, \u017ce  odej\u015bcie od tych pryncypi\u00f3w, to by\u0142 komunizm, to by\u0142a niewola pod ruskim  butem.<\/span><br \/>\n<span style=\"font-size: 10pt; font-family: Verdana; color: #000000; background-color: transparent; font-weight: normal; font-style: normal; text-decoration: none; vertical-align: baseline\">Karol Wojty\u0142a, tu\u017c po tym, jak wybrano Go na biskupa Rzymu zapyta\u0142 swojego sekretarza Dziwisza: \u201cStasiu i ty si\u0119 nie dziwisz?\u201d<\/span><br \/>\n<span style=\"font-size: 10pt; font-family: Verdana; color: #000000; background-color: transparent; font-weight: normal; font-style: normal; text-decoration: none; vertical-align: baseline\">Dzi\u015b  wielu dziwi si\u0119, \u017ce Dziwisz nawet na jot\u0119 nie podobny jest do, pono\u0107  tak umi\u0142owanego Ojca \u015awi\u0119tego, ani na setn\u0105 cz\u0119\u015b\u0107 nie przypomina Prymasa  Tysi\u0105clecia. On nie obroni wiary katolickiej w Polsce. Boj\u0119 si\u0119, \u017ce on  nawet nie obroni pami\u0119ci ofiar smole\u0144skiej tragedii.<\/span><br \/>\n<span style=\"font-size: 10pt; font-family: Verdana; color: #000000; background-color: transparent; font-weight: normal; font-style: normal; text-decoration: none; vertical-align: baseline\">Ale  jestem pewien, \u017ce obroni to wszystko Nar\u00f3d. Ten Nar\u00f3d, tak sko\u0142owany  przez polityk\u00f3w w ostatnim czasie, \u017ce a\u017c oboj\u0119tny, wydawa\u0107 by sie mog\u0142o  na wszystko, co dzieje si\u0119 w Ojczy\u017anie. Czy rzeczywi\u015bcie? Nie, on nie  jest oboj\u0119tny, &#8211; on jest zm\u0119czony, um\u0119czony. Ale prawda przebija si\u0119  zawsze przez najpot\u0119\u017cniejsze nawet zapory. Czas. Tylko czasu trzeba. I  cierpliwo\u015bci. A ten Nar\u00f3d pokaza\u0142, \u017ce umie by\u0107 i cierpliwy i  nierychliwy. Ale przychodzi moment, w kt\u00f3rym pi\u0119kne s\u0142\u00f3wka ju\u017c nie robi\u0105  wra\u017cenia. I ten moment nadejdzie. I spadn\u0105 okowy klamstwa i Nar\u00f3d  za\u017c\u0105da prawdy mocniej, ni\u017c kiedykolwiek.<\/span><br \/>\n<span style=\"font-size: 10pt; font-family: Verdana; color: #000000; background-color: transparent; font-weight: normal; font-style: normal; text-decoration: none; vertical-align: baseline\">Dzi\u015b  czcimy pami\u0119\u0107 tych, kt\u00f3rzy byli i zostan\u0105 symbolem suwerenno\u015bci naszej  Ojczyzny, kt\u00f3rych wyszydzano, bo mieli \u201ctak za tak; nie, za nie, bez  \u015bwiat\u0142ocienia\u201d (<\/span><span style=\"font-size: 10pt; font-family: Verdana; color: #000000; background-color: transparent; font-weight: normal; font-style: italic; text-decoration: none; vertical-align: baseline\">Norwid<\/span><span style=\"font-size: 10pt; font-family: Verdana; color: #000000; background-color: transparent; font-weight: normal; font-style: normal; text-decoration: none; vertical-align: baseline\">).<\/span><br \/>\n<span style=\"font-size: 10pt; font-family: Verdana; color: #000000; background-color: transparent; font-weight: normal; font-style: normal; text-decoration: none; vertical-align: baseline\">Jeste\u015bmy  Im winni pami\u0119\u0107 i modlitw\u0119. Ale nie tylko. Jeste\u015bmy Im winni p\u00f3j\u015bcia  Ich drog\u0105. Jeste\u015bmy Im winni mi\u0142o\u015bci do Ojczyzny i walk\u0119 o jej  suwerenno\u015b\u0107. Oni za to zgin\u0119li.<\/span><br \/>\n<span style=\"font-size: 10pt; font-family: Verdana; color: #000000; background-color: transparent; font-weight: normal; font-style: normal; text-decoration: none; vertical-align: baseline\">Oddaj\u0105c  cze\u015b\u0107 Ich pami\u0119ci pragn\u0119, aby Ich wizje trwaly przy nas i prowadzily  nas w lepsz\u0105 \u015bwiadomo\u015b\u0107 bycia Polakiem. Nie Polako-Europejczykiem.<\/span><br \/>\n<span style=\"font-size: 10pt; font-family: Verdana; color: #000000; background-color: transparent; font-weight: normal; font-style: normal; text-decoration: none; vertical-align: baseline\">Niech dobry B\u00f3g da Im wieczny odpoczynek, niech dobry Nar\u00f3d zachowa Ich w pami\u0119ci.<\/span><\/p>\n","protected":false},"excerpt":{"rendered":"<p>\u015amier\u0107 Prezydenta, Lecha Kaczy\u0144skiego, Jego Ma\u0142\u017conki i Elity polskiej polityki po\u0142\u0105czy\u0142a tysi\u0105ce Polak\u00f3w w b\u00f3lu, \u017calu i rozpaczy. Ta sama \u015bmier\u0107 ukaza\u0142a Polak\u00f3w, kt\u00f3rzy t\u0105 \u015bmierci\u0105 gardz\u0105, wyszydzaj\u0105 j\u0105 i ods\u0142aniaj\u0105 oblicze, jakiego trudno by\u0142o si\u0119 spodziewa\u0107, gdy obiecywali mi\u0142o\u015b\u0107, szacunek, tolerancj\u0119.<\/p>\n","protected":false},"author":2,"featured_media":0,"comment_status":"open","ping_status":"open","sticky":false,"template":"","format":"standard","meta":[],"categories":[4],"tags":[],"_links":{"self":[{"href":"https:\/\/sporek.com\/blog\/index.php?rest_route=\/wp\/v2\/posts\/260"}],"collection":[{"href":"https:\/\/sporek.com\/blog\/index.php?rest_route=\/wp\/v2\/posts"}],"about":[{"href":"https:\/\/sporek.com\/blog\/index.php?rest_route=\/wp\/v2\/types\/post"}],"author":[{"embeddable":true,"href":"https:\/\/sporek.com\/blog\/index.php?rest_route=\/wp\/v2\/users\/2"}],"replies":[{"embeddable":true,"href":"https:\/\/sporek.com\/blog\/index.php?rest_route=%2Fwp%2Fv2%2Fcomments&post=260"}],"version-history":[{"count":0,"href":"https:\/\/sporek.com\/blog\/index.php?rest_route=\/wp\/v2\/posts\/260\/revisions"}],"wp:attachment":[{"href":"https:\/\/sporek.com\/blog\/index.php?rest_route=%2Fwp%2Fv2%2Fmedia&parent=260"}],"wp:term":[{"taxonomy":"category","embeddable":true,"href":"https:\/\/sporek.com\/blog\/index.php?rest_route=%2Fwp%2Fv2%2Fcategories&post=260"},{"taxonomy":"post_tag","embeddable":true,"href":"https:\/\/sporek.com\/blog\/index.php?rest_route=%2Fwp%2Fv2%2Ftags&post=260"}],"curies":[{"name":"wp","href":"https:\/\/api.w.org\/{rel}","templated":true}]}}